{"id":252971,"date":"2025-07-17T04:04:20","date_gmt":"2025-07-17T04:04:20","guid":{"rendered":"https:\/\/www.europesays.com\/fr\/252971\/"},"modified":"2025-07-17T04:04:20","modified_gmt":"2025-07-17T04:04:20","slug":"lvmh-cede-son-unique-hotel-aux-etats-unis","status":"publish","type":"post","link":"https:\/\/www.europesays.com\/fr\/252971\/","title":{"rendered":"LVMH c\u00e8de son unique h\u00f4tel aux \u00c9tats-Unis"},"content":{"rendered":"<p>Le num\u00e9ro un mondial du luxe se d\u00e9sengage temporairement du secteur de l&rsquo;h\u00f4tellerie haut de gamme aux USA en se s\u00e9parant de l&rsquo;unique propri\u00e9t\u00e9 am\u00e9ricaine au portefeuille de sa marque Belmond.<\/p>\n<p>LVMH vend son complexe h\u00f4telier Belmond en Californie<\/p>\n<p>Au terme d&rsquo;une vente de <strong>82,2 millions de dollars<\/strong>, LVMH confirme la cession de l&rsquo;h\u00f4tel <strong>Belmond El Encanto<\/strong> situ\u00e9 \u00e0 Santa Barbara, au nord de Los Angeles.\u00a0Le groupe avait acquis cette propri\u00e9t\u00e9 en 2018 dans le cadre du rachat de la soci\u00e9t\u00e9 h\u00f4teli\u00e8re <a href=\"https:\/\/www.journalduluxe.fr\/fr\/lifestyle\/l-hotelier-belmond-lvmh-renforce-sa-collection-de-livres-de-recettes\" target=\"_blank\" rel=\"noopener nofollow\">Belmond<\/a>.<\/p>\n<p>La vente, confirm\u00e9e au d\u00e9but du mois de juillet, s&rsquo;est op\u00e9r\u00e9e en faveur d&rsquo;une structure d&rsquo;investissement n\u00e9e d&rsquo;un partenariat entre la soci\u00e9t\u00e9 <strong>Culver Capital<\/strong> et les fr\u00e8res <strong>Tyler et Justin Mateen<\/strong>, ce dernier \u00e9tant connu pour avoir co-fond\u00e9 l&rsquo;application de rencontre Tinder.\u00a0<\/p>\n<p>Perch\u00e9 sur les hauteurs de la ville avec vue imprenable sur l&rsquo;oc\u00e9an Pacifique, l&rsquo;h\u00f4tel <a href=\"https:\/\/elencanto.com\/\" target=\"_blank\" rel=\"noopener nofollow\">El Encanto Santa Barbara<\/a> a vu le jour en 1918 et est r\u00e9put\u00e9 pour avoir accueilli de nombreuses personnalit\u00e9s de l&rsquo;\u00e2ge d&rsquo;or du cin\u00e9ma hollywoodien. Le complexe s&rsquo;\u00e9tend sur plus de trois hectares et rassemble quelque 90 suites et bungalows de style m\u00e9diterran\u00e9en ainsi que plusieurs espaces destin\u00e9s \u00e0 accueillir des \u00e9v\u00e8nements.<\/p>\n<p>Suite \u00e0 cette op\u00e9ration, l&rsquo;\u00e9tablissement rejoint la soixantaine d&rsquo;h\u00f4tels membres de <a href=\"https:\/\/fr.lhw.com\/corporate\/about-us\" target=\"_blank\" rel=\"noopener nofollow\">The Leading Hotels of The World <\/a>aux c\u00f4t\u00e9s entre autres de La Mamounia et du Royal Mansour \u00e0 Marrakech ou encore du Ritz London.<\/p>\n<p>LVMH ne renonce cependant pas compl\u00e8tement \u00e0 l&rsquo;h\u00f4tellerie de prestige aux \u00c9tats-Unis : le groupe de luxe pr\u00e9voit en effet l&rsquo;ouverture d&rsquo;un nouvel \u00e9tablissement sous la banni\u00e8re <strong>Bvlgari Hotels &amp; Resorts<\/strong> \u00e0 Miami Beach, en Floride, \u00e0 l&rsquo;horizon 2028.<\/p>\n","protected":false},"excerpt":{"rendered":"Le num\u00e9ro un mondial du luxe se d\u00e9sengage temporairement du secteur de l&rsquo;h\u00f4tellerie haut de gamme aux USA&hellip;\n","protected":false},"author":2,"featured_media":252972,"comment_status":"","ping_status":"","sticky":false,"template":"","format":"standard","meta":{"footnotes":""},"categories":[1589],"tags":[11,39345,73,1866,2519,7484,12,1864,1865,1863,308],"class_list":{"0":"post-252971","1":"post","2":"type-post","3":"status-publish","4":"format-standard","5":"has-post-thumbnail","7":"category-etats-unis","8":"tag-actualites","9":"tag-belmond","10":"tag-etats-unis","11":"tag-etats-unis-damerique","12":"tag-hotellerie","13":"tag-lvmh","14":"tag-news","15":"tag-united-states","16":"tag-united-states-of-america","17":"tag-us","18":"tag-usa"},"share_on_mastodon":{"url":"https:\/\/pubeurope.com\/@fr\/114866596338869140","error":""},"_links":{"self":[{"href":"https:\/\/www.europesays.com\/fr\/wp-json\/wp\/v2\/posts\/252971","targetHints":{"allow":["GET"]}}],"collection":[{"href":"https:\/\/www.europesays.com\/fr\/wp-json\/wp\/v2\/posts"}],"about":[{"href":"https:\/\/www.europesays.com\/fr\/wp-json\/wp\/v2\/types\/post"}],"author":[{"embeddable":true,"href":"https:\/\/www.europesays.com\/fr\/wp-json\/wp\/v2\/users\/2"}],"replies":[{"embeddable":true,"href":"https:\/\/www.europesays.com\/fr\/wp-json\/wp\/v2\/comments?post=252971"}],"version-history":[{"count":0,"href":"https:\/\/www.europesays.com\/fr\/wp-json\/wp\/v2\/posts\/252971\/revisions"}],"wp:featuredmedia":[{"embeddable":true,"href":"https:\/\/www.europesays.com\/fr\/wp-json\/wp\/v2\/media\/252972"}],"wp:attachment":[{"href":"https:\/\/www.europesays.com\/fr\/wp-json\/wp\/v2\/media?parent=252971"}],"wp:term":[{"taxonomy":"category","embeddable":true,"href":"https:\/\/www.europesays.com\/fr\/wp-json\/wp\/v2\/categories?post=252971"},{"taxonomy":"post_tag","embeddable":true,"href":"https:\/\/www.europesays.com\/fr\/wp-json\/wp\/v2\/tags?post=252971"}],"curies":[{"name":"wp","href":"https:\/\/api.w.org\/{rel}","templated":true}]}}