{"id":252975,"date":"2025-07-17T04:06:10","date_gmt":"2025-07-17T04:06:10","guid":{"rendered":"https:\/\/www.europesays.com\/fr\/252975\/"},"modified":"2025-07-17T04:06:10","modified_gmt":"2025-07-17T04:06:10","slug":"allemagne-les-socialistes-excluent-lafd-de-la-fonction-publique-video","status":"publish","type":"post","link":"https:\/\/www.europesays.com\/fr\/252975\/","title":{"rendered":"Allemagne. Les socialistes excluent l\u2019AfD de la fonction publique [Vid\u00e9o]"},"content":{"rendered":"<p style=\"text-align: justify;\">Depuis le 10 juillet, le gouvernement social-d\u00e9mocrate du Land allemand de Rh\u00e9nanie-Palatinat a renforc\u00e9 les conditions d\u2019acc\u00e8s \u00e0 la fonction publique. D\u00e9sormais, tout candidat devra signer une d\u00e9claration \u00e9crite de fid\u00e9lit\u00e9 \u00e0 la Loi fondamentale allemande et certifier n\u2019avoir appartenu \u00e0 aucune organisation jug\u00e9e \u00ab extr\u00e9miste \u00bb au cours des cinq derni\u00e8res ann\u00e9es. Cette obligation concerne aussi bien les fonctionnaires que les contractuels, notamment dans l\u2019\u00c9ducation ou la police.<\/p>\n<p style=\"text-align: justify;\">La liste des structures concern\u00e9es, \u00e9tablie par l\u2019Office f\u00e9d\u00e9ral de protection de la Constitution, inclura l\u2019AfD. \u00ab Celui qui se met au service de cet \u00c9tat doit \u00e0 tout moment \u00eatre loyal envers la Constitution, sans si ni mais \u00bb, <a href=\"https:\/\/mdi.rlp.de\/service\/pressemitteilungen\/detail\/ebling-verfassungstreue-nicht-nur-ein-lippenbekenntnis\" rel=\"nofollow noopener\" target=\"_blank\">a d\u00e9clar\u00e9<\/a> le ministre de l\u2019Int\u00e9rieur Michael Ebling (SPD). Une simple appartenance \u00e0 un parti ou un groupe class\u00e9 comme extr\u00e9miste pourra entra\u00eener un refus de recrutement, voire une sanction disciplinaire ou une r\u00e9vocation pour les personnels d\u00e9j\u00e0 en poste.<\/p>\n<p><strong>Un dispositif juridico-politique pour filtrer les opinions<\/strong><\/p>\n<p style=\"text-align: justify;\">Pr\u00e9sent\u00e9e comme une r\u00e9ponse \u00e0 la menace des \u00ab ennemis de la Constitution \u00bb, la mesure renforce la coop\u00e9ration entre les administrations et les services de renseignement int\u00e9rieur. Les informations collect\u00e9es pourront \u00eatre utilis\u00e9es dans les proc\u00e9dures de recrutement ou de sanction. Les policiers sont soumis \u00e0 des exigences accrues, y compris dans leur vie priv\u00e9e, afin de ne pas nuire \u00e0 \u00ab la r\u00e9putation de la police \u00bb, selon la nouvelle directive.<\/p>\n<p style=\"text-align: justify;\">La CDU locale s\u2019inqui\u00e8te d\u2019un usage abusif de cette r\u00e9forme \u00e0 des fins partisanes. Son pr\u00e9sident Gordon Schnieder, cit\u00e9 par la cha\u00eene de t\u00e9l\u00e9vison r\u00e9gionale SWR le 10 juillet, d\u00e9plore une initiative isol\u00e9e : \u00ab Au lieu de la s\u00e9curit\u00e9 juridique, Ebling fournit une mise en sc\u00e8ne politique \u00bb. Il rappelle que le ministre lui-m\u00eame avait reconnu la n\u00e9cessit\u00e9 d\u2019un accord avec les autres L\u00e4nder avant de modifier les r\u00e8gles.<\/p>\n<p><strong>L\u2019opposition d\u00e9nonce un harc\u00e8lement politique<\/strong><\/p>\n<p style=\"text-align: justify;\">La r\u00e9action de l\u2019AfD ne s\u2019est pas fait attendre. Le chef du groupe parlementaire r\u00e9gional, Jan Bollinger, a d\u00e9nonc\u00e9 \u00ab un harc\u00e8lement syst\u00e9matique de l\u2019opposition \u00bb et assur\u00e9 que le parti se d\u00e9fendrait \u00ab politiquement et juridiquement \u00bb. Le vice-pr\u00e9sident Sebastian M\u00fcnzenmaier a pour sa part accus\u00e9 le gouvernement de pratiquer \u00ab des m\u00e9thodes antid\u00e9mocratiques \u00bb : \u00ab Au lieu de reproches concrets, chaque membre de l\u2019AfD est d\u00e9sormais soup\u00e7onn\u00e9 de mani\u00e8re g\u00e9n\u00e9rale \u00bb, a-t-il affirm\u00e9.<\/p>\n<p style=\"text-align: justify;\">Les cadres du parti critiquent aussi \u00ab l\u2019inversion de la charge de la preuve \u00bb, impos\u00e9e \u00e0 tout candidat au service public, somm\u00e9 de se justifier en amont. Pour l\u2019AfD, cette r\u00e9forme illustre une d\u00e9rive inqui\u00e9tante : celle d\u2019un \u00c9tat qui exige la loyaut\u00e9 non pas \u00e0 la loi, mais \u00e0 l\u2019id\u00e9ologie du pouvoir en place.<\/p>\n<blockquote class=\"twitter-tweet\">\n<p dir=\"ltr\" lang=\"de\">Der SPD-Innenminister von Rheinland-Pfalz will Berufsverbote f\u00fcr AfD-Mitglieder. Aber das werden wir uns garantiert nicht gefallen lassen.<br \/>Liebe SPD RLP, das ist ein Versprechen: Wir machen euch politisch platt!<\/p>\n<p>TM <a href=\"https:\/\/t.co\/KJSC3rw8Zh\" rel=\"nofollow\">pic.twitter.com\/KJSC3rw8Zh<\/a><\/p>\n<p>\u2014 Sebastian M\u00fcnzenmaier, MdB (@S_Muenzenmaier) <a href=\"https:\/\/twitter.com\/S_Muenzenmaier\/status\/1943284905284374909?ref_src=twsrc%5Etfw\" rel=\"nofollow noopener\" target=\"_blank\">July 10, 2025<\/a><\/p>\n<\/blockquote>\n<p style=\"text-align: justify;\">Cr\u00e9dit photo : DR (photo d\u2019illustration)<br \/>[cc] Breizh-info.com, 2025, d\u00e9p\u00eaches libres de copie et de diffusion sous r\u00e9serve de mention et de lien vers la source d\u2019origine<\/p>\n<p>\t\t\t\t<script async src=\"https:\/\/platform.twitter.com\/widgets.js\" charset=\"utf-8\"><\/script><\/p>\n","protected":false},"excerpt":{"rendered":"Depuis le 10 juillet, le gouvernement social-d\u00e9mocrate du Land allemand de Rh\u00e9nanie-Palatinat a renforc\u00e9 les conditions d\u2019acc\u00e8s \u00e0&hellip;\n","protected":false},"author":2,"featured_media":252976,"comment_status":"","ping_status":"","sticky":false,"template":"","format":"standard","meta":{"footnotes":""},"categories":[1587],"tags":[11,1862,672,1804,1805,1803,1777,674,1273,1801,12,1802,39346],"class_list":{"0":"post-252975","1":"post","2":"type-post","3":"status-publish","4":"format-standard","5":"has-post-thumbnail","7":"category-allemagne","8":"tag-actualites","9":"tag-afd","10":"tag-allemagne","11":"tag-bundesrepublik-deutschland","12":"tag-de","13":"tag-deutschland","14":"tag-eu","15":"tag-europe","16":"tag-fonctionnaires","17":"tag-germany","18":"tag-news","19":"tag-republique-federale-dallemagne","20":"tag-rhenanie"},"share_on_mastodon":{"url":"https:\/\/pubeurope.com\/@fr\/114866604251815138","error":""},"_links":{"self":[{"href":"https:\/\/www.europesays.com\/fr\/wp-json\/wp\/v2\/posts\/252975","targetHints":{"allow":["GET"]}}],"collection":[{"href":"https:\/\/www.europesays.com\/fr\/wp-json\/wp\/v2\/posts"}],"about":[{"href":"https:\/\/www.europesays.com\/fr\/wp-json\/wp\/v2\/types\/post"}],"author":[{"embeddable":true,"href":"https:\/\/www.europesays.com\/fr\/wp-json\/wp\/v2\/users\/2"}],"replies":[{"embeddable":true,"href":"https:\/\/www.europesays.com\/fr\/wp-json\/wp\/v2\/comments?post=252975"}],"version-history":[{"count":0,"href":"https:\/\/www.europesays.com\/fr\/wp-json\/wp\/v2\/posts\/252975\/revisions"}],"wp:featuredmedia":[{"embeddable":true,"href":"https:\/\/www.europesays.com\/fr\/wp-json\/wp\/v2\/media\/252976"}],"wp:attachment":[{"href":"https:\/\/www.europesays.com\/fr\/wp-json\/wp\/v2\/media?parent=252975"}],"wp:term":[{"taxonomy":"category","embeddable":true,"href":"https:\/\/www.europesays.com\/fr\/wp-json\/wp\/v2\/categories?post=252975"},{"taxonomy":"post_tag","embeddable":true,"href":"https:\/\/www.europesays.com\/fr\/wp-json\/wp\/v2\/tags?post=252975"}],"curies":[{"name":"wp","href":"https:\/\/api.w.org\/{rel}","templated":true}]}}