{"id":252977,"date":"2025-07-17T04:07:12","date_gmt":"2025-07-17T04:07:12","guid":{"rendered":"https:\/\/www.europesays.com\/fr\/252977\/"},"modified":"2025-07-17T04:07:12","modified_gmt":"2025-07-17T04:07:12","slug":"les-valeurs-a-suivre-a-paris-et-en-europe-17-07-2025-a-0600","status":"publish","type":"post","link":"https:\/\/www.europesays.com\/fr\/252977\/","title":{"rendered":"Les valeurs \u00e0 suivre \u00e0 Paris et en Europe &#8211; 17\/07\/2025 \u00e0 06:00"},"content":{"rendered":"<p>\n *\n<\/p>\n<p>\n Variation des futures sur indice CAC 40  0#FCE:\n<\/p>\n<p>\n *\n<\/p>\n<p>\n Variation des futures sur indice Stoxx 600  0#FXXP:\n<\/p>\n<p>\n *\n<\/p>\n<p>\n Valeurs qui se traitent ex-dividende  .EX.PA\n<\/p>\n<p>\n *\n<\/p>\n<p>\n Le point sur les march\u00e9s europ\u00e9ens  .EUFR\n<\/p>\n<p>\n Les valeurs \u00e0 suivre jeudi<br \/>\n\u00e0 la Bourse de Paris et en Europe :\n<\/p>\n<p>\n * ADP<br \/>\n <a href=\"https:\/\/www.boursorama.com\/cours\/1rPADP\/\" rel=\"nofollow noopener\" target=\"_blank\"><br \/>\n  ADP.PA<br \/>\n <\/a><br \/>\n a fait \u00e9tat d&rsquo;un trafic Paris A\u00e9roport en<br \/>\nhausse de 4,1% en juin.\n<\/p>\n<p>\n * VIRBAC<br \/>\n <a href=\"https:\/\/www.boursorama.com\/cours\/1rPVIRP\/\" rel=\"nofollow noopener\" target=\"_blank\"><br \/>\n  VIRB.PA<br \/>\n <\/a><br \/>\n a fait \u00e9tat mercredi d&rsquo;une hausse de 5,6%<br \/>\nde son chiffre d&rsquo;affaires au premier semestre \u00e0 taux de change<br \/>\net p\u00e9rim\u00e8tre constants, port\u00e9 par l&rsquo;augmentation concomitante<br \/>\ndes volumes et des prix.\n<\/p>\n<p>\n * PUIG<br \/>\n <a href=\"https:\/\/www.boursorama.com\/cours\/FF55-PUIG\/\" rel=\"nofollow noopener\" target=\"_blank\"><br \/>\n  PUIGb.MC<br \/>\n <\/a><br \/>\n a annonc\u00e9 mercredi que son chiffre<br \/>\nd&rsquo;affaires trimestriel, hors fluctuations mon\u00e9taires, avait<br \/>\naugment\u00e9 de 8% par rapport \u00e0 l&rsquo;ann\u00e9e derni\u00e8re, conform\u00e9ment aux<br \/>\npr\u00e9visions de croissance pour l&rsquo;ensemble de l&rsquo;ann\u00e9e.\n<\/p>\n<p>\n * COATS GROUP<br \/>\n <a href=\"https:\/\/www.boursorama.com\/cours\/1uCOA.L\/\" rel=\"nofollow noopener\" target=\"_blank\"><br \/>\n  COA.L<br \/>\n <\/a><br \/>\n a annonc\u00e9 mercredi qu&rsquo;il allait<br \/>\nracheter le fabricant am\u00e9ricain de semelles int\u00e9rieures<br \/>\nOrthoLite pour 770 millions de dollars, dette comprise.\n<\/p>\n<p>\n * IAG<br \/>\n <a href=\"https:\/\/www.boursorama.com\/cours\/FF55-IAG\/\" rel=\"nofollow noopener\" target=\"_blank\"><br \/>\n  ICAG.L<br \/>\n <\/a><br \/>\n , propri\u00e9taire de British Airways, a d\u00e9clar\u00e9<br \/>\nmercredi qu&rsquo;il investirait dans la compagnie a\u00e9rienne nationale<br \/>\nportugaise TAP et agrandirait son hub principal de Lisbonne si<br \/>\nIAG remportait la course pour acqu\u00e9rir une participation dans la<br \/>\nprivatisation partielle de TAP.\n<\/p>\n<p>\n L&rsquo;AGENDA FRANCE &amp; INTERNATIONAL \u00c0 7 JOURS:<\/p>\n<p> nL8N3T814W\n<\/p>\n<p>\n (R\u00e9dig\u00e9 par Mara V\u00eelcu)<\/p>\n","protected":false},"excerpt":{"rendered":"* Variation des futures sur indice CAC 40 0#FCE: * Variation des futures sur indice Stoxx 600 0#FXXP:&hellip;\n","protected":false},"author":2,"featured_media":64038,"comment_status":"","ping_status":"","sticky":false,"template":"","format":"standard","meta":{"footnotes":""},"categories":[1586],"tags":[400,11,398,408,405,1777,674,1011,27,403,402,399,404,12,25,401,406,407],"class_list":{"0":"post-252977","1":"post","2":"type-post","3":"status-publish","4":"format-standard","5":"has-post-thumbnail","7":"category-europe","8":"tag-action-cac-40","9":"tag-actualites","10":"tag-bourse-de-paris","11":"tag-boursorama","12":"tag-cotations","13":"tag-eu","14":"tag-europe","15":"tag-fr","16":"tag-france","17":"tag-indices-devises","18":"tag-investir","19":"tag-investissement","20":"tag-marche-boursier","21":"tag-news","22":"tag-republique-francaise","23":"tag-sicav","24":"tag-trackers","25":"tag-warrants"},"share_on_mastodon":{"url":"https:\/\/pubeurope.com\/@fr\/114866608117974182","error":""},"_links":{"self":[{"href":"https:\/\/www.europesays.com\/fr\/wp-json\/wp\/v2\/posts\/252977","targetHints":{"allow":["GET"]}}],"collection":[{"href":"https:\/\/www.europesays.com\/fr\/wp-json\/wp\/v2\/posts"}],"about":[{"href":"https:\/\/www.europesays.com\/fr\/wp-json\/wp\/v2\/types\/post"}],"author":[{"embeddable":true,"href":"https:\/\/www.europesays.com\/fr\/wp-json\/wp\/v2\/users\/2"}],"replies":[{"embeddable":true,"href":"https:\/\/www.europesays.com\/fr\/wp-json\/wp\/v2\/comments?post=252977"}],"version-history":[{"count":0,"href":"https:\/\/www.europesays.com\/fr\/wp-json\/wp\/v2\/posts\/252977\/revisions"}],"wp:featuredmedia":[{"embeddable":true,"href":"https:\/\/www.europesays.com\/fr\/wp-json\/wp\/v2\/media\/64038"}],"wp:attachment":[{"href":"https:\/\/www.europesays.com\/fr\/wp-json\/wp\/v2\/media?parent=252977"}],"wp:term":[{"taxonomy":"category","embeddable":true,"href":"https:\/\/www.europesays.com\/fr\/wp-json\/wp\/v2\/categories?post=252977"},{"taxonomy":"post_tag","embeddable":true,"href":"https:\/\/www.europesays.com\/fr\/wp-json\/wp\/v2\/tags?post=252977"}],"curies":[{"name":"wp","href":"https:\/\/api.w.org\/{rel}","templated":true}]}}