{"id":252978,"date":"2025-07-17T04:08:14","date_gmt":"2025-07-17T04:08:14","guid":{"rendered":"https:\/\/www.europesays.com\/fr\/252978\/"},"modified":"2025-07-17T04:08:14","modified_gmt":"2025-07-17T04:08:14","slug":"la-slovaquie-lue-na-pas-encore-approuve-un-nouvel-pacte-de-sanctions-contre-la-russie","status":"publish","type":"post","link":"https:\/\/www.europesays.com\/fr\/252978\/","title":{"rendered":"La Slovaquie : L&rsquo;UE n&rsquo;a pas encore approuv\u00e9 un nouvel pacte de sanctions contre la Russie"},"content":{"rendered":"<p>ARTA &#8211; L\u2019Union europ\u00e9enne n\u2019a pas r\u00e9ussi \u00e0 approuver mercredi un nouvel ensemble de sanctions contre la Russie, alors que la Slovaquie continue de rechercher des concessions li\u00e9es \u00e0 l\u2019approvisionnement en gaz, ont d\u00e9clar\u00e9 \u00e0 Reuters quatre diplomates europ\u00e9ens.<\/p>\n<p>\u2014 La Slovaquie a oppos\u00e9 son veto \u00e0 l\u2019accord sur les sanctions lors d\u2019une r\u00e9union des ambassadeurs des pays de l\u2019UE, ont indiqu\u00e9 des diplomates connaissants des pourparlers.<\/p>\n<p>prononc\u00e9 par la Slovaquie, deux diplomates ont d\u00e9clar\u00e9 que Malte avait \u00e9galement fait plainte.<\/p>\n<p>castique : Le gouvernement slovaque a d\u00e9clar\u00e9 qu\u2019il n\u2019approberait pas les sanctions avant que son pays n\u2019obtiendrait aucune garantie convaincante qu\u2019il ne serait pas nuisible par les plans distinctes de l\u2019Union europ\u00e9enne visant \u00e0 arr\u00eater l\u2019approvisionnement en gaz russe d\u2019ici la fin de 2027.<\/p>\n<p>de r\u00e9siliation du approvisionnement devrait \u00eatre approuv\u00e9 dans l\u2019Union europ\u00e9enne par une majorit\u00e9 des pays renforc\u00e9s, ce qui signifie que la Slovaquie elle-m\u00eame ne peut pas le faire veto. Cependant, les sanctions n\u00e9cessitent une voix unanime.<\/p>\n<p>ronyme : \u00ab Nous consid\u00e9rons cette proposition comme une sanction et il est donc naturel de la lier \u00e0 une proposition de lot de sanctions \u00bb, a d\u00e9clar\u00e9 le Premier ministre slovaque Robert Fico dans une lettre \u00e0 la pr\u00e9sidente de la Commission europ\u00e9enne, Ursula von der Leyen, publi\u00e9e par son bureau mercredi.<\/p>\n<p>an, \u00ab Par cons\u00e9quent, nous esp\u00e9rons que le vote du 18e paquet ne pourra \u00eatre effectu\u00e9 qu\u2019apr\u00e8s que la plupart des risques dans le domaine de l\u2019approvisionnement en gaz \u00e0 partir de 2028 soient r\u00e9solus \u00bb, a-t-il d\u00e9clar\u00e9.<\/p>\n<p>&#8211; Le projet de loi sur les sanctions sera le 18e paquet de mesures similaires contre la Russie lors d\u2019une invasion \u00e0 grande \u00e9chelle de l\u2019Ukraine en 2022.<\/p>\n<p>La Commission, l\u2019organe ex\u00e9cutif de l\u2019Union europ\u00e9enne, a tent\u00e9 de obtenir le soutien de la Slovaquie mardi dans une lettre indiquant qu\u2019elle tenterait de surmonter les pr\u00e9occupations de la Slovaquie.<\/p>\n<p>Fico a d\u00e9clar\u00e9 \u00e0 son tour que les n\u00e9gociations devait se poursuivre pour clarifier les engagements que la Commission pouvait prendre.<\/p>\n<p>castique : la Slovaquie est connue pour continuer \u00e0 importer de l&rsquo;\u00e9nergie russe et est souvent pro-russe contre l&rsquo;Ukraine.<\/p>\n<p>il a fait valoir que la r\u00e9siliation des approvisionnements russes de gaz pourrait causer des p\u00e9nuries, augmenter les prix et les co\u00fbts de transport et d\u00e9clencher des demandes d\u2019indemnisation du fournisseur russe, Gazprom.<\/p>\n<p>Fico a d\u00e9clar\u00e9 mardi que la meilleure solution serait l\u2019exception dans la cessation de l\u2019approvisionnement en \u00e9nergie de la Russie \u00e0 la Slovaquie afin de remplir son contrat valable jusqu\u2019en 2034.<\/p>\n<p>The English, Chinese, Japanese, Arabic, and French versions are automatically generated by the AI. So there may still be inaccuracies in translating, please always see Indonesian as our main language.<br \/>\n                                    (system supported by DigitalSiber.id)<\/p>\n","protected":false},"excerpt":{"rendered":"ARTA &#8211; L\u2019Union europ\u00e9enne n\u2019a pas r\u00e9ussi \u00e0 approuver mercredi un nouvel ensemble de sanctions contre la Russie,&hellip;\n","protected":false},"author":2,"featured_media":252979,"comment_status":"","ping_status":"","sticky":false,"template":"","format":"standard","meta":{"footnotes":""},"categories":[1586],"tags":[11,1777,674,1779,1011,27,12,25,39347,132,39349,10845,1778,39348,364],"class_list":{"0":"post-252978","1":"post","2":"type-post","3":"status-publish","4":"format-standard","5":"has-post-thumbnail","7":"category-europe","8":"tag-actualites","9":"tag-eu","10":"tag-europe","11":"tag-european-union","12":"tag-fr","13":"tag-france","14":"tag-news","15":"tag-republique-francaise","16":"tag-retariat-international","17":"tag-russie","18":"tag-sanctions-de-lunion-europeenne","19":"tag-slovaquie","20":"tag-ue","21":"tag-unie-europeenne","22":"tag-union-europeenne"},"share_on_mastodon":{"url":"https:\/\/pubeurope.com\/@fr\/114866612162848841","error":""},"_links":{"self":[{"href":"https:\/\/www.europesays.com\/fr\/wp-json\/wp\/v2\/posts\/252978","targetHints":{"allow":["GET"]}}],"collection":[{"href":"https:\/\/www.europesays.com\/fr\/wp-json\/wp\/v2\/posts"}],"about":[{"href":"https:\/\/www.europesays.com\/fr\/wp-json\/wp\/v2\/types\/post"}],"author":[{"embeddable":true,"href":"https:\/\/www.europesays.com\/fr\/wp-json\/wp\/v2\/users\/2"}],"replies":[{"embeddable":true,"href":"https:\/\/www.europesays.com\/fr\/wp-json\/wp\/v2\/comments?post=252978"}],"version-history":[{"count":0,"href":"https:\/\/www.europesays.com\/fr\/wp-json\/wp\/v2\/posts\/252978\/revisions"}],"wp:featuredmedia":[{"embeddable":true,"href":"https:\/\/www.europesays.com\/fr\/wp-json\/wp\/v2\/media\/252979"}],"wp:attachment":[{"href":"https:\/\/www.europesays.com\/fr\/wp-json\/wp\/v2\/media?parent=252978"}],"wp:term":[{"taxonomy":"category","embeddable":true,"href":"https:\/\/www.europesays.com\/fr\/wp-json\/wp\/v2\/categories?post=252978"},{"taxonomy":"post_tag","embeddable":true,"href":"https:\/\/www.europesays.com\/fr\/wp-json\/wp\/v2\/tags?post=252978"}],"curies":[{"name":"wp","href":"https:\/\/api.w.org\/{rel}","templated":true}]}}