{"id":252988,"date":"2025-07-17T04:14:10","date_gmt":"2025-07-17T04:14:10","guid":{"rendered":"https:\/\/www.europesays.com\/fr\/252988\/"},"modified":"2025-07-17T04:14:10","modified_gmt":"2025-07-17T04:14:10","slug":"rugby-amateur-pour-les-feminines-de-beziers-le-meilleur-est-a-venir","status":"publish","type":"post","link":"https:\/\/www.europesays.com\/fr\/252988\/","title":{"rendered":"Rugby amateur &#8211; Pour les f\u00e9minines de B\u00e9ziers, le meilleur est \u00e0 venir"},"content":{"rendered":"<p>\n                Autour d&rsquo;une solide base, la section f\u00e9minine de l&rsquo;ASBH progresse. La d\u00e9tection et la formation \u00e9tant toujours associ\u00e9es aux futures r\u00e9ussites aupr\u00e8s d&rsquo;un avenir qui s&rsquo;annonce radieux.\n            <\/p>\n<p>\u00ab\u00a0Il fallait se remettre en selle et que l&rsquo;\u00e9quipe redevienne comp\u00e9titive apr\u00e8s deux saisons compliqu\u00e9es. Nous avions eu un bon d\u00e9part en championnat cette ann\u00e9e, mais nous avons connu un petit trou dans l&rsquo;hiver. Les filles sont sorties contre Colomiers en phase finale et on a pu voir les manques \u00e0 combler pour l&rsquo;avenir.\u00a0\u00bb Le constat est sign\u00e9 Alain Laurent, coordinateur du p\u00f4le f\u00e9minin au sein de l&rsquo;association de l&rsquo;ASBH. Des signes encourageants furent observ\u00e9s tout au long de la comp\u00e9tition aupr\u00e8s de l&rsquo;\u00e9quipe une, tout comme certaines carences \u00e0 corriger pour performer sur la dur\u00e9e. La solidarit\u00e9 et l&rsquo;envie collective ayant fait le reste pour s&rsquo;offrir tout de m\u00eame une qualification. Il poursuit :\u00a0\u00bbOn s&rsquo;appuie sur notre formation locale, avec une vague de cadettes qui vont arriver pour apporter encore plus de profils. Tout le monde au sein du staff s&rsquo;implique pour mettre des bases afin de tendre vers la r\u00e9gularit\u00e9 et de profiter des comp\u00e9tences de chacune.\u00a0\u00bb Avec un nombre de licenci\u00e9s toujours aussi cons\u00e9quent, le r\u00e9servoir ne s&rsquo;amenuise pas et les perspectives restent toujours aussi belles. \u00ab\u00a0Nous veillons \u00e0 ce que les joueuses puissent s&rsquo;\u00e9panouir. Malgr\u00e9 parfois une certaine h\u00e9t\u00e9rog\u00e9n\u00e9it\u00e9, on fait en sorte que la progression soit aussi bien individuelle que collective.\u00a0\u00bb<\/p>\n<p>Une rel\u00e8ve assur\u00e9e<\/p>\n<p>Alors que le club a chang\u00e9 de propri\u00e9taire depuis la reprise op\u00e9r\u00e9e en novembre dernier, la cellule f\u00e9minine tout comme d&rsquo;autres cat\u00e9gories au sein de l&rsquo;association seront impact\u00e9es, avec une volont\u00e9 farouche de rapprochement entre toutes les entit\u00e9s. Alain Laurent pr\u00e9cise, \u00ab\u00a0Nous avons \u00e9t\u00e9 tr\u00e8s heureux de lire dans le premier communiqu\u00e9 des repreneurs qu&rsquo;ils esp\u00e9raient un d\u00e9veloppement de la fili\u00e8re f\u00e9minine au sein de l&rsquo;ASBH. En collaboration avec Christophe Cholet, on sait qu&rsquo;il y aura une dynamique qui va \u00eatre g\u00e9n\u00e9r\u00e9e et qu&rsquo;on fera de notre possible pour mener un projet int\u00e9ressant.\u00a0\u00bb Alors que certaines imbrications s&rsquo;organisent pour que le rugby f\u00e9minin perdure comme il se doit dans le Biterrois, l&rsquo;\u00e9quipe des moins de 18 ans \u00e9lite attire l&rsquo;attention. Outre les qualit\u00e9s aper\u00e7ues, c&rsquo;est une g\u00e9n\u00e9ration qui ouvre des horizons plus que r\u00e9jouissants. Alain Laurent exprime sa croyance pour la suite :\u00a0\u00bbIl y a un niveau qui nous fait dire que les prochaines ann\u00e9es seront de nature \u00e0 faire grimper nos standards. C&rsquo;est le c\u0153ur de notre formation, l&rsquo;\u00e9tendard un petit peu de notre cat\u00e9gorie et cela sera profitable \u00e0 tous.\u00a0\u00bb Entre \u00e9mulation, travail et stimulation, la section f\u00e9minine de B\u00e9ziers ne rechigne pas et envisage une mont\u00e9e en puissance graduelle mais r\u00e9guli\u00e8re pour tutoyer les hauteurs.<\/p>\n<p>\u00a0<\/p>\n<p>    L\u2019Association sportive B\u00e9ziers H\u00e9rault f\u00e9minines<\/p>\n<p><strong>Date de cr\u00e9ation : <\/strong>1987<br \/><strong>Nombre de licenci\u00e9s : <\/strong>130<br \/><strong>Plus haut niveau atteint : <\/strong>Deuxi\u00e8me division<br \/><strong>Palmar\u00e8s :<\/strong> n\u00e9ant<br \/><strong>Budget :<\/strong> 125 000 \u20ac<br \/><strong>Parcours 2024-2025 :<\/strong> F\u00e9d\u00e9rale 1 f\u00e9minines, 4e de la poule 2, \u00e9limin\u00e9 en huiti\u00e8me de finale du championnat de France par Colomiers-L\u00e9guevin, maintenu<\/p>\n","protected":false},"excerpt":{"rendered":"Autour d&rsquo;une solide base, la section f\u00e9minine de l&rsquo;ASBH progresse. La d\u00e9tection et la formation \u00e9tant toujours associ\u00e9es&hellip;\n","protected":false},"author":2,"featured_media":252989,"comment_status":"","ping_status":"","sticky":false,"template":"","format":"standard","meta":{"footnotes":""},"categories":[1416],"tags":[1011,27,479,1468,60],"class_list":{"0":"post-252988","1":"post","2":"type-post","3":"status-publish","4":"format-standard","5":"has-post-thumbnail","7":"category-rugby","8":"tag-fr","9":"tag-france","10":"tag-rugby","11":"tag-rugby-football","12":"tag-sports"},"share_on_mastodon":{"url":"https:\/\/pubeurope.com\/@fr\/114866635630265123","error":""},"_links":{"self":[{"href":"https:\/\/www.europesays.com\/fr\/wp-json\/wp\/v2\/posts\/252988","targetHints":{"allow":["GET"]}}],"collection":[{"href":"https:\/\/www.europesays.com\/fr\/wp-json\/wp\/v2\/posts"}],"about":[{"href":"https:\/\/www.europesays.com\/fr\/wp-json\/wp\/v2\/types\/post"}],"author":[{"embeddable":true,"href":"https:\/\/www.europesays.com\/fr\/wp-json\/wp\/v2\/users\/2"}],"replies":[{"embeddable":true,"href":"https:\/\/www.europesays.com\/fr\/wp-json\/wp\/v2\/comments?post=252988"}],"version-history":[{"count":0,"href":"https:\/\/www.europesays.com\/fr\/wp-json\/wp\/v2\/posts\/252988\/revisions"}],"wp:featuredmedia":[{"embeddable":true,"href":"https:\/\/www.europesays.com\/fr\/wp-json\/wp\/v2\/media\/252989"}],"wp:attachment":[{"href":"https:\/\/www.europesays.com\/fr\/wp-json\/wp\/v2\/media?parent=252988"}],"wp:term":[{"taxonomy":"category","embeddable":true,"href":"https:\/\/www.europesays.com\/fr\/wp-json\/wp\/v2\/categories?post=252988"},{"taxonomy":"post_tag","embeddable":true,"href":"https:\/\/www.europesays.com\/fr\/wp-json\/wp\/v2\/tags?post=252988"}],"curies":[{"name":"wp","href":"https:\/\/api.w.org\/{rel}","templated":true}]}}