{"id":252990,"date":"2025-07-17T04:15:12","date_gmt":"2025-07-17T04:15:12","guid":{"rendered":"https:\/\/www.europesays.com\/fr\/252990\/"},"modified":"2025-07-17T04:15:12","modified_gmt":"2025-07-17T04:15:12","slug":"sabalenka-aurait-battu-swiatek-en-finale-pliskova-sans-filtre-apres-la-finale-dames-de-wimbledon","status":"publish","type":"post","link":"https:\/\/www.europesays.com\/fr\/252990\/","title":{"rendered":"\u00ab Sabalenka aurait battu Swiatek en finale \u00bb, Pl\u00ed\u0161kov\u00e1 sans filtre apr\u00e8s la finale dames de Wimbledon"},"content":{"rendered":"<p>                <img decoding=\"async\" src=\"https:\/\/www.europesays.com\/fr\/wp-content\/uploads\/2025\/07\/uflh.jpg\" alt=\"\u00ab Sabalenka aurait battu Swiatek en finale \u00bb, Pl\u00ed\u0161kov\u00e1 sans filtre apr\u00e8s la finale dames de Wimbledon\"\/><\/p>\n<p>Malgr\u00e9 une performance de haut vol face \u00e0 la num\u00e9ro 1 mondiale, Sabalenka, en demi-finale de Wimbledon (6-4, 4-6, 6-4), Anisimova a compl\u00e8tement craqu\u00e9 face \u00e0 Swiatek en finale (6-0, 6-0). Une situation qu\u2019a comment\u00e9e la Tch\u00e8que Karol\u00edna Pl\u00ed\u0161kov\u00e1. Selon elle, le match aurait \u00e9t\u00e9 diff\u00e9rent si Sabalenka avait \u00e9t\u00e9 \u00e0 la place de l&rsquo;Am\u00e9ricaine :<\/p>\n<p>\u00ab Je pense que la finale aurait \u00e9t\u00e9 diff\u00e9rente si Sabalenka n\u2019avait pas \u00e9t\u00e9 \u00e9limin\u00e9e face \u00e0 Anisimova. Elle aurait battu Iga Swiatek en finale. J\u2019en suis s\u00fbr. \u00bb<\/p>\n<p>\u00c0 33 ans, Pl\u00ed\u0161kov\u00e1 est une habitu\u00e9e du circuit. Double finaliste en Grand Chelem (US Open 2016 et Wimbledon 2021), la Tch\u00e8que a atteint la place de num\u00e9ro 1 mondiale en 2017.<\/p>\n","protected":false},"excerpt":{"rendered":"Malgr\u00e9 une performance de haut vol face \u00e0 la num\u00e9ro 1 mondiale, Sabalenka, en demi-finale de Wimbledon (6-4,&hellip;\n","protected":false},"author":2,"featured_media":252991,"comment_status":"","ping_status":"","sticky":false,"template":"","format":"standard","meta":{"footnotes":""},"categories":[1415],"tags":[1011,27,60,1467],"class_list":{"0":"post-252990","1":"post","2":"type-post","3":"status-publish","4":"format-standard","5":"has-post-thumbnail","7":"category-tennis","8":"tag-fr","9":"tag-france","10":"tag-sports","11":"tag-tennis"},"share_on_mastodon":{"url":"https:\/\/pubeurope.com\/@fr\/114866639599636585","error":""},"_links":{"self":[{"href":"https:\/\/www.europesays.com\/fr\/wp-json\/wp\/v2\/posts\/252990","targetHints":{"allow":["GET"]}}],"collection":[{"href":"https:\/\/www.europesays.com\/fr\/wp-json\/wp\/v2\/posts"}],"about":[{"href":"https:\/\/www.europesays.com\/fr\/wp-json\/wp\/v2\/types\/post"}],"author":[{"embeddable":true,"href":"https:\/\/www.europesays.com\/fr\/wp-json\/wp\/v2\/users\/2"}],"replies":[{"embeddable":true,"href":"https:\/\/www.europesays.com\/fr\/wp-json\/wp\/v2\/comments?post=252990"}],"version-history":[{"count":0,"href":"https:\/\/www.europesays.com\/fr\/wp-json\/wp\/v2\/posts\/252990\/revisions"}],"wp:featuredmedia":[{"embeddable":true,"href":"https:\/\/www.europesays.com\/fr\/wp-json\/wp\/v2\/media\/252991"}],"wp:attachment":[{"href":"https:\/\/www.europesays.com\/fr\/wp-json\/wp\/v2\/media?parent=252990"}],"wp:term":[{"taxonomy":"category","embeddable":true,"href":"https:\/\/www.europesays.com\/fr\/wp-json\/wp\/v2\/categories?post=252990"},{"taxonomy":"post_tag","embeddable":true,"href":"https:\/\/www.europesays.com\/fr\/wp-json\/wp\/v2\/tags?post=252990"}],"curies":[{"name":"wp","href":"https:\/\/api.w.org\/{rel}","templated":true}]}}