{"id":252992,"date":"2025-07-17T04:16:23","date_gmt":"2025-07-17T04:16:23","guid":{"rendered":"https:\/\/www.europesays.com\/fr\/252992\/"},"modified":"2025-07-17T04:16:23","modified_gmt":"2025-07-17T04:16:23","slug":"tirage-des-quarts-de-finale","status":"publish","type":"post","link":"https:\/\/www.europesays.com\/fr\/252992\/","title":{"rendered":"Tirage des quarts de finale"},"content":{"rendered":"<p>                            <img decoding=\"async\" class=\"img-fluid thumbnail__news\" src=\"https:\/\/www.europesays.com\/fr\/wp-content\/uploads\/2025\/07\/c3b0ec40-7004-49b7-b7b1-a9e12977d7b7.jpg\" alt=\"Tirage des quarts de finale\"\/><br \/>\n                                                        Le Directeur Technique National et Directeur G\u00e9n\u00e9ral de la FFBB, Alain Contensoux, a effectu\u00e9 ce mercredi, au si\u00e8ge de la f\u00e9d\u00e9ration \u00e0 Paris, le tirage au sort des quarts de finale de la Coupe de France f\u00e9minine, Troph\u00e9e Jo\u00eb Jaunay. Les rencontres auront lieu le samedi 18 janvier 2025 \u00e0 20h00.<\/p>\n<p>Ce tour sera marqu\u00e9 par l&rsquo;entr\u00e9e en lice des trois \u00e9quipes de La Boulang\u00e8re Wonderligue \u00e9voluant cette saison en Euroligue (Bourges, Villeneuve d&rsquo;Ascq et Basket Landes).<\/p>\n<p>Pour leur entr\u00e9e dans la comp\u00e9tition, ces clubs n&rsquo;ont pas \u00e9t\u00e9 \u00e9pargn\u00e9 par le tirage au sort. Villeneuve d&rsquo;Ascq se rendra \u00e0 Bourges pendant que Basket Landes ira \u00e0 Lyon.<\/p>\n<p>Quadruple finaliste de l&rsquo;\u00e9preuve entre 2017 et 2021, Charleville-M\u00e9zi\u00e8res a un bon coup \u00e0 jouer. Pour cela il faudra bien n\u00e9gocier le d\u00e9placement \u00e0 Landerneau.<\/p>\n<p>Enfin, dans la derni\u00e8re affiche, la belle saison de Charnay pourrait bien \u00e9galement s&rsquo;\u00e9crire en Coupe de France, mais attention il n&rsquo;est jamais facile de gagner \u00e0 Tarbes.<\/p>\n<p><strong>Programme des quarts de finale<\/strong><br \/>Samedi 18 janvier \u00e0 20h00<br \/>Bourges (LBWL) &#8211; Villeneuve d&rsquo;Ascq (LBWL)<br \/>Lyon (LBWL) &#8211; Basket Landes (LBWL)<br \/>Landerneau (LBWL) &#8211; Charleville-M\u00e9zi\u00e8res (LBWL)<br \/>Tarbes (LBWL) &#8211; Charnay (LBWL)<\/p>\n","protected":false},"excerpt":{"rendered":"Le Directeur Technique National et Directeur G\u00e9n\u00e9ral de la FFBB, Alain Contensoux, a effectu\u00e9 ce mercredi, au si\u00e8ge&hellip;\n","protected":false},"author":2,"featured_media":252993,"comment_status":"","ping_status":"","sticky":false,"template":"","format":"standard","meta":{"footnotes":""},"categories":[1414],"tags":[1465,1464,1011,27,60],"class_list":{"0":"post-252992","1":"post","2":"type-post","3":"status-publish","4":"format-standard","5":"has-post-thumbnail","7":"category-basket","8":"tag-basket","9":"tag-basketball","10":"tag-fr","11":"tag-france","12":"tag-sports"},"share_on_mastodon":{"url":"https:\/\/pubeurope.com\/@fr\/114866643595994330","error":""},"_links":{"self":[{"href":"https:\/\/www.europesays.com\/fr\/wp-json\/wp\/v2\/posts\/252992","targetHints":{"allow":["GET"]}}],"collection":[{"href":"https:\/\/www.europesays.com\/fr\/wp-json\/wp\/v2\/posts"}],"about":[{"href":"https:\/\/www.europesays.com\/fr\/wp-json\/wp\/v2\/types\/post"}],"author":[{"embeddable":true,"href":"https:\/\/www.europesays.com\/fr\/wp-json\/wp\/v2\/users\/2"}],"replies":[{"embeddable":true,"href":"https:\/\/www.europesays.com\/fr\/wp-json\/wp\/v2\/comments?post=252992"}],"version-history":[{"count":0,"href":"https:\/\/www.europesays.com\/fr\/wp-json\/wp\/v2\/posts\/252992\/revisions"}],"wp:featuredmedia":[{"embeddable":true,"href":"https:\/\/www.europesays.com\/fr\/wp-json\/wp\/v2\/media\/252993"}],"wp:attachment":[{"href":"https:\/\/www.europesays.com\/fr\/wp-json\/wp\/v2\/media?parent=252992"}],"wp:term":[{"taxonomy":"category","embeddable":true,"href":"https:\/\/www.europesays.com\/fr\/wp-json\/wp\/v2\/categories?post=252992"},{"taxonomy":"post_tag","embeddable":true,"href":"https:\/\/www.europesays.com\/fr\/wp-json\/wp\/v2\/tags?post=252992"}],"curies":[{"name":"wp","href":"https:\/\/api.w.org\/{rel}","templated":true}]}}