{"id":252994,"date":"2025-07-17T04:17:09","date_gmt":"2025-07-17T04:17:09","guid":{"rendered":"https:\/\/www.europesays.com\/fr\/252994\/"},"modified":"2025-07-17T04:17:09","modified_gmt":"2025-07-17T04:17:09","slug":"motogp-la-grille-perd-lun-de-ses-principaux-animateurs-forfait-a-brno","status":"publish","type":"post","link":"https:\/\/www.europesays.com\/fr\/252994\/","title":{"rendered":"MotoGP La grille perd l&rsquo;un de ses principaux animateurs, forfait \u00e0 Brno !"},"content":{"rendered":"<p>D\u00e9cid\u00e9ment, les forfaits s\u2019encha\u00eenent, en MotoGP ! Alors que Maverick Vinal\u00e8s ou encore, Somkiat Chantra sont absents ce week-end, un troisi\u00e8me nom rejoint la liste. En effet, le Team VR46 vient d\u2019annoncer que Franco Morbidelli, lui aussi bless\u00e9 le week-end dernier en Allemagne, ne sera pas remis \u00e0 temps pour participer au Grand-Prix de R\u00e9publique Tch\u00e8que.<\/p>\n<p>MotoGP : Le VR46 ne disposera que d\u2019un pilote, ce week-end<\/p>\n<p>En outre, l\u2019Italien ne sera pas remplac\u00e9, chose qui signifie que la grille sera orpheline du cinqui\u00e8me du championnat du monde des pilotes, pr\u00e9tendant r\u00e9gulier au podium. Une aubaine pour son co\u00e9quipier, Fabio di Giannantonio, qui vient de le d\u00e9border au classement et qui disposera, \u00e0 Brno, d\u2019une opportunit\u00e9 d\u2019accentuer son avance.<\/p>\n<p>\u201cJ\u2019aime le circuit de Brno\u201c, d\u00e9clare Fabio di Gianantonio, \u00e0 quelques heures du lancement de l\u2019\u00e9preuve Tch\u00e8que, de retour apr\u00e8s plusieurs saisons d\u2019absence au calendrier de la MotoGP. \u201cPar le pass\u00e9, j\u2019ai d\u00e9croch\u00e9 un podium sur piste mouill\u00e9e et ma premi\u00e8re victoire en Moto3. J\u2019\u00e9tais \u00e9galement mont\u00e9 sur le podium lors de ma premi\u00e8re saison en Moto2. Mais maintenant, nous courons en MotoGP. Tout sera l\u00e9g\u00e8rement diff\u00e9rent avec le nouvel asphalte, mais nous arrivons avec un sentiment tr\u00e8s positif. Nous sommes pr\u00eats et l\u2019objectif est de poursuivre sur la voie que nous avons emprunt\u00e9e\u201c.<\/p>\n<p>\u00ab Apr\u00e8s deux jours de contr\u00f4les m\u00e9dicaux, de s\u00e9ances de physioth\u00e9rapie et de repos, nous avons d\u00e9cid\u00e9 avec l\u2019\u00e9quipe de ne pas participer \u00e0 ce GP \u00e0 Brno\u201c, explique pour sa part le convalescent du Team VR46, Franco Morbidelli. \u201cC\u2019est toujours difficile de prendre de telles d\u00e9cisions, mais apr\u00e8s une lourde chute comme celle que j\u2019ai subie au Sachsenring \u2013 et \u00e0 ce moment crucial du championnat avant la pause estivale \u2013 il est inutile de prendre des risques, car la douleur est toujours pr\u00e9sente. <\/p>\n<p>Ce n\u2019est \u00e9videmment pas un moment facile, mais j\u2019ai re\u00e7u un soutien ind\u00e9fectible de toute mon \u00e9quipe, de la VR46 Riders Academy et de tous les fans qui attendent avec impatience mon r\u00e9tablissement complet. Ce week-end, je serai \u00e0 Brno parce que je veux continuer \u00e0 travailler avec mon personnel, et l\u2019\u00e9quipe me donne l\u2019opportunit\u00e9 de continuer sur la piste tout le programme de physioth\u00e9rapie pour revenir en Autriche aussi r\u00e9tabli que possible\u201c, confirme le transalpin, qui sera donc bien pr\u00e9sent, \u201cphysiquement\u201d, en R\u00e9publique Tch\u00e8que, afin de rester connect\u00e9 \u00e0 son Team.<\/p>\n<blockquote class=\"twitter-tweet\">\n<p dir=\"ltr\" lang=\"en\">Next up for Franky: <a href=\"https:\/\/twitter.com\/hashtag\/AustrianGP?src=hash&amp;ref_src=twsrc%5Etfw\" target=\"_blank\" rel=\"noopener\">#AustrianGP<\/a><\/p>\n<p>No racing action this weekend for <a href=\"https:\/\/twitter.com\/FrankyMorbido12?ref_src=twsrc%5Etfw\" target=\"_blank\" rel=\"noopener\">@FrankyMorbido12<\/a> as he continues recovering from his left shoulder injury. Rest up and get ready for the second half of the year ! \ud83d\udcaa\ud83c\udfc1 <a href=\"https:\/\/t.co\/TGpozrrcG9\">pic.twitter.com\/TGpozrrcG9<\/a><\/p>\n<p>\u2014 Pertamina Enduro VR46 Racing Team (@VR46RacingTeam) <a href=\"https:\/\/twitter.com\/VR46RacingTeam\/status\/1945516751606755501?ref_src=twsrc%5Etfw\" target=\"_blank\" rel=\"noopener\">July 16, 2025<\/a><\/p>\n<\/blockquote>\n<p>A noter, parmi les retours de blessure\/convalescence, En\u00e9a Bastianini et Jorge Martin, que nous reverrons au guidon de leurs machines respectives, sur ce Grand-Prix de R\u00e9publique Tch\u00e8que de MotoGP 2025.<\/p>\n<p>Article publi\u00e9 le 17\/07\/2025 \u00e0 5h47<\/p>\n<p>                                                            <script async src=\"https:\/\/platform.twitter.com\/widgets.js\" charset=\"utf-8\"><\/script><\/p>\n","protected":false},"excerpt":{"rendered":"D\u00e9cid\u00e9ment, les forfaits s\u2019encha\u00eenent, en MotoGP ! Alors que Maverick Vinal\u00e8s ou encore, Somkiat Chantra sont absents ce&hellip;\n","protected":false},"author":2,"featured_media":252995,"comment_status":"","ping_status":"","sticky":false,"template":"","format":"standard","meta":{"footnotes":""},"categories":[1413],"tags":[1011,27,7985,1457,1456,1458,60,27850],"class_list":{"0":"post-252994","1":"post","2":"type-post","3":"status-publish","4":"format-standard","5":"has-post-thumbnail","7":"category-moto","8":"tag-fr","9":"tag-france","10":"tag-franco-morbidelli","11":"tag-moto","12":"tag-motocycle","13":"tag-motogp","14":"tag-sports","15":"tag-vr46"},"share_on_mastodon":{"url":"https:\/\/pubeurope.com\/@fr\/114866647365526809","error":""},"_links":{"self":[{"href":"https:\/\/www.europesays.com\/fr\/wp-json\/wp\/v2\/posts\/252994","targetHints":{"allow":["GET"]}}],"collection":[{"href":"https:\/\/www.europesays.com\/fr\/wp-json\/wp\/v2\/posts"}],"about":[{"href":"https:\/\/www.europesays.com\/fr\/wp-json\/wp\/v2\/types\/post"}],"author":[{"embeddable":true,"href":"https:\/\/www.europesays.com\/fr\/wp-json\/wp\/v2\/users\/2"}],"replies":[{"embeddable":true,"href":"https:\/\/www.europesays.com\/fr\/wp-json\/wp\/v2\/comments?post=252994"}],"version-history":[{"count":0,"href":"https:\/\/www.europesays.com\/fr\/wp-json\/wp\/v2\/posts\/252994\/revisions"}],"wp:featuredmedia":[{"embeddable":true,"href":"https:\/\/www.europesays.com\/fr\/wp-json\/wp\/v2\/media\/252995"}],"wp:attachment":[{"href":"https:\/\/www.europesays.com\/fr\/wp-json\/wp\/v2\/media?parent=252994"}],"wp:term":[{"taxonomy":"category","embeddable":true,"href":"https:\/\/www.europesays.com\/fr\/wp-json\/wp\/v2\/categories?post=252994"},{"taxonomy":"post_tag","embeddable":true,"href":"https:\/\/www.europesays.com\/fr\/wp-json\/wp\/v2\/tags?post=252994"}],"curies":[{"name":"wp","href":"https:\/\/api.w.org\/{rel}","templated":true}]}}