{"id":252998,"date":"2025-07-17T04:19:12","date_gmt":"2025-07-17T04:19:12","guid":{"rendered":"https:\/\/www.europesays.com\/fr\/252998\/"},"modified":"2025-07-17T04:19:12","modified_gmt":"2025-07-17T04:19:12","slug":"le-role-meconnu-et-crucial-des-mecaniciens-sur-le-tour-de-france","status":"publish","type":"post","link":"https:\/\/www.europesays.com\/fr\/252998\/","title":{"rendered":"le r\u00f4le m\u00e9connu et crucial des m\u00e9caniciens sur le Tour de France"},"content":{"rendered":"<p>            Par<br \/>\n        <strong><br \/>\n            <a href=\"https:\/\/actu.fr\/auteur\/maxime-tsjoen\" title=\"Consulter tous les articles de Maxime T&#039;sjoen\" rel=\"nofollow noopener\" target=\"_blank\">Maxime T&rsquo;sjoen<\/a><br \/>\n        <\/strong><\/p>\n<p>        Publi\u00e9 le<\/p>\n<p>            16 juil. 2025 \u00e0 19h55        <\/p>\n<p>Au pays des belles m\u00e9caniques, <strong>le camion atelier de l\u2019\u00e9quipe D\u00e9cathlon-AG2R<\/strong> est un palais o\u00f9 sont entrepos\u00e9s des <a href=\"https:\/\/actu.fr\/tag\/velo\" rel=\"nofollow noopener\" target=\"_blank\">v\u00e9los<\/a> qui feraient p\u00e2lir n\u2019importe quel biclou. C\u2019est aussi ici que l\u2019on se rend compte que nos machines d\u2019amateurs devraient \u00eatre un peu mieux entretenues.<\/p>\n<p class=\" wall-content\">Il faut dire aussi que l\u2019\u00e9quipe savoyarde dispose de quatre m\u00e9caniciens pour <strong>bichonner les v\u00e9los des pros<\/strong>. Chaque jour, le ballet est le m\u00eame pour cette \u00e9quipe dans l\u2019\u00e9quipe.<\/p>\n<p class=\" wall-content\">Mais ce mardi 15\u00a0juillet 2025, c\u2019est journ\u00e9e de repos sur le <a href=\"https:\/\/actu.fr\/tag\/tour-de-france-2025\" rel=\"nofollow noopener\" target=\"_blank\">Tour de France<\/a>, quand nous rencontrons Laurent Denonfoux, <strong>m\u00e9canicien depuis quatre ans<\/strong> pour D\u00e9cathlon-AG2R. \u00ab\u2009On en profite pour faire le gros du travail\u2009\u00bb, d\u00e9crit l\u2019ancien coureur de haut niveau, qui s\u2019est activ\u00e9 d\u00e8s le matin.<\/p>\n<p>\u00ab\u2009On fait un gros check-up\u2009\u00bb<\/p>\n<p class=\" wall-content\">Le gros du travail, c\u2019est-\u00e0-dire\u2009? \u00ab\u2009L\u2019id\u00e9e, c\u2019est de <strong>nettoyer<\/strong> tous les v\u00e9los de rechange et sur les v\u00e9los de course, on fait le traitement des bo\u00eetiers de p\u00e9dalier, les freins, changement de guidoline, changement de cha\u00eene. <strong>On fait un gros check-up\u2009\u00bb<\/strong>, d\u00e9taille Laurent Denonfoux.<\/p>\n<blockquote class=\"ac-article-quote wall-content\">\n<p>Apr\u00e8s l&rsquo;entra\u00eenement, c&rsquo;est juste un petit nettoyage pour repartir sur une bonne base pour la deuxi\u00e8me semaine.<\/p>\n<p>    <strong>Laurent Denonfoux<\/strong><br \/>\n        M\u00e9canicien de l&rsquo;\u00e9quipe D\u00e9cathlon-AG2R    <\/p><\/blockquote>\n<p>Vid\u00e9os : en ce moment sur Actu<\/p>\n<p class=\" wall-content\">Cette remise \u00e0 z\u00e9ro peut tout de m\u00eame impliquer d\u2019importantes modifications. \u00ab\u2009J\u2019ai fait deux changements de direction, c\u2019est quand m\u00eame de grosses interventions\u2009\u00bb, nous rapporte Laurent Denonfoux.<\/p>\n<p class=\" wall-content\"><strong>La journ\u00e9e de repos est cruciale pour les m\u00e9caniciens<\/strong>, car le matin et le soir des \u00e9tapes, \u00ab\u2009c\u2019est vraiment de l\u2019entretien classique\u2009\u00bb.<\/p>\n<p>    <img   decoding=\"async\" loading=\"lazy\" src=\"https:\/\/www.europesays.com\/fr\/wp-content\/uploads\/2025\/07\/img-2399-960x640.jpg\" alt=\"Les coureurs, ici Felix Gall, de retour de leur entra\u00eenement apportent les v\u00e9los directement aux m\u00e9canos.\" width=\"960\" height=\"640\"\/><br \/>\n    Les coureurs, comme ici Felix Gall de retour de l\u2019entra\u00eenement, apportent directement leurs v\u00e9los aux m\u00e9caniciens (\u00a9M.T\u2019s \/ actu.fr)Une danse quotidienne<\/p>\n<p class=\" wall-content\">Avant une \u00e9tape, la chor\u00e9graphie des m\u00e9caniciens <strong>se met en place d\u00e8s l\u2019h\u00f4tel<\/strong>. Les v\u00e9los de rechange, apr\u00e8s une v\u00e9rification de la pression des pneus et des batteries du d\u00e9railleur, sont mis sur les galeries des voitures.<\/p>\n<blockquote class=\"ac-article-quote wall-content\">\n<p>On fait le moins de choses possibles le matin. Le gonflage, en revanche, on doit le faire au dernier moment.<\/p>\n<p>    <strong>Laurent Denonfoux<\/strong><br \/>\n        M\u00e9canicien de l&rsquo;\u00e9quipe D\u00e9cathlon-AG2R    <\/p><\/blockquote>\n<p>    <img   decoding=\"async\" loading=\"lazy\" src=\"https:\/\/www.europesays.com\/fr\/wp-content\/uploads\/2025\/07\/img-2400-960x640.jpg\" alt=\"Laurent Denonfoux est m\u00e9canicien de l'\u00e9quipe depuis Quatre ans.\" width=\"960\" height=\"640\"\/><br \/>\n    Laurent Denonfoux est m\u00e9canicien de l\u2019\u00e9quipe depuis quatre ans. (\u00a9M.T\u2019s \/ actu.fr)<\/p>\n<p class=\" wall-content\">Et ce n\u2019est pas fini une fois le transfert effectu\u00e9 au d\u00e9part. Les m\u00e9caniciens sortent les v\u00e9los Van Rysel, v\u00e9rifient la pression une nouvelle fois.<\/p>\n<p class=\" wall-content\">Ils sont <strong>deux \u00e0 partir en course<\/strong>\u2009: un dans la voiture d\u2019avant-course (pour les \u00e9chapp\u00e9es ou les distanc\u00e9s) et un dans la voiture derri\u00e8re le peloton.\u00a0Les deux derniers des quatre m\u00e9caniciens s\u2019occupent d\u2019amener le camion \u00e0 l\u2019h\u00f4tel, o\u00f9 le gros du boulot sera fait.<\/p>\n<p>\u00ab\u2009On peut tout changer\u2009\u00bb<\/p>\n<p class=\" wall-content\">Chaque soir, \u00ab\u2009les v\u00e9los sont <strong>int\u00e9gralement nettoy\u00e9s avec un lavage haute pression\u2009\u00bb<\/strong>. La transmission est d\u00e9graiss\u00e9e \u00ab\u2009car elle peut s\u2019encrasser pendant une \u00e9tape\u2009\u00bb. \u00ab\u2009On v\u00e9rifie les freins et l\u2019\u00e9tat des pneus\u2009\u00bb, \u00e9num\u00e8re encore Laurent Denonfoux.<\/p>\n<p class=\" wall-content\">Bichonn\u00e9, le mot est faible quand on parle de l\u2019entretien de ces v\u00e9los.<\/p>\n<blockquote class=\"ac-article-quote wall-content\">\n<p>En revanche, il y a les \u00e9ventuelles chutes et l\u00e0, c&rsquo;est d\u00e9j\u00e0 arriv\u00e9 de changer trois ou quatre cadres le soir. Donc l\u00e0, on se couche \u00e0 deux ou trois heures du matin.<\/p>\n<p>    <strong>Laurent Denonfoux<\/strong><br \/>\n        M\u00e9canicien D\u00e9cathlon-AG2R    <\/p><\/blockquote>\n<p>    <img   decoding=\"async\" loading=\"lazy\" src=\"https:\/\/www.europesays.com\/fr\/wp-content\/uploads\/2025\/07\/img-2429-960x640.jpg\" alt=\"Chaque v\u00e9lo est inspect\u00e9 et nettoy\u00e9.\" width=\"960\" height=\"640\"\/><br \/>\n    Chaque v\u00e9lo est inspect\u00e9 et nettoy\u00e9. (\u00a9M.T\u2019s \/ actu.fr)<\/p>\n<p class=\" wall-content\">Avec des pi\u00e8ces par centaine, \u00ab\u2009on peut tout changer\u2009\u00bb, nous explique Laurent Denonfoux. <strong>Le camion est une mine d\u2019or<\/strong> pour n\u2019importe quel amoureux de m\u00e9canique.<\/p>\n<p>Il y a quoi dans le camion atelier ?<\/p>\n<p>Dans le camion, il y a quatre v\u00e9los par coureur, 10 \u00e0 15 cadres de rechange, 100 paires de roues. On compte 40 paires de plaquettes, une cinquantaine de cha\u00eenes et on a cinq groupes de transmission complets. Il y a aussi une soixantaine de pneumatiques.<\/p>\n<p>\u00ab\u2009On est \u00e0 la pointe de l\u2019innovation\u2009\u00bb<\/p>\n<p class=\" wall-content\">Le contact avec les coureurs est plus distant qu\u2019\u00e0 une certaine \u00e9poque. La faute \u00e0 la <strong>recherche permanente du moindre gain de vitesse<\/strong>.<\/p>\n<blockquote class=\"ac-article-quote wall-content\">\n<p>On a des ing\u00e9nieurs performance qui d\u00e9cident des choix m\u00e9caniques pour la course. Avant, c&rsquo;\u00e9tait un petit SMS du coureur pour savoir ce qu&rsquo;il voulait. Maintenant, le coureur fait confiance aux ing\u00e9nieurs et se concentre sur la performance. Et ils nous font confiance pour le mat\u00e9riel utilis\u00e9.\u00a0<\/p>\n<p>    <strong>Laurent Denonfoux<\/strong><br \/>\n        M\u00e9canicien D\u00e9cathlon-AG2R    <\/p><\/blockquote>\n<p class=\" wall-content\">N\u00e9anmoins, les \u00e9volutions de ces derni\u00e8res ann\u00e9es (freins \u00e0 disque, pneus tubeless) permettent aux m\u00e9caniciens de continuer \u00e0 apprendre, \u00e9voluer. <strong>\u00ab\u2009C\u2019est moins monotone\u2009\u00bb<\/strong>, se r\u00e9jouit le m\u00e9canicien.<\/p>\n<blockquote class=\"ac-article-quote wall-content\">\n<p>On est \u00e0 la pointe de l\u2019innovation, il y a des choses qui ne sont pas destin\u00e9es au grand public et que nous, on teste et \u00e7a, c\u2019est vraiment int\u00e9ressant.<\/p>\n<p>    <strong>Laurent Denonfoux<\/strong><br \/>\n        M\u00e9canicien D\u00e9cathlon-AG2R    <\/p><\/blockquote>\n<p>Aux petits soins<\/p>\n<p class=\" wall-content\">S\u2019il a \u00ab\u2009la chance de faire ce m\u00e9tier\u2009\u00bb, Laurent Denonfoux part en course \u00ab\u2009la moiti\u00e9 de l\u2019ann\u00e9e\u2009\u00bb, en fonction du calendrier. Six mois loin de chez lui, qu\u2019il vit plut\u00f4t bien.<\/p>\n<p class=\" wall-content\">Et le m\u00e9canicien s\u2019occupe des machines, cela ne l\u2019emp\u00eache pas \u2013 comme le cuisinier, le nutritionniste et tous les membres du staff \u2013 <strong>d\u2019\u00eatre aux petits soins des coureurs<\/strong>.<\/p>\n<p class=\" wall-content\">Alors quand Bastien Tronchon, coureur D\u00e9cathlon AG2R, entre dans le camion pour trouver de quoi nettoyer ses chaussures, le m\u00e9canicien n\u2019h\u00e9site pas\u2009: \u00ab\u2009Laisse-les. Vu qu\u2019on le fait bien, il nous le fait faire.\u2009\u00bb<\/p>\n<p class=\" wall-content\"><strong>\u00ab\u2009Tu es un amour\u2009\u00bb<\/strong>, lance le coureur \u00e0 Laurent, en lui promettant une tourn\u00e9e. Apr\u00e8s le <a href=\"https:\/\/actu.fr\/tag\/tour-de-france\" rel=\"nofollow noopener\" target=\"_blank\">Tour<\/a>, \u00e9videmment.<\/p>\n<p class=\" wall-content\">Suivez toute l\u2019actualit\u00e9 de vos villes et m\u00e9dias favoris en vous inscrivant \u00e0 <a href=\"https:\/\/moncompte.actu.fr\" title=\"D\u00e9couvez Mon Actu\" rel=\"nofollow noopener\" data-trk=\"{&quot;cta&quot;:{&quot;action&quot;:&quot;https:\\\/\\\/moncompte.actu.fr&quot;,&quot;category&quot;:&quot;mon compte&quot;,&quot;from&quot;:&quot;article footer&quot;,&quot;name&quot;:&quot;Mon actu&quot;,&quot;type&quot;:&quot;cta&quot;}}\" target=\"_blank\">Mon Actu<\/a>.<\/p>\n","protected":false},"excerpt":{"rendered":"Par Maxime T&rsquo;sjoen Publi\u00e9 le 16 juil. 2025 \u00e0 19h55 Au pays des belles m\u00e9caniques, le camion atelier&hellip;\n","protected":false},"author":2,"featured_media":252999,"comment_status":"","ping_status":"","sticky":false,"template":"","format":"standard","meta":{"footnotes":""},"categories":[1411],"tags":[1154,207,3696,1011,27,60,210,2116,208],"class_list":{"0":"post-252998","1":"post","2":"type-post","3":"status-publish","4":"format-standard","5":"has-post-thumbnail","7":"category-cyclisme","8":"tag-cycling","9":"tag-cyclisme","10":"tag-evenements","11":"tag-fr","12":"tag-france","13":"tag-sports","14":"tag-tour-de-france","15":"tag-tour-de-france-2025","16":"tag-velo"},"share_on_mastodon":{"url":"https:\/\/pubeurope.com\/@fr\/114866655429676324","error":""},"_links":{"self":[{"href":"https:\/\/www.europesays.com\/fr\/wp-json\/wp\/v2\/posts\/252998","targetHints":{"allow":["GET"]}}],"collection":[{"href":"https:\/\/www.europesays.com\/fr\/wp-json\/wp\/v2\/posts"}],"about":[{"href":"https:\/\/www.europesays.com\/fr\/wp-json\/wp\/v2\/types\/post"}],"author":[{"embeddable":true,"href":"https:\/\/www.europesays.com\/fr\/wp-json\/wp\/v2\/users\/2"}],"replies":[{"embeddable":true,"href":"https:\/\/www.europesays.com\/fr\/wp-json\/wp\/v2\/comments?post=252998"}],"version-history":[{"count":0,"href":"https:\/\/www.europesays.com\/fr\/wp-json\/wp\/v2\/posts\/252998\/revisions"}],"wp:featuredmedia":[{"embeddable":true,"href":"https:\/\/www.europesays.com\/fr\/wp-json\/wp\/v2\/media\/252999"}],"wp:attachment":[{"href":"https:\/\/www.europesays.com\/fr\/wp-json\/wp\/v2\/media?parent=252998"}],"wp:term":[{"taxonomy":"category","embeddable":true,"href":"https:\/\/www.europesays.com\/fr\/wp-json\/wp\/v2\/categories?post=252998"},{"taxonomy":"post_tag","embeddable":true,"href":"https:\/\/www.europesays.com\/fr\/wp-json\/wp\/v2\/tags?post=252998"}],"curies":[{"name":"wp","href":"https:\/\/api.w.org\/{rel}","templated":true}]}}