{"id":253004,"date":"2025-07-17T04:22:18","date_gmt":"2025-07-17T04:22:18","guid":{"rendered":"https:\/\/www.europesays.com\/fr\/253004\/"},"modified":"2025-07-17T04:22:18","modified_gmt":"2025-07-17T04:22:18","slug":"entre-pudeur-et-transgression-lidentite-sexuelle-au-coeur-du-prix-dior-photo-a-arles","status":"publish","type":"post","link":"https:\/\/www.europesays.com\/fr\/253004\/","title":{"rendered":"Entre pudeur et transgression, l\u2019identit\u00e9 sexuelle au c\u0153ur du prix Dior photo \u00e0 Arles"},"content":{"rendered":"<p>Sur le th\u00e8me du face-\u00e0-face, le concours organis\u00e9 par Christian Dior Parfums invitait dix jeunes artistes \u00e0 l\u2019introspection. R\u00e9v\u00e9lation de cette 8e\u00a0\u00e9dition, le N\u00e9erlandais d\u2019origine ghan\u00e9enne, Joel Quayson, et sa vid\u00e9o presque muette sur la difficult\u00e9 d\u2019\u00eatre queer.<\/p>\n<p class=\"fig-paragraph\">\u00ab\u00a0Comment te sens-tu\u00a0?\u00a0\u00bb Seulement quatre mots sont prononc\u00e9s et r\u00e9p\u00e9t\u00e9s comme un mantra en voix off de How do you feel\u00a0?, la vid\u00e9o de 4\u00a0minutes et 28\u00a0secondes de Joel Quayson. Elle a s\u00e9duit \u00e0 l\u2019unanimit\u00e9, par sa simplicit\u00e9 poignante, le jury du\u00a0<a href=\"http:\/\/www.lefigaro.fr\/industrie-mode\/le-prix-dior-photo-2024-mise-sur-l-emotion-a-arles-20240708\" data-fig-type=\"Article\" data-gtm-custom-categorie=\"navigation\" data-gtm-custom-action=\"crossclick\" data-gtm-custom-label=\"Contextuel\" data-gtm-event=\"customEventSPE\" data-fig-domain=\"LEFIGARO\" target=\"_blank\" rel=\"noopener\">8e\u00a0Prix Dior de la photographie et des arts visuels<\/a>\u00a0pour jeunes talents. L\u2019\u00e9cran ne quitte pas le visage, rond comme celui d\u2019un enfant, et le buste d\u2019\u00e9b\u00e8ne de ce jeune artiste n\u00e9 en 1997 aux Pays-Bas dans une famille originaire du Ghana. Il est d\u2019abord sage comme un pensionnaire, avec son pull marine qui \u00e9voque l\u2019uniforme et la grande croix d\u2019argent qui signe son appartenance religieuse. Les yeux baiss\u00e9s, il retire son pull d\u2019\u00e9colier, sa chemise blanche. Les yeux grands ouverts, il pose timidement des paillettes aux coins de son regard, une par une, ose peu \u00e0 peu la couleur, comme un petit pas vers le libre arbitre.<\/p>\n<p class=\"fig-paragraph\">How do you feel\u00a0? met en sc\u00e8ne tr\u00e8s directement le dilemme qui agite le jeune homme entre ce que l\u2019on attend de\u2026<\/p>\n<p class=\"fig-premium-paywall__infos\">\n        Cet article est r\u00e9serv\u00e9 aux abonn\u00e9s.        Il vous reste 85% \u00e0 d\u00e9couvrir.\n    <\/p>\n<p>                <img  data- alt=\"Le Figaro\" class=\"fig-img--complete fig-img\"\/><\/p>\n<p class=\"fig-premium-paywall__title\">Vous avez envie de lire la suite ?<\/p>\n<p class=\"fig-premium-paywall__subtitle\">D\u00e9bloquez tous les articles imm\u00e9diatement.<\/p>\n<p class=\"fig-premium-paywall__connect\">\n                D\u00e9j\u00e0 abonn\u00e9\u00a0?                <a class=\"fig-premium-paywall__connect-link\" href=\"https:\/\/connect.lefigaro.fr\/login?client=horizon_web&amp;type=main&amp;redirect_uri=https%3A%2F%2Fwww.lefigaro.fr%2Fstyle%2Fentre-pudeur-et-transgression-l-identite-sexuelle-au-coeur-du-prix-dior-photo-a-arles-20250715\" data-js-gtm=\"{&quot;customCategorie&quot;: &quot;conversion&quot;, &quot;customAction&quot;: &quot;before_Landing_Connexion_paywall_auto&quot;, &quot;customLabel&quot;: &quot;bGVmaWdhcm8uZnJfXzFmMDVkOTc2LTc0YTQtNmNhYy04NjA1LWZmOWY2ZjkzNTBhYV9fQXJ0aWNsZQ==_Entre pudeur et transgression, l\u2019identit\u00e9 sexuelle au c\u0153ur du prix Dior photo \u00e0 Arles_116&quot;, &quot;customIDSPE&quot;: &quot;bGVmaWdhcm8uZnJfXzFmMDVkOTc2LTc0YTQtNmNhYy04NjA1LWZmOWY2ZjkzNTBhYV9fQXJ0aWNsZQ==&quot;, &quot;event&quot;: &quot;customEventSPE&quot;}\" target=\"_blank\" rel=\"noopener\"><br \/>\n                    Connectez-vous<br \/>\n                <\/a>\n            <\/p>\n","protected":false},"excerpt":{"rendered":"Sur le th\u00e8me du face-\u00e0-face, le concours organis\u00e9 par Christian Dior Parfums invitait dix jeunes artistes \u00e0 l\u2019introspection.&hellip;\n","protected":false},"author":2,"featured_media":253005,"comment_status":"","ping_status":"","sticky":false,"template":"","format":"standard","meta":{"footnotes":""},"categories":[1358],"tags":[9417,1348,1384,1385,1386,21472,58,59,1011,27,934,1756,35279],"class_list":{"0":"post-253004","1":"post","2":"type-post","3":"status-publish","4":"format-standard","5":"has-post-thumbnail","7":"category-arts-et-design","8":"tag-arles","9":"tag-arts","10":"tag-arts-and-design","11":"tag-arts-et-design","12":"tag-design","13":"tag-dior","14":"tag-divertissement","15":"tag-entertainment","16":"tag-fr","17":"tag-france","18":"tag-pays-bas","19":"tag-photographie","20":"tag-rencontres-darles"},"share_on_mastodon":{"url":"https:\/\/pubeurope.com\/@fr\/114866667077097926","error":""},"_links":{"self":[{"href":"https:\/\/www.europesays.com\/fr\/wp-json\/wp\/v2\/posts\/253004","targetHints":{"allow":["GET"]}}],"collection":[{"href":"https:\/\/www.europesays.com\/fr\/wp-json\/wp\/v2\/posts"}],"about":[{"href":"https:\/\/www.europesays.com\/fr\/wp-json\/wp\/v2\/types\/post"}],"author":[{"embeddable":true,"href":"https:\/\/www.europesays.com\/fr\/wp-json\/wp\/v2\/users\/2"}],"replies":[{"embeddable":true,"href":"https:\/\/www.europesays.com\/fr\/wp-json\/wp\/v2\/comments?post=253004"}],"version-history":[{"count":0,"href":"https:\/\/www.europesays.com\/fr\/wp-json\/wp\/v2\/posts\/253004\/revisions"}],"wp:featuredmedia":[{"embeddable":true,"href":"https:\/\/www.europesays.com\/fr\/wp-json\/wp\/v2\/media\/253005"}],"wp:attachment":[{"href":"https:\/\/www.europesays.com\/fr\/wp-json\/wp\/v2\/media?parent=253004"}],"wp:term":[{"taxonomy":"category","embeddable":true,"href":"https:\/\/www.europesays.com\/fr\/wp-json\/wp\/v2\/categories?post=253004"},{"taxonomy":"post_tag","embeddable":true,"href":"https:\/\/www.europesays.com\/fr\/wp-json\/wp\/v2\/tags?post=253004"}],"curies":[{"name":"wp","href":"https:\/\/api.w.org\/{rel}","templated":true}]}}