{"id":253008,"date":"2025-07-17T04:24:34","date_gmt":"2025-07-17T04:24:34","guid":{"rendered":"https:\/\/www.europesays.com\/fr\/253008\/"},"modified":"2025-07-17T04:24:34","modified_gmt":"2025-07-17T04:24:34","slug":"secret-2025-la-contre-mission-dadrien-fait-monter-la-pression-secret-story","status":"publish","type":"post","link":"https:\/\/www.europesays.com\/fr\/253008\/","title":{"rendered":"Secret 2025 &#8211; La contre-mission d&rsquo;Adrien fait monter la pression &#8211; Secret Story"},"content":{"rendered":"<p id=\"descriptionPanel\" aria-labelledby=\"descriptionArrow\" aria-expanded=\"false\" class=\"text-secondary mr-2 line-clamp-2 pr-2.5 overflow-visible\">Apr\u00e8s cette soir\u00e9e v\u00e9rit\u00e9, Pimprenelle doit r\u00e9pondre \u00e0 la fameuse question sur ce qu\u2019elle pense des rapprochements entre Adrien et Constance. Adrien, de son c\u00f4t\u00e9, lui r\u00e9torque s\u00e8chement qu\u2019il n\u2019a aucun compte \u00e0 lui rendre, une mani\u00e8re d\u2019alimenter le jeu de sa mission. Mais Pimprenelle, qui ignore encore tout de cette mission, encaisse mal la r\u00e9ponse\u2026 et la tension monte d\u2019un cran entre eux. Extrait de la Connexion avec la Maison des Secrets<br \/>En savoir plus sur <a class=\"text-white hover:text-blue-500\" href=\"https:\/\/www.tf1.fr\/dossier\/pimprenelle-secret-story-2025-14042527\" target=\"_blank\" rel=\"noopener\">Pimprenelle <\/a>, <a class=\"text-white hover:text-blue-500\" href=\"https:\/\/www.tf1.fr\/dossier\/adrien-secret-story-2025-32674291\" target=\"_blank\" rel=\"noopener\">Adrien<\/a> ou <a class=\"text-white hover:text-blue-500\" href=\"https:\/\/www.tf1.fr\/dossier\/constance-secret-story-2025-97345810\" target=\"_blank\" rel=\"noopener\">Constance<\/a><\/p>\n<p><a class=\"shrink-0\" href=\"https:\/\/www.tf1.fr\/tf1\/secret-story\" target=\"_blank\" rel=\"noopener\"><img decoding=\"async\" src=\"https:\/\/www.europesays.com\/fr\/wp-content\/uploads\/2025\/06\/program-card-portrait-1-secret-story-2024-69eb6a-eddee1-0@1x.jpg\" width=\"138\" height=\"184\" alt=\"\" loading=\"eager\" fetchpriority=\"auto\" class=\"rounded-3px aspect-[3\/4] h-24 w-auto\" aria-hidden=\"true\"\/><\/a><\/p>\n","protected":false},"excerpt":{"rendered":"Apr\u00e8s cette soir\u00e9e v\u00e9rit\u00e9, Pimprenelle doit r\u00e9pondre \u00e0 la fameuse question sur ce qu\u2019elle pense des rapprochements entre&hellip;\n","protected":false},"author":2,"featured_media":253009,"comment_status":"","ping_status":"","sticky":false,"template":"","format":"standard","meta":{"footnotes":""},"categories":[1356],"tags":[58,59,8644,33265,1011,27,29901,33266,32205,252,1364,32206,32204],"class_list":{"0":"post-253008","1":"post","2":"type-post","3":"status-publish","4":"format-standard","5":"has-post-thumbnail","7":"category-television","8":"tag-divertissement","9":"tag-entertainment","10":"tag-exclu","11":"tag-exclu-secret-story","12":"tag-fr","13":"tag-france","14":"tag-secret-story","15":"tag-secret-story-exclu","16":"tag-streaming-secret-story","17":"tag-television","18":"tag-tv","19":"tag-video-en-streaming-secret-story","20":"tag-video-secret-story"},"share_on_mastodon":{"url":"https:\/\/pubeurope.com\/@fr\/114866675153899096","error":""},"_links":{"self":[{"href":"https:\/\/www.europesays.com\/fr\/wp-json\/wp\/v2\/posts\/253008","targetHints":{"allow":["GET"]}}],"collection":[{"href":"https:\/\/www.europesays.com\/fr\/wp-json\/wp\/v2\/posts"}],"about":[{"href":"https:\/\/www.europesays.com\/fr\/wp-json\/wp\/v2\/types\/post"}],"author":[{"embeddable":true,"href":"https:\/\/www.europesays.com\/fr\/wp-json\/wp\/v2\/users\/2"}],"replies":[{"embeddable":true,"href":"https:\/\/www.europesays.com\/fr\/wp-json\/wp\/v2\/comments?post=253008"}],"version-history":[{"count":0,"href":"https:\/\/www.europesays.com\/fr\/wp-json\/wp\/v2\/posts\/253008\/revisions"}],"wp:featuredmedia":[{"embeddable":true,"href":"https:\/\/www.europesays.com\/fr\/wp-json\/wp\/v2\/media\/253009"}],"wp:attachment":[{"href":"https:\/\/www.europesays.com\/fr\/wp-json\/wp\/v2\/media?parent=253008"}],"wp:term":[{"taxonomy":"category","embeddable":true,"href":"https:\/\/www.europesays.com\/fr\/wp-json\/wp\/v2\/categories?post=253008"},{"taxonomy":"post_tag","embeddable":true,"href":"https:\/\/www.europesays.com\/fr\/wp-json\/wp\/v2\/tags?post=253008"}],"curies":[{"name":"wp","href":"https:\/\/api.w.org\/{rel}","templated":true}]}}