{"id":253018,"date":"2025-07-17T04:29:12","date_gmt":"2025-07-17T04:29:12","guid":{"rendered":"https:\/\/www.europesays.com\/fr\/253018\/"},"modified":"2025-07-17T04:29:12","modified_gmt":"2025-07-17T04:29:12","slug":"les-images-impressionnantes-de-lincendie-de-la-scene-principale-a-deux-jours-de-louverture","status":"publish","type":"post","link":"https:\/\/www.europesays.com\/fr\/253018\/","title":{"rendered":"les images impressionnantes de l&rsquo;incendie de la sc\u00e8ne principale, \u00e0 deux jours de l&rsquo;ouverture"},"content":{"rendered":"<p class=\"article-p mdl\">De terribles images \u00e0 deux jours de l&rsquo;ouverture de Tomorrowland. La sc\u00e8ne principale du festival, qui se d\u00e9roule \u00e0 Boom en Belgique, a pris feu ce mercredi 16 juillet en fin de journ\u00e9e.<\/p>\n<p class=\"article-p mdl\">D&rsquo;apr\u00e8s les photos et vid\u00e9os partag\u00e9es sur les r\u00e9seaux sociaux,<strong> les\u00a0<\/strong><a class=\"link\" href=\"https:\/\/www.rtl.fr\/actu\/debats-societe\/incendies-6-gestes-de-prevention-qui-peuvent-sauver-votre-habitation-7900522849\" title=\"Incendies : 6 gestes de pr\u00e9vention qui peuvent sauver votre habitation\" rel=\"nofollow noopener\" target=\"_blank\"><strong>flammes<\/strong><\/a><strong>\u00a0ont d\u00e9truit tout le d\u00e9cor<\/strong>. Il s&rsquo;agissait d&rsquo;un tout nouveau d\u00e9cor, repr\u00e9sentant une gigantesque calotte glaciaire. <strong>Les images sont tr\u00e8s impressionnantes<\/strong>, avec des flammes de plusieurs m\u00e8tres de hauteur.\u00a0\u00a0<\/p>\n<p class=\"article-p mdl\">Un \u00e9pais panache de fum\u00e9e \u00e9tait visible aux alentours et les autorit\u00e9s ont demand\u00e9 aux riverains <strong>de fermer leurs fen\u00eatres<\/strong>, indiquent les m\u00e9dias locaux francophones.\u00a0<\/p>\n<\/p>\n<p class=\"article-p mdl\">Les organisateurs ont indiqu\u00e9, sur leur site internet, <strong>qu&rsquo;aucun bless\u00e9 n&rsquo;\u00e9tait \u00e0 d\u00e9plorer<\/strong>. Par ailleurs, ils annoncent que \u00ab\u00a0Dreamville (le camping) ouvrira demain jeudi 17 juillet, comme pr\u00e9vu et sera pr\u00eat \u00e0 accueillir tous les visiteurs\u00a0\u00bb. Ils pr\u00e9cisent qu&rsquo;ils se concentrent \u00ab\u00a0sur la recherche de solutions pour le week-end du festival (vendredi, samedi et dimanche)\u00a0\u00bb et qu&rsquo;ils communiqueront d\u00e8s que possible.\u00a0<\/p>\n<p>    La r\u00e9daction vous recommande<\/p>\n<p class=\"s-newsletter__title\">\n                L\u2019actualit\u00e9 par la r\u00e9daction de RTL dans votre bo\u00eete mail.\n            <\/p>\n<p class=\"s-newsletter__subtitle\">\n                Gr\u00e2ce \u00e0 votre compte RTL abonnez-vous \u00e0 la newsletter RTL info pour suivre toute l&rsquo;actualit\u00e9 au quotidien\n            <\/p>\n<p>\n                                    Lire la suite\n                                <\/p>\n","protected":false},"excerpt":{"rendered":"De terribles images \u00e0 deux jours de l&rsquo;ouverture de Tomorrowland. La sc\u00e8ne principale du festival, qui se d\u00e9roule&hellip;\n","protected":false},"author":2,"featured_media":253019,"comment_status":"","ping_status":"","sticky":false,"template":"","format":"standard","meta":{"footnotes":""},"categories":[8],"tags":[58,59,849,107,1011,27,873],"class_list":{"0":"post-253018","1":"post","2":"type-post","3":"status-publish","4":"format-standard","5":"has-post-thumbnail","7":"category-divertissement","8":"tag-divertissement","9":"tag-entertainment","10":"tag-festival","11":"tag-fil-info","12":"tag-fr","13":"tag-france","14":"tag-musique"},"share_on_mastodon":{"url":"https:\/\/pubeurope.com\/@fr\/114866694654256929","error":""},"_links":{"self":[{"href":"https:\/\/www.europesays.com\/fr\/wp-json\/wp\/v2\/posts\/253018","targetHints":{"allow":["GET"]}}],"collection":[{"href":"https:\/\/www.europesays.com\/fr\/wp-json\/wp\/v2\/posts"}],"about":[{"href":"https:\/\/www.europesays.com\/fr\/wp-json\/wp\/v2\/types\/post"}],"author":[{"embeddable":true,"href":"https:\/\/www.europesays.com\/fr\/wp-json\/wp\/v2\/users\/2"}],"replies":[{"embeddable":true,"href":"https:\/\/www.europesays.com\/fr\/wp-json\/wp\/v2\/comments?post=253018"}],"version-history":[{"count":0,"href":"https:\/\/www.europesays.com\/fr\/wp-json\/wp\/v2\/posts\/253018\/revisions"}],"wp:featuredmedia":[{"embeddable":true,"href":"https:\/\/www.europesays.com\/fr\/wp-json\/wp\/v2\/media\/253019"}],"wp:attachment":[{"href":"https:\/\/www.europesays.com\/fr\/wp-json\/wp\/v2\/media?parent=253018"}],"wp:term":[{"taxonomy":"category","embeddable":true,"href":"https:\/\/www.europesays.com\/fr\/wp-json\/wp\/v2\/categories?post=253018"},{"taxonomy":"post_tag","embeddable":true,"href":"https:\/\/www.europesays.com\/fr\/wp-json\/wp\/v2\/tags?post=253018"}],"curies":[{"name":"wp","href":"https:\/\/api.w.org\/{rel}","templated":true}]}}