{"id":253026,"date":"2025-07-17T04:33:09","date_gmt":"2025-07-17T04:33:09","guid":{"rendered":"https:\/\/www.europesays.com\/fr\/253026\/"},"modified":"2025-07-17T04:33:09","modified_gmt":"2025-07-17T04:33:09","slug":"un-petit-garcon-avait-joue-avec-le-bebe-selon-la-famille","status":"publish","type":"post","link":"https:\/\/www.europesays.com\/fr\/253026\/","title":{"rendered":"\u00ab\u00a0Un petit gar\u00e7on avait jou\u00e9 avec le b\u00e9b\u00e9\u00a0\u00bb, selon la famille"},"content":{"rendered":"<p>Une enqu\u00eate a \u00e9t\u00e9 ouverte apr\u00e8s le d\u00e9c\u00e8s d&rsquo;une petite fille de cinq jours \u00e0 la maternit\u00e9 du CHU de Lille, a appris l&rsquo;AFP mercredi aupr\u00e8s de l&rsquo;h\u00f4pital et du parquet, la famille du b\u00e9b\u00e9 d\u00e9non\u00e7ant le comportement d&rsquo;un enfant visiteur dans le service.<\/p>\n<p>Les faits se sont d\u00e9roul\u00e9s vendredi au sein du service n\u00e9onatologie de l&rsquo;h\u00f4pital Jeanne de Flandre, l&rsquo;une des principales maternit\u00e9s de la r\u00e9gion. Le parquet de Lille a indiqu\u00e9 qu&rsquo;une enqu\u00eate \u00e9tait ouverte et \u00ab\u00a0des investigations en cours\u00a0\u00bb.<\/p>\n<p>\u00ab\u00a0Un \u00e9v\u00e8nement exceptionnel particuli\u00e8rement grave et bouleversant\u00a0\u00bb<\/p>\n<p>Elle a \u00e9t\u00e9 ouverte pour \u00ab\u00a0violences sur mineur de 15 ans\u00a0\u00bb, a indiqu\u00e9 une source proche de l&rsquo;enqu\u00eate. \u00ab\u00a0Un \u00e9v\u00e8nement exceptionnel particuli\u00e8rement grave et bouleversant, non li\u00e9 aux soins mais survenu au sein des locaux de l&rsquo;h\u00f4pital Jeanne de Flandre, s&rsquo;est produit vendredi 11 juillet en fin de matin\u00e9e, dans l&rsquo;unit\u00e9 de soins courants de n\u00e9onatologie, mettant imm\u00e9diatement en jeu l&rsquo;\u00e9tat de sant\u00e9 et le pronostic d&rsquo;une enfant hospitalis\u00e9e\u00a0\u00bb,\u00a0\u00e9crit le CHU dans un communiqu\u00e9 de presse.<\/p>\n<p>\u00ab\u00a0Malgr\u00e9 tous les efforts des \u00e9quipes de r\u00e9animation engag\u00e9s aussit\u00f4t et men\u00e9s depuis lors, l&rsquo;enfant (une fillette \u00e2g\u00e9e de cinq jours, NDLR) n&rsquo;a malheureusement pas pu \u00eatre sauv\u00e9e\u00a0\u00bb, poursuit le communiqu\u00e9.\u00a0<\/p>\n<p>Dans des d\u00e9clarations \u00e0 la Voix du Nord et \u00e0 France 3 Hauts-de-France, la famille du nourrisson pointe le comportement d&rsquo;un gar\u00e7on de 6 ans, fr\u00e8re d&rsquo;un autre b\u00e9b\u00e9 hospitalis\u00e9 \u00e0 Jeanne de Flandre, qui est d&rsquo;apr\u00e8s eux entr\u00e9 dans la pi\u00e8ce o\u00f9 se trouvait le b\u00e9b\u00e9, n\u00e9 pr\u00e9matur\u00e9e.\u00a0<\/p>\n<p>\u00ab\u00a0Tout \u00e0 coup, ils ont re\u00e7u un appel du responsable du service, indiquant qu&rsquo;il fallait venir tout de suite : un petit gar\u00e7on avait jou\u00e9 avec le b\u00e9b\u00e9, qui \u00e9tait tomb\u00e9\u00a0\u00bb, a expliqu\u00e9 la famille \u00e0 nos confr\u00e8res de <a href=\"https:\/\/www.lavoixdunord.fr\/1606995\/article\/2025-07-16\/ca-n-aurait-jamais-du-arriver-un-bebe-meurt-jeanne-de-flandres-apres-avoir-ete\" target=\"_blank\" rel=\"noopener\">La Voix du Nord<\/a>.<\/p>\n<p>La cousine du p\u00e8re <a href=\"https:\/\/france3-regions.franceinfo.fr\/hauts-de-france\/nord-0\/lille\/temoignage-un-bebe-retrouve-mort-a-l-hopital-jeanne-de-flandre-nu-sans-couche-avec-le-crane-ensanglante-et-inerte-3188733.html\" target=\"_blank\" rel=\"noopener\">rapporte \u00e0 France 3<\/a> que le nourrisson a \u00e9t\u00e9 retrouv\u00e9 nu, au sol, le cr\u00e2ne ensanglant\u00e9.<\/p>\n<p>\u00ab\u00a0Des mesures de stricte limitation des visites au sein des unit\u00e9s de n\u00e9onatologie du CHU de Lille ont \u00e9t\u00e9 prises \u00e0 titre conservatoire\u00a0\u00bb, \u00e9crit l&rsquo;h\u00f4pital, indiquant avoir \u00e9galement mis en place un soutien psychologique.\u00a0<\/p>\n<p>\u00ab\u00a0Les circonstances du drame restant \u00e0 \u00e9claircir\u00a0\u00bb, le CHU indique avoir saisi le Procureur de la R\u00e9publique et lanc\u00e9 une enqu\u00eate administrative interne.\u00a0<\/p>\n","protected":false},"excerpt":{"rendered":"Une enqu\u00eate a \u00e9t\u00e9 ouverte apr\u00e8s le d\u00e9c\u00e8s d&rsquo;une petite fille de cinq jours \u00e0 la maternit\u00e9 du&hellip;\n","protected":false},"author":2,"featured_media":253027,"comment_status":"","ping_status":"","sticky":false,"template":"","format":"standard","meta":{"footnotes":""},"categories":[4],"tags":[17,11,1102,274,1011,27,7419,1307,15761,5479,12,3494,15864,25,9066],"class_list":{"0":"post-253026","1":"post","2":"type-post","3":"status-publish","4":"format-standard","5":"has-post-thumbnail","7":"category-france","8":"tag-17","9":"tag-actualites","10":"tag-breakingnews","11":"tag-faits-divers-justice","12":"tag-fr","13":"tag-france","14":"tag-lhopital","15":"tag-lille","16":"tag-maternite","17":"tag-meurt","18":"tag-news","19":"tag-nourrisson","20":"tag-petit","21":"tag-republique-francaise","22":"tag-un"},"share_on_mastodon":{"url":"https:\/\/pubeurope.com\/@fr\/114866710373386548","error":""},"_links":{"self":[{"href":"https:\/\/www.europesays.com\/fr\/wp-json\/wp\/v2\/posts\/253026","targetHints":{"allow":["GET"]}}],"collection":[{"href":"https:\/\/www.europesays.com\/fr\/wp-json\/wp\/v2\/posts"}],"about":[{"href":"https:\/\/www.europesays.com\/fr\/wp-json\/wp\/v2\/types\/post"}],"author":[{"embeddable":true,"href":"https:\/\/www.europesays.com\/fr\/wp-json\/wp\/v2\/users\/2"}],"replies":[{"embeddable":true,"href":"https:\/\/www.europesays.com\/fr\/wp-json\/wp\/v2\/comments?post=253026"}],"version-history":[{"count":0,"href":"https:\/\/www.europesays.com\/fr\/wp-json\/wp\/v2\/posts\/253026\/revisions"}],"wp:featuredmedia":[{"embeddable":true,"href":"https:\/\/www.europesays.com\/fr\/wp-json\/wp\/v2\/media\/253027"}],"wp:attachment":[{"href":"https:\/\/www.europesays.com\/fr\/wp-json\/wp\/v2\/media?parent=253026"}],"wp:term":[{"taxonomy":"category","embeddable":true,"href":"https:\/\/www.europesays.com\/fr\/wp-json\/wp\/v2\/categories?post=253026"},{"taxonomy":"post_tag","embeddable":true,"href":"https:\/\/www.europesays.com\/fr\/wp-json\/wp\/v2\/tags?post=253026"}],"curies":[{"name":"wp","href":"https:\/\/api.w.org\/{rel}","templated":true}]}}