{"id":25303,"date":"2025-04-14T22:09:09","date_gmt":"2025-04-14T22:09:09","guid":{"rendered":"https:\/\/www.europesays.com\/fr\/25303\/"},"modified":"2025-04-14T22:09:09","modified_gmt":"2025-04-14T22:09:09","slug":"qui-veut-etre-mon-infirmier-le-sos-diris-petite-nicoise-diabetique-qui-a-besoin-dune-visite-de-soignant-lors-de-sa-pause-cantine-a-lecole","status":"publish","type":"post","link":"https:\/\/www.europesays.com\/fr\/25303\/","title":{"rendered":"\u00ab\u00a0Qui veut \u00eatre mon infirmier?\u00a0\u00bb: le SOS d\u2019Iris, petite Ni\u00e7oise diab\u00e9tique qui a besoin d\u2019une visite de soignant lors de sa pause cantine \u00e0 l\u2019\u00e9cole"},"content":{"rendered":"<p>Sous son t-shirt Stitch, elle ouvre la fermeture \u00e0 glissi\u00e8re de sa banane. \u00c0 l\u2019int\u00e9rieur: ni billes, ni bonbons. Mais une pompe \u00e0 insuline. Depuis son diagnostic en ao\u00fbt dernier, Iris, 7 ans, doit composer avec cette machine. Diab\u00e9tique, la petite Ni\u00e7oise vit au quotidien avec ses capteurs et sa surveillance des glyc\u00e9mies. Une r\u00e9alit\u00e9 qui s\u2019est impos\u00e9e dans sa vie de famille et \u00e0 l\u2019\u00e9cole.<\/p>\n<p>\u00ab\u00a0Depuis sa rentr\u00e9e en CE1, une infirmi\u00e8re la visite sur le temps de la cantine pour contr\u00f4ler ses taux et agir au besoin\u00a0\u00bb, indique Isabelle sa maman. Une nouvelle habitude plut\u00f4t rassurante: \u00ab\u00a0Le matin j\u2019envoyais parfois petit message \u00e0 l\u2019infirmi\u00e8re pour l\u2019informer que le pansement avait saign\u00e9 ou qu\u2019Iris n\u2019\u00e9tait pas en forme. C\u2019\u00e9tait un suivi.\u00a0\u00bb<\/p>\n<p>\u00ab\u00a0Tout le monde a refus\u00e9\u00a0\u00bb<\/p>\n<p>Sauf que voil\u00e0, depuis mars, l\u2019\u00e9l\u00e8ve scolaris\u00e9e dans l\u2019\u00e9tablissement Saint-Pierre-de-F\u00e9ric ne re\u00e7oit plus de soignant. \u00ab\u00a0Malheureusement son infirmi\u00e8re ne peut plus travailler. Je pensais que nous allions trouver un autre professionnel mais je fais chou blanc!\u00a0\u00bb<\/p>\n<p>Alors en attendant, la m\u00e8re de famille quitte fissa son travail \u00e0 la pause m\u00e9ridienne pour pallier ce manque en se rendant \u00e0 l\u2019\u00e9cole de sa fille. Une situation inconfortable qui laisse une famille dans l\u2019incompr\u00e9hension: \u00ab\u00a0Nous avons fait appel au prestataire de la pompe qui n\u2019a trouv\u00e9 personne apr\u00e8s avoir appel\u00e9 vingt cabinets, nous avons lanc\u00e9 un appel sur les r\u00e9seaux sociaux et j\u2019ai contact\u00e9 des dizaines et des dizaines de professionnels\u2026 Rien. Tout le monde a refus\u00e9.\u00a0\u00bb<\/p>\n<p>\u00c0 quelques jours de la rentr\u00e9e scolaire, cette absence de r\u00e9ponse interroge: \u00ab\u00a0Elle a droit \u00e0 cet acte qui n\u2019est pas long mais doit \u00eatre r\u00e9alis\u00e9 entre 11h30 et 13h30. Bien \u00e9videmment je ne demande pas \u00e0 ce qu\u2019un infirmier qui r\u00e9alise son circuit \u00e0 Nice Nord traverse toute la ville pour elle. On cherche une solution p\u00e9renne jusqu\u2019\u00e0 son entr\u00e9e au coll\u00e8ge.\u00a0\u00bb<\/p>\n<p>C\u2019est donc une bouteille \u00e0 la mer que jettent Isabelle et Iris (1).<\/p>\n<p>Le combat de l\u2019\u00e9cole inclusive<\/p>\n<p>Une situation qui, selon Audrey Celier, serait tout sauf anecdotique. Membre de l\u2019association fran\u00e7aise des diab\u00e9tiques des Alpes-Maritimes, elle lance tout de go: \u00ab\u00a0Je peux vous dire que c\u2019est un vrai sujet. Iris n\u2019est pas la seule. Certains enfants ne peuvent pas aller \u00e0 la cantine par exemple.\u00a0\u00bb<\/p>\n<p>Maman d\u2019un petit gar\u00e7on diagnostiqu\u00e9 \u00e0 11 mois, aujourd\u2019hui \u00e2g\u00e9 de 5 ans et demi, la Ni\u00e7oise conna\u00eet bien les difficult\u00e9s des familles qu\u2019elle \u00e9paule: \u00ab\u00a0Des fois c\u2019est aussi la composition des repas qui n\u2019est pas adapt\u00e9e. Certaines communes acceptent que les enfants ram\u00e8nent leur propre repas pour faciliter les choses par exemple. Le projet d\u2019accueil individualis\u00e9 mentionne les besoins et recommandations. Mais\u2026 dans les faits ce n\u2019est pas toujours simple.\u00a0\u00bb Son combat: faire de l\u2019\u00e9cole inclusive une r\u00e9alit\u00e9.<\/p>\n<p>\u00ab\u00a0On se retrouve parfois en face de situations ubuesques. J\u2019ai d\u00fb arr\u00eater de travailler pour permettre \u00e0 mon fils de participer aux sorties scolaires et m\u00eame \u00e0 certains cycles de sport \u00e0 l\u2019\u00e9cole\u2026 Les enfants diab\u00e9tiques se sentent diff\u00e9rents de leurs camarades, c\u2019est d\u00e9j\u00e0 lourd pour eux, alors il ne faut pas les isoler.\u00a0\u00bb Et pour elle, cela passe aussi par de la formation et de la pr\u00e9vention en milieu scolaire. Une mission qu\u2019elle m\u00e8ne tambour battant avec l\u2019association.<\/p>\n<p>1. Si vous souhaitez contacter Iris et sa maman: aidepouriris@gmail.com<\/p>\n","protected":false},"excerpt":{"rendered":"Sous son t-shirt Stitch, elle ouvre la fermeture \u00e0 glissi\u00e8re de sa banane. \u00c0 l\u2019int\u00e9rieur: ni billes, ni&hellip;\n","protected":false},"author":2,"featured_media":25304,"comment_status":"","ping_status":"","sticky":false,"template":"","format":"standard","meta":{"footnotes":""},"categories":[2819],"tags":[1111,11,1777,674,1011,27,12,2401,882,25,240],"class_list":{"0":"post-25303","1":"post","2":"type-post","3":"status-publish","4":"format-standard","5":"has-post-thumbnail","7":"category-nice","8":"tag-actu","9":"tag-actualites","10":"tag-eu","11":"tag-europe","12":"tag-fr","13":"tag-france","14":"tag-news","15":"tag-nice","16":"tag-provence-alpes-cote-dazur","17":"tag-republique-francaise","18":"tag-temoignage"},"share_on_mastodon":{"url":"https:\/\/pubeurope.com\/@fr\/114338605539222818","error":""},"_links":{"self":[{"href":"https:\/\/www.europesays.com\/fr\/wp-json\/wp\/v2\/posts\/25303","targetHints":{"allow":["GET"]}}],"collection":[{"href":"https:\/\/www.europesays.com\/fr\/wp-json\/wp\/v2\/posts"}],"about":[{"href":"https:\/\/www.europesays.com\/fr\/wp-json\/wp\/v2\/types\/post"}],"author":[{"embeddable":true,"href":"https:\/\/www.europesays.com\/fr\/wp-json\/wp\/v2\/users\/2"}],"replies":[{"embeddable":true,"href":"https:\/\/www.europesays.com\/fr\/wp-json\/wp\/v2\/comments?post=25303"}],"version-history":[{"count":0,"href":"https:\/\/www.europesays.com\/fr\/wp-json\/wp\/v2\/posts\/25303\/revisions"}],"wp:featuredmedia":[{"embeddable":true,"href":"https:\/\/www.europesays.com\/fr\/wp-json\/wp\/v2\/media\/25304"}],"wp:attachment":[{"href":"https:\/\/www.europesays.com\/fr\/wp-json\/wp\/v2\/media?parent=25303"}],"wp:term":[{"taxonomy":"category","embeddable":true,"href":"https:\/\/www.europesays.com\/fr\/wp-json\/wp\/v2\/categories?post=25303"},{"taxonomy":"post_tag","embeddable":true,"href":"https:\/\/www.europesays.com\/fr\/wp-json\/wp\/v2\/tags?post=25303"}],"curies":[{"name":"wp","href":"https:\/\/api.w.org\/{rel}","templated":true}]}}