{"id":253036,"date":"2025-07-17T04:38:14","date_gmt":"2025-07-17T04:38:14","guid":{"rendered":"https:\/\/www.europesays.com\/fr\/253036\/"},"modified":"2025-07-17T04:38:14","modified_gmt":"2025-07-17T04:38:14","slug":"nancy-les-vacances-au-camping-toute-une-culture","status":"publish","type":"post","link":"https:\/\/www.europesays.com\/fr\/253036\/","title":{"rendered":"Nancy. Les vacances au camping, toute une culture !"},"content":{"rendered":"<p>Depuis que Franck Dubosc y a port\u00e9 un maillot de bain improbable, et qu\u2019une s\u00e9rie t\u00e9l\u00e9 \u00e0 rallonge lui a embo\u00eet\u00e9 le pas, ils sont revenus \u00e0 la mode, les campings. Parce que cens\u00e9s s\u2019ouvrir en refuge populaire et pas cher.<\/p>\n<p>Pour le \u00ab pas cher \u00bb, c\u2019est plus que relatif. Y\u2019en a. Mais il y en a aussi qui affichent des tarifs de palace.<\/p>\n<p>Tel n\u2019est pas trop le cas dans nos r\u00e9gions o\u00f9 le camping s\u2019offre plus en solution d\u2019h\u00e9bergement de passage que de long s\u00e9jour\u2026<\/p>\n<p>Quoi qu\u2019il en soit, la ministre de la Culture Rachida Dati en a fait son nouveau cheval de bataille. Son \u00ab plan&#8230;<\/p>\n","protected":false},"excerpt":{"rendered":"Depuis que Franck Dubosc y a port\u00e9 un maillot de bain improbable, et qu\u2019une s\u00e9rie t\u00e9l\u00e9 \u00e0 rallonge&hellip;\n","protected":false},"author":2,"featured_media":253037,"comment_status":"","ping_status":"","sticky":false,"template":"","format":"standard","meta":{"footnotes":""},"categories":[9635],"tags":[1111,11,1687,1704,1777,674,1011,27,775,873,1702,1703,12,25],"class_list":{"0":"post-253036","1":"post","2":"type-post","3":"status-publish","4":"format-standard","5":"has-post-thumbnail","7":"category-nancy","8":"tag-actu","9":"tag-actualites","10":"tag-culture-loisirs","11":"tag-edition-nancy-et-agglomeration","12":"tag-eu","13":"tag-europe","14":"tag-fr","15":"tag-france","16":"tag-grand-est","17":"tag-musique","18":"tag-nancy","19":"tag-nancy-ville-54b","20":"tag-news","21":"tag-republique-francaise"},"share_on_mastodon":{"url":"https:\/\/pubeurope.com\/@fr\/114866730028287190","error":""},"_links":{"self":[{"href":"https:\/\/www.europesays.com\/fr\/wp-json\/wp\/v2\/posts\/253036","targetHints":{"allow":["GET"]}}],"collection":[{"href":"https:\/\/www.europesays.com\/fr\/wp-json\/wp\/v2\/posts"}],"about":[{"href":"https:\/\/www.europesays.com\/fr\/wp-json\/wp\/v2\/types\/post"}],"author":[{"embeddable":true,"href":"https:\/\/www.europesays.com\/fr\/wp-json\/wp\/v2\/users\/2"}],"replies":[{"embeddable":true,"href":"https:\/\/www.europesays.com\/fr\/wp-json\/wp\/v2\/comments?post=253036"}],"version-history":[{"count":0,"href":"https:\/\/www.europesays.com\/fr\/wp-json\/wp\/v2\/posts\/253036\/revisions"}],"wp:featuredmedia":[{"embeddable":true,"href":"https:\/\/www.europesays.com\/fr\/wp-json\/wp\/v2\/media\/253037"}],"wp:attachment":[{"href":"https:\/\/www.europesays.com\/fr\/wp-json\/wp\/v2\/media?parent=253036"}],"wp:term":[{"taxonomy":"category","embeddable":true,"href":"https:\/\/www.europesays.com\/fr\/wp-json\/wp\/v2\/categories?post=253036"},{"taxonomy":"post_tag","embeddable":true,"href":"https:\/\/www.europesays.com\/fr\/wp-json\/wp\/v2\/tags?post=253036"}],"curies":[{"name":"wp","href":"https:\/\/api.w.org\/{rel}","templated":true}]}}