{"id":253054,"date":"2025-07-17T04:50:16","date_gmt":"2025-07-17T04:50:16","guid":{"rendered":"https:\/\/www.europesays.com\/fr\/253054\/"},"modified":"2025-07-17T04:50:16","modified_gmt":"2025-07-17T04:50:16","slug":"strasbourg-rassemblement-vendredi-19-juillet-en-soutien-aux-afghans-refugies-en-iran","status":"publish","type":"post","link":"https:\/\/www.europesays.com\/fr\/253054\/","title":{"rendered":"Strasbourg. Rassemblement vendredi 19 juillet en soutien aux Afghans r\u00e9fugi\u00e9s en Iran"},"content":{"rendered":"<p class=\"wp-block-post-excerpt__excerpt\">Des Afghans de Strasbourg organisent un rassemblement de soutien vendredi 19 juillet pour protester contre la politique de l\u2019Iran vis \u00e0 vis des r\u00e9fugi\u00e9s de ce pays voisin. <\/p>\n<p class=\"font-sans\">\n\t\t\tCet article est en acc\u00e8s libre. Pour soutenir Rue89 Strasbourg,<br \/>\n\t\t\t<a class=\"underline\" href=\"https:\/\/www.rue89strasbourg.com\/abonnement\" target=\"_blank\" rel=\"noopener\">abonnez-vous<\/a>.\n\t\t<\/p>\n<p>Rue89 Strasbourg<\/p>\n<p>Publi\u00e9 le 17 juillet 2025\u00a0\u00a0\u00b7\u00a0\u00a0<\/p>\n<p>Imprim\u00e9 le 17 juillet 2025 \u00e0 06h00\u00a0\u00a0\u00b7\u00a0\u00a0<\/p>\n<p>\t\t\t\t\t1\u00a0minute\n<\/p>\n<p>Des membres de la communaut\u00e9 afghane \u00e0 Strasbourg ainsi que l\u2019Association culturelle des Afghans de Strasbourg (Acas) appellent \u00e0 un rassemblement vendredi 19 juillet de 17h \u00e0 19h, place Kl\u00e9ber \u00e0 Strasbourg. L\u2019objectif est de protester contre la politique migratoire iranienne, selon un communiqu\u00e9\u00a0:<\/p>\n<blockquote class=\"wp-block-quote is-layout-flow wp-block-quote-is-layout-flow\">\n<p>\u00ab\u00a0La R\u00e9publique islamique d\u2019Iran a mis en place un syst\u00e8me fond\u00e9 sur l\u2019humiliation, l\u2019abus et le racisme d\u2019\u00c9tat. Des milliers d\u2019Afghans y travaillent dans des conditions d\u00e9gradantes, sans contrat, sans s\u00e9curit\u00e9, pour des salaires bien inf\u00e9rieurs au minimum l\u00e9gal, soumis \u00e0 des abus constants de la part de leurs employeurs.\u00a0\u00bb<\/p>\n<\/blockquote>\n<p>Mais depuis quelques semaines, cette politique s\u2019est encore durcie\u00a0:<\/p>\n<blockquote class=\"wp-block-quote is-layout-flow wp-block-quote-is-layout-flow\">\n<p>\u00ab\u00a0Une vague d\u2019arrestations arbitraires, de confiscation de biens, de destruction de documents officiels, de violences physiques et d\u2019expulsions collectives a de nouveau frapp\u00e9 la communaut\u00e9 afghane en Iran. De nombreux r\u00e9fugi\u00e9s ont \u00e9t\u00e9 conduits de force \u00e0 la fronti\u00e8re, abandonn\u00e9s sans eau, sans nourriture, sans abri.\u00a0\u00bb <\/p>\n<\/blockquote>\n<p>Y <strong>aller<\/strong><\/p>\n<p><strong>Rassemblement en soutien aux Afghans r\u00e9fugi\u00e9s en Iran<\/strong>, vendredi 19 juillet de 17h \u00e0 19h, place Kl\u00e9ber \u00e0 Strasbourg \u2013 centre-ville.<\/p>\n","protected":false},"excerpt":{"rendered":"Des Afghans de Strasbourg organisent un rassemblement de soutien vendredi 19 juillet pour protester contre la politique de&hellip;\n","protected":false},"author":2,"featured_media":253055,"comment_status":"","ping_status":"","sticky":false,"template":"","format":"standard","meta":{"footnotes":""},"categories":[2820],"tags":[1111,11,1777,674,1011,27,775,3019,2088,12,25,640],"class_list":{"0":"post-253054","1":"post","2":"type-post","3":"status-publish","4":"format-standard","5":"has-post-thumbnail","7":"category-strasbourg","8":"tag-actu","9":"tag-actualites","10":"tag-eu","11":"tag-europe","12":"tag-fr","13":"tag-france","14":"tag-grand-est","15":"tag-iran","16":"tag-manifestation","17":"tag-news","18":"tag-republique-francaise","19":"tag-strasbourg"},"share_on_mastodon":{"url":"https:\/\/pubeurope.com\/@fr\/114866777145769407","error":""},"_links":{"self":[{"href":"https:\/\/www.europesays.com\/fr\/wp-json\/wp\/v2\/posts\/253054","targetHints":{"allow":["GET"]}}],"collection":[{"href":"https:\/\/www.europesays.com\/fr\/wp-json\/wp\/v2\/posts"}],"about":[{"href":"https:\/\/www.europesays.com\/fr\/wp-json\/wp\/v2\/types\/post"}],"author":[{"embeddable":true,"href":"https:\/\/www.europesays.com\/fr\/wp-json\/wp\/v2\/users\/2"}],"replies":[{"embeddable":true,"href":"https:\/\/www.europesays.com\/fr\/wp-json\/wp\/v2\/comments?post=253054"}],"version-history":[{"count":0,"href":"https:\/\/www.europesays.com\/fr\/wp-json\/wp\/v2\/posts\/253054\/revisions"}],"wp:featuredmedia":[{"embeddable":true,"href":"https:\/\/www.europesays.com\/fr\/wp-json\/wp\/v2\/media\/253055"}],"wp:attachment":[{"href":"https:\/\/www.europesays.com\/fr\/wp-json\/wp\/v2\/media?parent=253054"}],"wp:term":[{"taxonomy":"category","embeddable":true,"href":"https:\/\/www.europesays.com\/fr\/wp-json\/wp\/v2\/categories?post=253054"},{"taxonomy":"post_tag","embeddable":true,"href":"https:\/\/www.europesays.com\/fr\/wp-json\/wp\/v2\/tags?post=253054"}],"curies":[{"name":"wp","href":"https:\/\/api.w.org\/{rel}","templated":true}]}}