{"id":253056,"date":"2025-07-17T04:51:14","date_gmt":"2025-07-17T04:51:14","guid":{"rendered":"https:\/\/www.europesays.com\/fr\/253056\/"},"modified":"2025-07-17T04:51:14","modified_gmt":"2025-07-17T04:51:14","slug":"alsace-comment-decrocher-un-logement-dans-une-residence-universitaire-a-strasbourg-et-mulhouse","status":"publish","type":"post","link":"https:\/\/www.europesays.com\/fr\/253056\/","title":{"rendered":"Alsace. Comment d\u00e9crocher un logement dans une r\u00e9sidence universitaire \u00e0 Strasbourg et Mulhouse"},"content":{"rendered":"<p>Pr\u00e8s de la moiti\u00e9 des 87\u00a0000 \u00e9tudiants alsaciens, dont 70\u00a0000 Bas-Rhinois, demeurent chez leurs parents. Pour les autres, le secteur priv\u00e9 absorbe tant bien que mal 80\u00a0% des \u00e9tudiants, les 20\u00a0% restants sont log\u00e9s dans des r\u00e9sidences d\u00e9di\u00e9es \u00e0 des tarifs sociaux ou pr\u00e9f\u00e9rentiels. Notamment dans les 5\u00a0525 logements du Crous de Strasbourg (4\u00a0924 dans l\u2019Eurom\u00e9tropole et 601 \u00e0 Mulhouse) qui donne la priorit\u00e9 aux \u00e9tudiants boursiers non internationaux lors de la phase principale d\u2019attribution.<\/p>\n<p>Hausse de 20\u00a0% des demandes<\/p>\n<p>Pour mettre toutes les chances de leur c\u00f4t\u00e9, les candidats devaient postuler d\u00e8s le 6\u00a0mai, date d\u2019ouverture de la plateforme <a href=\"https:\/\/trouverunlogement.lescrous.fr\/\" target=\"_blank\" rel=\"nofollow noopener\">Trouverunlogement.les.crous.fr<\/a>. Cette ann\u00e9e plus de 6\u00a0000 demandes ont \u00e9t\u00e9&#8230;<\/p>\n","protected":false},"excerpt":{"rendered":"Pr\u00e8s de la moiti\u00e9 des 87\u00a0000 \u00e9tudiants alsaciens, dont 70\u00a0000 Bas-Rhinois, demeurent chez leurs parents. Pour les autres,&hellip;\n","protected":false},"author":2,"featured_media":253057,"comment_status":"","ping_status":"","sticky":false,"template":"","format":"standard","meta":{"footnotes":""},"categories":[2820],"tags":[1111,11,2389,1636,1777,674,107,1011,27,775,1908,1634,12,25,104,640],"class_list":{"0":"post-253056","1":"post","2":"type-post","3":"status-publish","4":"format-standard","5":"has-post-thumbnail","7":"category-strasbourg","8":"tag-actu","9":"tag-actualites","10":"tag-alsace","11":"tag-edition-mulhouse-thann","12":"tag-eu","13":"tag-europe","14":"tag-fil-info","15":"tag-fr","16":"tag-france","17":"tag-grand-est","18":"tag-logement","19":"tag-mulhouse","20":"tag-news","21":"tag-republique-francaise","22":"tag-societe","23":"tag-strasbourg"},"share_on_mastodon":{"url":"https:\/\/pubeurope.com\/@fr\/114866781065770595","error":""},"_links":{"self":[{"href":"https:\/\/www.europesays.com\/fr\/wp-json\/wp\/v2\/posts\/253056","targetHints":{"allow":["GET"]}}],"collection":[{"href":"https:\/\/www.europesays.com\/fr\/wp-json\/wp\/v2\/posts"}],"about":[{"href":"https:\/\/www.europesays.com\/fr\/wp-json\/wp\/v2\/types\/post"}],"author":[{"embeddable":true,"href":"https:\/\/www.europesays.com\/fr\/wp-json\/wp\/v2\/users\/2"}],"replies":[{"embeddable":true,"href":"https:\/\/www.europesays.com\/fr\/wp-json\/wp\/v2\/comments?post=253056"}],"version-history":[{"count":0,"href":"https:\/\/www.europesays.com\/fr\/wp-json\/wp\/v2\/posts\/253056\/revisions"}],"wp:featuredmedia":[{"embeddable":true,"href":"https:\/\/www.europesays.com\/fr\/wp-json\/wp\/v2\/media\/253057"}],"wp:attachment":[{"href":"https:\/\/www.europesays.com\/fr\/wp-json\/wp\/v2\/media?parent=253056"}],"wp:term":[{"taxonomy":"category","embeddable":true,"href":"https:\/\/www.europesays.com\/fr\/wp-json\/wp\/v2\/categories?post=253056"},{"taxonomy":"post_tag","embeddable":true,"href":"https:\/\/www.europesays.com\/fr\/wp-json\/wp\/v2\/tags?post=253056"}],"curies":[{"name":"wp","href":"https:\/\/api.w.org\/{rel}","templated":true}]}}