{"id":253058,"date":"2025-07-17T04:52:10","date_gmt":"2025-07-17T04:52:10","guid":{"rendered":"https:\/\/www.europesays.com\/fr\/253058\/"},"modified":"2025-07-17T04:52:10","modified_gmt":"2025-07-17T04:52:10","slug":"trop-haut-de-50-a-70cm-la-hauteur-du-nouveau-centre-des-congres-de-nice-portee-devant-la-justice","status":"publish","type":"post","link":"https:\/\/www.europesays.com\/fr\/253058\/","title":{"rendered":"Trop haut de 50 \u00e0 70cm? La hauteur du nouveau centre des congr\u00e8s de Nice port\u00e9e devant la justice"},"content":{"rendered":"<p>Trop haut de 50 \u00e0 70cm, le nouveau centre des congr\u00e8s du port? C\u2019est ce qu\u2019estime le Comit\u00e9 de d\u00e9fense des quartiers du port de Nice et de l\u2019environnement. Cette association de riverains a saisi le pr\u00e9fet, avant m\u00eame le d\u00e9but du sommet de l\u2019Oc\u00e9an, pour qu\u2019il mandate ses services sur le quai Infernet. Le comit\u00e9 de quartier r\u00e9clamait, au travers de ce contr\u00f4le, que la hauteur finale du b\u00e2timent soit mesur\u00e9e pr\u00e9cis\u00e9ment. Car pour son pr\u00e9sident, Jean-Michel Bidart, le permis de construire n\u2019a pas \u00e9t\u00e9 respect\u00e9.<\/p>\n<p>Un courrier au pr\u00e9fet rest\u00e9 lettre morte<\/p>\n<p>Son courrier recommand\u00e9 \u00e9tant rest\u00e9 lettre morte, le pr\u00e9sident de l\u2019association de d\u00e9fense des quartiers du port de Nice et de l\u2019environnement vient d\u2019attaquer ce \u00ab\u00a0refus implicite\u00a0\u00bb devant le tribunal administratif. Objectif: contraindre la pr\u00e9fecture \u00e0 r\u00e9aliser le contr\u00f4le d\u2019urbanisme r\u00e9clam\u00e9 par ces riverains. Et donc v\u00e9rifier si, oui ou non, le nouveau centre des congr\u00e8s du quai Infernet est trop haut de 70cm.<\/p>\n<p>\u00ab\u00a0Le pr\u00e9fet \u00e9tait tenu de constater l\u2019infraction au nom respect du permis, d\u2019en dresser proc\u00e8s-verbal et de le transmettre sans d\u00e9lai au parquet\u00a0\u00bb, estime dans sa requ\u00eate Me Philippe Chrestia qui, pour contraindre les services de l\u2019\u00c9tat \u00e0 s\u2019ex\u00e9cuter, demande au tribunal non seulement de lui faire droit mais de condamner la pr\u00e9fecture \u00e0 une astreinte de 500 euros par jour si elle ne s\u2019ex\u00e9cute.<\/p>\n<p>Pour cela, encore faut-il que la juridiction administrative suive le raisonnement d\u00e9velopp\u00e9 par le comit\u00e9 de quartier. Il appartient d\u00e9sormais aux magistrats de d\u00e9cider si cette requ\u00eate est recevable et si elle est fond\u00e9e.<\/p>\n","protected":false},"excerpt":{"rendered":"Trop haut de 50 \u00e0 70cm, le nouveau centre des congr\u00e8s du port? C\u2019est ce qu\u2019estime le Comit\u00e9&hellip;\n","protected":false},"author":2,"featured_media":253059,"comment_status":"","ping_status":"","sticky":false,"template":"","format":"standard","meta":{"footnotes":""},"categories":[2819],"tags":[1111,11,1777,674,1011,27,303,12,2401,882,25],"class_list":{"0":"post-253058","1":"post","2":"type-post","3":"status-publish","4":"format-standard","5":"has-post-thumbnail","7":"category-nice","8":"tag-actu","9":"tag-actualites","10":"tag-eu","11":"tag-europe","12":"tag-fr","13":"tag-france","14":"tag-justice","15":"tag-news","16":"tag-nice","17":"tag-provence-alpes-cote-dazur","18":"tag-republique-francaise"},"share_on_mastodon":{"url":"https:\/\/pubeurope.com\/@fr\/114866785106414694","error":""},"_links":{"self":[{"href":"https:\/\/www.europesays.com\/fr\/wp-json\/wp\/v2\/posts\/253058","targetHints":{"allow":["GET"]}}],"collection":[{"href":"https:\/\/www.europesays.com\/fr\/wp-json\/wp\/v2\/posts"}],"about":[{"href":"https:\/\/www.europesays.com\/fr\/wp-json\/wp\/v2\/types\/post"}],"author":[{"embeddable":true,"href":"https:\/\/www.europesays.com\/fr\/wp-json\/wp\/v2\/users\/2"}],"replies":[{"embeddable":true,"href":"https:\/\/www.europesays.com\/fr\/wp-json\/wp\/v2\/comments?post=253058"}],"version-history":[{"count":0,"href":"https:\/\/www.europesays.com\/fr\/wp-json\/wp\/v2\/posts\/253058\/revisions"}],"wp:featuredmedia":[{"embeddable":true,"href":"https:\/\/www.europesays.com\/fr\/wp-json\/wp\/v2\/media\/253059"}],"wp:attachment":[{"href":"https:\/\/www.europesays.com\/fr\/wp-json\/wp\/v2\/media?parent=253058"}],"wp:term":[{"taxonomy":"category","embeddable":true,"href":"https:\/\/www.europesays.com\/fr\/wp-json\/wp\/v2\/categories?post=253058"},{"taxonomy":"post_tag","embeddable":true,"href":"https:\/\/www.europesays.com\/fr\/wp-json\/wp\/v2\/tags?post=253058"}],"curies":[{"name":"wp","href":"https:\/\/api.w.org\/{rel}","templated":true}]}}