{"id":253060,"date":"2025-07-17T04:53:09","date_gmt":"2025-07-17T04:53:09","guid":{"rendered":"https:\/\/www.europesays.com\/fr\/253060\/"},"modified":"2025-07-17T04:53:09","modified_gmt":"2025-07-17T04:53:09","slug":"promenade-des-anglais-a-nice-tout-conducteur-controle-en-grand-exces-de-vitesse-sera-desormais-place-en-garde-a-vue","status":"publish","type":"post","link":"https:\/\/www.europesays.com\/fr\/253060\/","title":{"rendered":"Promenade des Anglais \u00e0 Nice\u00a0: tout conducteur contr\u00f4l\u00e9 en grand exc\u00e8s de vitesse sera d\u00e9sormais plac\u00e9 en garde \u00e0 vue"},"content":{"rendered":"<p class=\"paragraph text_align_left lp-f-body-02\">Quinze personnes y sont mortes dans des accidents de la route depuis 2023. Pour lutter contre la d\u00e9linquance routi\u00e8re, les autorit\u00e9s ont pris une mesure drastique\u00a0: tout conducteur contr\u00f4l\u00e9 en grand exc\u00e8s de vitesse <a href=\"https:\/\/www.leparisien.fr\/elections\/europeennes\/securite-le-coup-de-pouce-de-l-europe-pour-proteger-la-promenade-des-anglais-a-nice-07-05-2019-8067033.php\" target=\"_blank\" rel=\"noreferrer noopener\">sur la Promenade des Anglais<\/a> \u00e0 Nice (Alpes-Maritimes) sera d\u00e9sormais plac\u00e9 en garde \u00e0 vue, ont annonc\u00e9 mercredi soir le procureur et le pr\u00e9fet.<\/p>\n<p class=\"paragraph text_align_left lp-f-body-02\">Lundi, alors que la ville rendait hommage aux 86 victimes <a href=\"https:\/\/www.leparisien.fr\/alpes-maritimes-06\/attentat-de-nice-une-sculpture-en-hommage-aux-victimes-devoilee-07-01-2022-R4VP3IOZTRCVFAOZTDBW2FJBB4.php\" target=\"_blank\" rel=\"noreferrer noopener\">de l\u2019attentat du 14\u00a0juillet 2016<\/a> sur sa grande avenue du bord de mer, des contr\u00f4les de vitesse ont encore surpris deux motards \u00e0 plus de 130\u00a0km\/h. Or, cet axe compte trois voies de circulation dans chaque sens, un large espace pi\u00e9ton et une piste cyclable o\u00f9 filent v\u00e9los et trottinettes.<\/p>\n<p class=\"paragraph text_align_left lp-f-body-02\">Cinq personnes y ont trouv\u00e9 la mort <a href=\"https:\/\/www.leparisien.fr\/faits-divers\/nice-un-homme-ecrase-par-deux-voitures-sur-la-promenade-des-anglais-27-02-2023-UMRAMVBANZBGRLPUZYVPYBQTXQ.php\" target=\"_blank\" rel=\"noreferrer noopener\">en 2023<\/a>, six en 2024 et quatre depuis janvier\u00a02025. Il s\u2019agissait de cinq conducteurs de deux-roues, quatre pi\u00e9tons, trois cyclistes, les passagers d\u2019un deux-roues et d\u2019une voiture et un conducteur de trottinette. Pour cette ann\u00e9e, les morts de la Prom\u2019, comme l\u2019appellent les Ni\u00e7ois, repr\u00e9sentent pr\u00e8s de 20\u00a0% des victimes de la route dans le d\u00e9partement.<\/p>\n<p class=\"paragraph text_align_left lp-f-body-02\">Deux de ces morts remontent \u00e0 la semaine derni\u00e8re, quand un motard qui roulait vraisemblablement trop vite a percut\u00e9 un v\u00e9lo. Le cycliste et la passag\u00e8re de 21\u00a0ans du motard sont morts, le motard est sorti du coma.<\/p>\n<p>Mise en danger de la vie d\u2019autrui<\/p>\n<p class=\"paragraph text_align_left lp-f-body-02\">\u00ab\u00a0On a des conduites ici extr\u00eamement agressives, de l\u2019incivisme caract\u00e9ris\u00e9\u00a0\u00bb, a d\u00e9plor\u00e9 le pr\u00e9fet Laurent Hottiaux, lors d\u2019un point presse en marge d\u2019un contr\u00f4le de vitesse. \u00ab\u00a0Il y a \u00e9videmment la vitesse, l\u2019alcool, les stup\u00e9fiants, mais il y a des morts, et ici, des personnes tr\u00e8s jeunes\u00a0\u00bb.<\/p>\n<p class=\"paragraph text_align_left lp-f-body-02\">Le pr\u00e9fet et les services de police ont promis des contr\u00f4les de vitesse quasi-quotidiens sur l\u2019axe pendant l\u2019\u00e9t\u00e9, et le procureur Damien Martinelli a \u00e9voqu\u00e9 un renforcement des poursuites et des sanctions.<\/p>\n<p class=\"paragraph text_align_left lp-f-body-02\">Au premier trimestre 2025, le nombre de poursuites engag\u00e9es par le parquet de Nice en mati\u00e8re de d\u00e9linquance routi\u00e8re a bondi de 30\u00a0% par rapport \u00e0 la m\u00eame p\u00e9riode l\u2019an dernier. Un radar suppl\u00e9mentaire install\u00e9 sur la Promenade des Anglais le 27\u00a0mai a d\u00e9j\u00e0 relev\u00e9 plus de 3 000 exc\u00e8s de vitesse en sept semaines.<\/p>\n<p class=\"paragraph text_align_left lp-f-body-02\">Et \u00e0 partir de ce mercredi, \u00ab\u00a0la consigne donn\u00e9e aux policiers c\u2019est que tout conducteur \u00e0 plus de 100\u00a0km\/h sera syst\u00e9matiquement plac\u00e9 en garde \u00e0 vue pour mise en danger de la vie d\u2019autrui\u00a0\u00bb, a pr\u00e9venu le procureur.<\/p>\n","protected":false},"excerpt":{"rendered":"Quinze personnes y sont mortes dans des accidents de la route depuis 2023. Pour lutter contre la d\u00e9linquance&hellip;\n","protected":false},"author":2,"featured_media":253061,"comment_status":"","ping_status":"","sticky":false,"template":"","format":"standard","meta":{"footnotes":""},"categories":[2819],"tags":[1111,11,6657,459,1777,674,118,1011,27,12,2401,882,25],"class_list":{"0":"post-253060","1":"post","2":"type-post","3":"status-publish","4":"format-standard","5":"has-post-thumbnail","7":"category-nice","8":"tag-actu","9":"tag-actualites","10":"tag-alpes-maritimes-06","11":"tag-departements-horsidfo","12":"tag-eu","13":"tag-europe","14":"tag-faits-divers","15":"tag-fr","16":"tag-france","17":"tag-news","18":"tag-nice","19":"tag-provence-alpes-cote-dazur","20":"tag-republique-francaise"},"share_on_mastodon":{"url":"https:\/\/pubeurope.com\/@fr\/114866789056448832","error":""},"_links":{"self":[{"href":"https:\/\/www.europesays.com\/fr\/wp-json\/wp\/v2\/posts\/253060","targetHints":{"allow":["GET"]}}],"collection":[{"href":"https:\/\/www.europesays.com\/fr\/wp-json\/wp\/v2\/posts"}],"about":[{"href":"https:\/\/www.europesays.com\/fr\/wp-json\/wp\/v2\/types\/post"}],"author":[{"embeddable":true,"href":"https:\/\/www.europesays.com\/fr\/wp-json\/wp\/v2\/users\/2"}],"replies":[{"embeddable":true,"href":"https:\/\/www.europesays.com\/fr\/wp-json\/wp\/v2\/comments?post=253060"}],"version-history":[{"count":0,"href":"https:\/\/www.europesays.com\/fr\/wp-json\/wp\/v2\/posts\/253060\/revisions"}],"wp:featuredmedia":[{"embeddable":true,"href":"https:\/\/www.europesays.com\/fr\/wp-json\/wp\/v2\/media\/253061"}],"wp:attachment":[{"href":"https:\/\/www.europesays.com\/fr\/wp-json\/wp\/v2\/media?parent=253060"}],"wp:term":[{"taxonomy":"category","embeddable":true,"href":"https:\/\/www.europesays.com\/fr\/wp-json\/wp\/v2\/categories?post=253060"},{"taxonomy":"post_tag","embeddable":true,"href":"https:\/\/www.europesays.com\/fr\/wp-json\/wp\/v2\/tags?post=253060"}],"curies":[{"name":"wp","href":"https:\/\/api.w.org\/{rel}","templated":true}]}}