{"id":253062,"date":"2025-07-17T04:54:11","date_gmt":"2025-07-17T04:54:11","guid":{"rendered":"https:\/\/www.europesays.com\/fr\/253062\/"},"modified":"2025-07-17T04:54:11","modified_gmt":"2025-07-17T04:54:11","slug":"le-8-mai-journee-symbole-de-la-resistance-a-toutes-les-formes-de-fascisme","status":"publish","type":"post","link":"https:\/\/www.europesays.com\/fr\/253062\/","title":{"rendered":"\u00ab\u00a0Le 8-Mai, journ\u00e9e symbole de la r\u00e9sistance \u00e0 toutes les formes de fascisme\u00a0\u00bb"},"content":{"rendered":"<p><strong>\u00ab\u00a0\u00c0 la dette qui nous relie pour toujours aux r\u00e9sistants et d\u00e9port\u00e9s, il a \u00e9t\u00e9 pr\u00e9f\u00e9r\u00e9 un m\u00e9diocre marchandage sur l\u2019autel de la dette financi\u00e8re. Cette d\u00e9cision est indigne et inacceptable.\u00a0\u00bb<\/strong> La col\u00e8re de <a href=\"https:\/\/nantes.maville.com\/actu\/actudet_-une-journee-pour-se-souvenir-de-la-resistance-_8-6307063_actu.Htm\" target=\"_self\" rel=\"nofollow noopener\">Comit\u00e9 du souvenir-r\u00e9sistance 44<\/a> est perceptible entre les lignes de leur communiqu\u00e9 transmis dans les r\u00e9dactions, mercredi soir, 16\u00a0juillet 2025. L\u2019association r\u00e9agit \u00e0 la d\u00e9cision du gouvernement de supprimer le 8-Mai comme jour f\u00e9ri\u00e9 dans le cadre d\u2019un vaste plan d\u2019\u00e9conomies budg\u00e9taires, <strong>\u00ab\u00a0quelques semaines seulement apr\u00e8s les comm\u00e9morations du 80e anniversaire de la Victoire du 8\u00a0mai 1945\u00a0\u00bb.<\/strong><\/p>\n<p>Pour les membres du comit\u00e9, cette date est <strong>\u00ab\u00a0embl\u00e9matique des souffrances et des sacrifices subis pendant cinq ans par des millions d\u2019enfants, de femmes et d\u2019hommes dans les pays en guerre et dans le syst\u00e8me concentrationnaire et d\u2019extermination. En banalisant le 8-Mai, le gouvernement banalise cette page essentielle de notre histoire dans la m\u00e9moire collective et le combat des r\u00e9sistants pour la solidarit\u00e9 et la libert\u00e9\u00a0\u00bb. <\/strong>Ils estiment que <strong>\u00ab\u00a0dans ce contexte de mont\u00e9e des id\u00e9es racistes et x\u00e9nophobes dans notre pays y compris dans l\u2019Ouest, port\u00e9es par une extr\u00eame droite h\u00e9riti\u00e8re du p\u00e9tainisme [\u2026], le 8-Mai doit rester comme la journ\u00e9e symbole de la r\u00e9sistance \u00e0 toutes les formes de fascisme\u00a0\u00bb.<\/strong><\/p>\n<p>\u00a0<\/p>\n","protected":false},"excerpt":{"rendered":"\u00ab\u00a0\u00c0 la dette qui nous relie pour toujours aux r\u00e9sistants et d\u00e9port\u00e9s, il a \u00e9t\u00e9 pr\u00e9f\u00e9r\u00e9 un m\u00e9diocre&hellip;\n","protected":false},"author":2,"featured_media":253063,"comment_status":"","ping_status":"","sticky":false,"template":"","format":"standard","meta":{"footnotes":""},"categories":[2818],"tags":[18719,1111,11,1777,674,16959,20101,1011,27,3465,766,12,2636,25,9855,6304],"class_list":{"0":"post-253062","1":"post","2":"type-post","3":"status-publish","4":"format-standard","5":"has-post-thumbnail","7":"category-nantes","8":"tag-8-mai","9":"tag-actu","10":"tag-actualites","11":"tag-eu","12":"tag-europe","13":"tag-fascisme","14":"tag-formes","15":"tag-fr","16":"tag-france","17":"tag-journee","18":"tag-nantes","19":"tag-news","20":"tag-pays-de-la-loire","21":"tag-republique-francaise","22":"tag-resistance","23":"tag-symbole"},"share_on_mastodon":{"url":"https:\/\/pubeurope.com\/@fr\/114866792863864507","error":""},"_links":{"self":[{"href":"https:\/\/www.europesays.com\/fr\/wp-json\/wp\/v2\/posts\/253062","targetHints":{"allow":["GET"]}}],"collection":[{"href":"https:\/\/www.europesays.com\/fr\/wp-json\/wp\/v2\/posts"}],"about":[{"href":"https:\/\/www.europesays.com\/fr\/wp-json\/wp\/v2\/types\/post"}],"author":[{"embeddable":true,"href":"https:\/\/www.europesays.com\/fr\/wp-json\/wp\/v2\/users\/2"}],"replies":[{"embeddable":true,"href":"https:\/\/www.europesays.com\/fr\/wp-json\/wp\/v2\/comments?post=253062"}],"version-history":[{"count":0,"href":"https:\/\/www.europesays.com\/fr\/wp-json\/wp\/v2\/posts\/253062\/revisions"}],"wp:featuredmedia":[{"embeddable":true,"href":"https:\/\/www.europesays.com\/fr\/wp-json\/wp\/v2\/media\/253063"}],"wp:attachment":[{"href":"https:\/\/www.europesays.com\/fr\/wp-json\/wp\/v2\/media?parent=253062"}],"wp:term":[{"taxonomy":"category","embeddable":true,"href":"https:\/\/www.europesays.com\/fr\/wp-json\/wp\/v2\/categories?post=253062"},{"taxonomy":"post_tag","embeddable":true,"href":"https:\/\/www.europesays.com\/fr\/wp-json\/wp\/v2\/tags?post=253062"}],"curies":[{"name":"wp","href":"https:\/\/api.w.org\/{rel}","templated":true}]}}