{"id":253074,"date":"2025-07-17T05:00:13","date_gmt":"2025-07-17T05:00:13","guid":{"rendered":"https:\/\/www.europesays.com\/fr\/253074\/"},"modified":"2025-07-17T05:00:13","modified_gmt":"2025-07-17T05:00:13","slug":"motylus-cest-quoi-ce-grand-projet-qui-va-sortir-de-terre-entre-lens-et-lille","status":"publish","type":"post","link":"https:\/\/www.europesays.com\/fr\/253074\/","title":{"rendered":"\u00ab Motylus \u00bb, c\u2019est quoi ce grand projet qui va sortir de terre entre Lens et Lille\u00a0?"},"content":{"rendered":"<p>            Par<br \/>\n        <strong><br \/>\n            <a href=\"https:\/\/actu.fr\/auteur\/florian-brassart\" title=\"Consulter tous les articles de Florian Brassart\" rel=\"nofollow noopener\" target=\"_blank\">Florian Brassart<\/a><br \/>\n        <\/strong><\/p>\n<p>        Publi\u00e9 le<\/p>\n<p>            17 juil. 2025 \u00e0 6h26        <\/p>\n<p><b>Un projet ambitieux et \u00e9tonnant<\/b> va bient\u00f4t voir le jour entre <a href=\"https:\/\/actu.fr\/hauts-de-france\/lens_62498\" rel=\"nofollow noopener\" target=\"_blank\">Lens<\/a> et <a href=\"https:\/\/actu.fr\/lille\/\" rel=\"nofollow noopener\" target=\"_blank\">Lille<\/a>. Depuis le mois de mars\u00a02025, des travaux sont en cours \u00e0 <a href=\"https:\/\/actu.fr\/hauts-de-france\/douvrin_62276\" rel=\"nofollow noopener\" target=\"_blank\">Douvrin<\/a>, dans le <a href=\"https:\/\/actu.fr\/pas-de-calais\/\" rel=\"nofollow noopener\" target=\"_blank\">Pas-de-Calais<\/a>, et visent \u00e0 faire sortir de terre <b>un nouveau p\u00f4le de vie<\/b> au Parc des industries Artois-Flandres (SIZIAF). On vous pr\u00e9sente <b>\u00ab\u2009Motylus\u2009\u00bb<\/b>.<\/p>\n<p>Un p\u00f4le de vie de 1\u2009000\u00a0m2<\/p>\n<p class=\" wall-content\">Pens\u00e9 comme un \u00e9quipement partag\u00e9, Motylus a pour vocation d\u2019am\u00e9liorer la qualit\u00e9 de vie des 6\u2009000 salari\u00e9s du parc, \u00ab\u2009tout en renfor\u00e7ant son attractivit\u00e9 aupr\u00e8s des entreprises\u2009\u00bb, souligne le SIZIAF, syndicat mixte gestionnaire du Parc. Situ\u00e9 \u00e0 Douvrin, sur une parcelle charg\u00e9e d\u2019histoire \u2013 l\u2019ancienne \u201cbande ouest\u201d du site de la Fran\u00e7aise de M\u00e9canique, longtemps d\u00e9di\u00e9e aux loisirs des salari\u00e9s \u2013 le projet s\u2019inscrit pleinement dans \u00ab\u2009le mouvement de renaissance industrielle et \u00e9cologique engag\u00e9 depuis de nombreuses ann\u00e9es\u2009\u00bb.<\/p>\n<p class=\" wall-content\">Le b\u00e2timent de 1\u2009000\u00a0m2 va accueillir au premier \u00e9tage les futurs locaux du SIZIAF. Le rez-de-chauss\u00e9e, lui, proposera une large gamme d\u2019espaces ouverts tels des salles de r\u00e9union modulables, des bureaux partag\u00e9s ou du coworking. \u00c0 l\u2019ext\u00e9rieur, les visiteurs profiteront d\u2019espaces d\u00e9di\u00e9s \u00e0 la restauration (foodtrucks et stands culinaires) et d\u2019un cadre apais\u00e9, tourn\u00e9 vers la nature\u2009: terrasse, parcours sportif, \u00e9tang r\u00e9habilit\u00e9, cheminements paysagers\u2026<\/p>\n<p>    <img   decoding=\"async\" loading=\"lazy\" class=\"size-large\" src=\"https:\/\/www.europesays.com\/fr\/wp-content\/uploads\/2025\/07\/d32f6bbf57786b72f6bbf57788b2f6v-960x640.jpg\" alt=\"\u00c0 l\u2019ext\u00e9rieur, les visiteurs profiteront d\u2019espaces d\u00e9di\u00e9s \u00e0 la restauration (foodtrucks et stands culinaires) et d\u2019un cadre apais\u00e9, tourn\u00e9 vers la nature : terrasse, parcours sportif, \u00e9tang r\u00e9habilit\u00e9, cheminements paysagers\u2026\" width=\"960\" height=\"640\"\/><br \/>\n    \u00c0 l\u2019ext\u00e9rieur, les visiteurs profiteront d\u2019espaces d\u00e9di\u00e9s \u00e0 la restauration (foodtrucks et stands culinaires) et d\u2019un cadre apais\u00e9, tourn\u00e9 vers la nature\u2009: terrasse, parcours sportif, \u00e9tang r\u00e9habilit\u00e9, cheminements paysagers\u2026 \u00a9B\u00e9al et Blanckaert<\/p>\n<p class=\" wall-content\">\u00ab\u2009Motylus incarne une vision\u2009: celle d\u2019un\u00a0Parc industriel plus humain, plus durable, plus r\u00e9silient\u2009\u00bb, est-il soulign\u00e9. Depuis plus de 20\u00a0ans, le SIZIAF s\u2019est engag\u00e9 dans une gestion environnementale ambitieuse, couronn\u00e9e par la certification ISO-14001 et le label \u201cTerritoire engag\u00e9 pour la nature\u201d. La construction de Motylus \u2013 v\u00e9ritable cabane en mat\u00e9riaux biosourc\u00e9s, rev\u00eatements perm\u00e9ables, chauffage performant, d\u00e9marche low tech \u2013 prolonge cet engagement.<\/p>\n<p>Vid\u00e9os : en ce moment sur Actu<\/p>\n<p class=\" wall-content\">Motylus est \u00e9galement pens\u00e9 comme \u00ab\u2009un lieu de rencontres, d\u2019innovation, et de lien\u2009\u00bb. Dans un territoire marqu\u00e9 par les reconversions industrielles successives, ce projet contribue \u00e0 \u00e9crire une nouvelle page\u2009: plus ouverte, plus coop\u00e9rative, et plus ancr\u00e9e dans son environnement.<\/p>\n<p class=\" wall-content\"><b>Le rendez-vous est donn\u00e9 au printemps 2026 pour l\u2019inauguration officielle<\/b>. En attendant, plusieurs phases de travaux sont pr\u00e9vues. La premi\u00e8re s\u2019est d\u00e9roul\u00e9e de mars \u00e0 juin, il s\u2019agissait des travaux de terrassement et des fondations. La deuxi\u00e8me aura lien en septembre et concernera le montage de la structure bois, la pose des murs ossature bois et les menuiseries. L\u2019automne sera consacr\u00e9 aux travaux de couverture et \u00e0 la pose du bardage. Le second \u0153uvre (isolation, plomberie, \u00e9lectricit\u00e9, peinture, finitions int\u00e9rieures) sera r\u00e9alis\u00e9 pendant l\u2019hiver. Le b\u00e2timent sera ensuite livr\u00e9 en mars. Les am\u00e9nagements paysagers ainsi que les voiries seront achev\u00e9s au printemps 2026.<\/p>\n<p class=\" wall-content\">Suivez toute l\u2019actualit\u00e9 de vos villes et m\u00e9dias favoris en vous inscrivant \u00e0 <a href=\"https:\/\/moncompte.actu.fr\" title=\"D\u00e9couvez Mon Actu\" rel=\"nofollow noopener\" data-trk=\"{&quot;cta&quot;:{&quot;action&quot;:&quot;https:\\\/\\\/moncompte.actu.fr&quot;,&quot;category&quot;:&quot;mon compte&quot;,&quot;from&quot;:&quot;article footer&quot;,&quot;name&quot;:&quot;Mon actu&quot;,&quot;type&quot;:&quot;cta&quot;}}\" target=\"_blank\">Mon Actu<\/a>.<\/p>\n","protected":false},"excerpt":{"rendered":"Par Florian Brassart Publi\u00e9 le 17 juil. 2025 \u00e0 6h26 Un projet ambitieux et \u00e9tonnant va bient\u00f4t voir&hellip;\n","protected":false},"author":2,"featured_media":253075,"comment_status":"","ping_status":"","sticky":false,"template":"","format":"standard","meta":{"footnotes":""},"categories":[2815],"tags":[1111,11,1777,674,1011,27,811,693,1307,12,25,104,2086],"class_list":{"0":"post-253074","1":"post","2":"type-post","3":"status-publish","4":"format-standard","5":"has-post-thumbnail","7":"category-lille","8":"tag-actu","9":"tag-actualites","10":"tag-eu","11":"tag-europe","12":"tag-fr","13":"tag-france","14":"tag-hauts-de-france","15":"tag-industrie","16":"tag-lille","17":"tag-news","18":"tag-republique-francaise","19":"tag-societe","20":"tag-travaux"},"share_on_mastodon":{"url":"https:\/\/pubeurope.com\/@fr\/114866816504163023","error":""},"_links":{"self":[{"href":"https:\/\/www.europesays.com\/fr\/wp-json\/wp\/v2\/posts\/253074","targetHints":{"allow":["GET"]}}],"collection":[{"href":"https:\/\/www.europesays.com\/fr\/wp-json\/wp\/v2\/posts"}],"about":[{"href":"https:\/\/www.europesays.com\/fr\/wp-json\/wp\/v2\/types\/post"}],"author":[{"embeddable":true,"href":"https:\/\/www.europesays.com\/fr\/wp-json\/wp\/v2\/users\/2"}],"replies":[{"embeddable":true,"href":"https:\/\/www.europesays.com\/fr\/wp-json\/wp\/v2\/comments?post=253074"}],"version-history":[{"count":0,"href":"https:\/\/www.europesays.com\/fr\/wp-json\/wp\/v2\/posts\/253074\/revisions"}],"wp:featuredmedia":[{"embeddable":true,"href":"https:\/\/www.europesays.com\/fr\/wp-json\/wp\/v2\/media\/253075"}],"wp:attachment":[{"href":"https:\/\/www.europesays.com\/fr\/wp-json\/wp\/v2\/media?parent=253074"}],"wp:term":[{"taxonomy":"category","embeddable":true,"href":"https:\/\/www.europesays.com\/fr\/wp-json\/wp\/v2\/categories?post=253074"},{"taxonomy":"post_tag","embeddable":true,"href":"https:\/\/www.europesays.com\/fr\/wp-json\/wp\/v2\/tags?post=253074"}],"curies":[{"name":"wp","href":"https:\/\/api.w.org\/{rel}","templated":true}]}}