{"id":253082,"date":"2025-07-17T05:04:11","date_gmt":"2025-07-17T05:04:11","guid":{"rendered":"https:\/\/www.europesays.com\/fr\/253082\/"},"modified":"2025-07-17T05:04:11","modified_gmt":"2025-07-17T05:04:11","slug":"loffre-de-nuit-sera-refondue-a-la-rentree","status":"publish","type":"post","link":"https:\/\/www.europesays.com\/fr\/253082\/","title":{"rendered":"l\u2019offre de nuit sera refondue \u00e0 la rentr\u00e9e"},"content":{"rendered":"<p>Du changement s\u2019annonce pour septembre, sur les lignes de bus nocturnes du r\u00e9seau des Transports en commun lyonnais (TCL). Tandis que trois lignes Pleine Lune \u00e9taient jusqu\u2019\u00e0 pr\u00e9sent en action, entre Terreaux\/Insa Einstein, H\u00f4tel de Ville\/Grange Blanche et H\u00f4tel de Ville Campus Lyon Ouest, avec des d\u00e9parts depuis la Presqu\u2019Ile \u00e0 1\u00a0h\u00a015, 2\u00a0h\u00a015, 3\u00a0h\u00a015 et 4\u00a0h\u00a015, elles devraient \u00eatre quatre \u00e0 la rentr\u00e9e.<\/p>\n<p>  Une correspondance \u00e0 Cordeliers<\/p>\n<p>Ces quatre nouvelles lignes Pleine Lune, dont les contours seront prochainement d\u00e9voil\u00e9s, seront cr\u00e9\u00e9es avec une <a href=\"https:\/\/www.leprogres.fr\/transport\/2025\/07\/15\/on-a-teste-la-nouvelle-ligne-59-entre-rillieux-et-cordeliers-relier-la-presqu-ile-en-40-minutes-pari-reussi\" target=\"_blank\" rel=\"nofollow noopener\">correspondance assur\u00e9e \u00e0 Cordeliers<\/a>, gr\u00e2ce \u00e0 la cr\u00e9ation d\u2019un p\u00f4le d\u00e9di\u00e9. Elles permettront de relier les campus, les lieux de sortie et les p\u00f4les r\u00e9sidentiels de la m\u00e9tropole au centre de Lyon. De nouveaux horaires de d\u00e9parts seront propos\u00e9s, pouvant aller jusqu\u2019\u00e0 4\u00a0h\u00a050 du matin, au d\u00e9part de la Presqu\u2019Ile.<\/p>\n<p>L\u2019amplitude des lignes C 1 (Part-Dieu\/Cuire), C 2 (Part-Dieu\/Rillieux-La-Pape), de la C 5 redessin\u00e9e (Jean-Mac\u00e9\/Rillieux-La-Pape) et de la nouvelle ligne C 23 (Villeurbanne Flachet\/Cit\u00e9 Internationale) sera \u00e9tendue jusqu\u2019\u00e0 1\u00a0heure du matin.<\/p>\n","protected":false},"excerpt":{"rendered":"Du changement s\u2019annonce pour septembre, sur les lignes de bus nocturnes du r\u00e9seau des Transports en commun lyonnais&hellip;\n","protected":false},"author":2,"featured_media":253083,"comment_status":"","ping_status":"","sticky":false,"template":"","format":"standard","meta":{"footnotes":""},"categories":[1889],"tags":[1111,11,2430,2757,1777,674,1011,27,2428,2756,12,25,2429,2803],"class_list":{"0":"post-253082","1":"post","2":"type-post","3":"status-publish","4":"format-standard","5":"has-post-thumbnail","7":"category-lyon","8":"tag-actu","9":"tag-actualites","10":"tag-auvergne-rhone-alpes","11":"tag-edition-lyon-villeurbanne","12":"tag-eu","13":"tag-europe","14":"tag-fr","15":"tag-france","16":"tag-lyon","17":"tag-lyon-bassin","18":"tag-news","19":"tag-republique-francaise","20":"tag-rhone","21":"tag-transport"},"share_on_mastodon":{"url":"https:\/\/pubeurope.com\/@fr\/114866832261733430","error":""},"_links":{"self":[{"href":"https:\/\/www.europesays.com\/fr\/wp-json\/wp\/v2\/posts\/253082","targetHints":{"allow":["GET"]}}],"collection":[{"href":"https:\/\/www.europesays.com\/fr\/wp-json\/wp\/v2\/posts"}],"about":[{"href":"https:\/\/www.europesays.com\/fr\/wp-json\/wp\/v2\/types\/post"}],"author":[{"embeddable":true,"href":"https:\/\/www.europesays.com\/fr\/wp-json\/wp\/v2\/users\/2"}],"replies":[{"embeddable":true,"href":"https:\/\/www.europesays.com\/fr\/wp-json\/wp\/v2\/comments?post=253082"}],"version-history":[{"count":0,"href":"https:\/\/www.europesays.com\/fr\/wp-json\/wp\/v2\/posts\/253082\/revisions"}],"wp:featuredmedia":[{"embeddable":true,"href":"https:\/\/www.europesays.com\/fr\/wp-json\/wp\/v2\/media\/253083"}],"wp:attachment":[{"href":"https:\/\/www.europesays.com\/fr\/wp-json\/wp\/v2\/media?parent=253082"}],"wp:term":[{"taxonomy":"category","embeddable":true,"href":"https:\/\/www.europesays.com\/fr\/wp-json\/wp\/v2\/categories?post=253082"},{"taxonomy":"post_tag","embeddable":true,"href":"https:\/\/www.europesays.com\/fr\/wp-json\/wp\/v2\/tags?post=253082"}],"curies":[{"name":"wp","href":"https:\/\/api.w.org\/{rel}","templated":true}]}}