{"id":253090,"date":"2025-07-17T05:08:09","date_gmt":"2025-07-17T05:08:09","guid":{"rendered":"https:\/\/www.europesays.com\/fr\/253090\/"},"modified":"2025-07-17T05:08:09","modified_gmt":"2025-07-17T05:08:09","slug":"une-nouvelle-passerelle-au-dessus-du-peripherique-a-bagnolet-la-majorite-municipale-rouvre-le-debat","status":"publish","type":"post","link":"https:\/\/www.europesays.com\/fr\/253090\/","title":{"rendered":"Une nouvelle passerelle au-dessus du p\u00e9riph\u00e9rique ? \u00c0 Bagnolet, la majorit\u00e9 municipale rouvre le d\u00e9bat"},"content":{"rendered":"<p>            Par<br \/>\n        <strong><br \/>\n            <a href=\"https:\/\/actu.fr\/auteur\/emilie-salabelle\" title=\"Consulter tous les articles de Emilie Salabelle\" target=\"_blank\" rel=\"noopener\">Emilie Salabelle<\/a><br \/>\n        <\/strong><\/p>\n<p>        Publi\u00e9 le<\/p>\n<p>            17 juil. 2025 \u00e0 6h36        <\/p>\n<p>Le revirement de situation n\u2019a pas manqu\u00e9 d\u2019\u00eatre point\u00e9 du doigt par l\u2019opposition lors du conseil municipal de <a href=\"https:\/\/actu.fr\/ile-de-france\/bagnolet_93006\" target=\"_blank\" rel=\"noopener\">Bagnolet<\/a>. D\u2019abord jug\u00e9e peu pertinente et loin des priorit\u00e9s de la municipalit\u00e9, l\u2019id\u00e9e d\u2019une <a href=\"https:\/\/actu.fr\/ile-de-france\/bagnolet_93006\/c-est-pas-la-priorite-la-mairie-de-bagnolet-douche-les-espoirs-d-une-passerelle-au-dessus-du-peripherique_62701324.html\" target=\"_blank\" rel=\"noopener\">nouvelle <strong>passerelle pi\u00e9tonne<\/strong><\/a><strong> au-dessus du <a href=\"https:\/\/actu.fr\/ile-de-france\/paris_75056\/le-peripherique-de-paris-a-50-ans-son-histoire-en-cinq-anecdotes_59175952.html\" target=\"_blank\" rel=\"noopener\">p\u00e9riph\u00e9rique<\/a><\/strong> pour relier la commune \u00e0 <a href=\"https:\/\/actu.fr\/paris\/\" target=\"_blank\" rel=\"noopener\">Paris<\/a> a finalement fait son chemin. Un v\u0153u surprise d\u00e9pos\u00e9 par Anne de Rugy, conseill\u00e8re appartenant \u00e0 la coalition de la majorit\u00e9 conduite par le maire (PS) <a href=\"https:\/\/actu.fr\/ile-de-france\/bagnolet_93006\/municipales-2020-a-bagnolet-tony-di-martino-est-reelu-maire-apres-le-second-tour_34563191.html\" target=\"_blank\" rel=\"noopener\">Tony Di Martino<\/a>, propose de lancer une \u00e9tude pour analyser les possibilit\u00e9s de franchissements. Il a \u00e9t\u00e9 adopt\u00e9 \u00e0 l\u2019unanimit\u00e9. Dans les rangs du groupe d\u2019opposition Ensemble pour Bagnolet (DVG), on fustige n\u00e9anmoins une r\u00e9appropriation de projet aux ambitions \u00e9lectoralistes.<\/p>\n<p>La passerelle de nouveau sur la table<\/p>\n<p class=\" wall-content\">L\u2019ultime d\u00e9lib\u00e9ration du dernier conseil municipal a suscit\u00e9 d\u2019\u00e2pres discussions, jeudi 26\u00a0juin 2025. Pas tant sur le fond du v\u0153u que sur son timing. Fin mai\u00a02025, C\u00e9dric Pape, premier adjoint au maire (PS) Tony Di Martino estimait en effet dans les colonnes d\u2019actu Paris que la cr\u00e9ation d\u2019une nouvelle passerelle \u00ab<strong>\u2009[n\u2019\u00e9tait] pas la priorit\u00e9<\/strong>\u2009\u00bb, pr\u00e9f\u00e9rant se focaliser sur le<a href=\"https:\/\/actu.fr\/ile-de-france\/bagnolet_93006\/bagnolet-ne-sera-plus-balafree-les-etudes-ont-commence-pour-verdir-l-echangeur-de-l-autoroute-a3_61259119.html\" target=\"_blank\" rel=\"noopener\"> projet d\u2019enfouissement partiel ou total de l\u2019\u00e9changeur<\/a> de la <a href=\"https:\/\/actu.fr\/ile-de-france\/bagnolet_93006\/seine-saint-denis-quel-avenir-pour-la-porte-de-bagnolet-plus-que-quelques-jours-pour-donner-son-avis_38501374.html\" target=\"_blank\" rel=\"noopener\">porte de Bagnolet<\/a>.<\/p>\n<p class=\" wall-content\">Le projet ne date pas d\u2019hier. Il vise \u00e0 raccourcir la coupure entre les portes de Montreuil et de Bagnolet, qui, \u00e0 1\u00a0km l\u2019une de l\u2019autre, enregistrent la plus longue distance entre deux portes sur le boulevard p\u00e9riph\u00e9rique. Il existe bien d\u00e9j\u00e0 une passerelle actuellement, \u00e0 proximit\u00e9 de la <a href=\"https:\/\/actu.fr\/ile-de-france\/paris_75056\/apres-plus-de-vingt-ans-de-reflexion-le-reamenagement-de-la-porte-de-montreuil-a-paris-a-enfin-debute_62151441.html\" target=\"_blank\" rel=\"noopener\">porte de Montreuil<\/a>. Mais elle est d\u00e9grad\u00e9e, r\u00e9guli\u00e8rement ferm\u00e9e, \u00e9troite et n\u00e9cessiterait des r\u00e9novations. Un second franchissement permettrait de d\u00e9senclaver cette partie du p\u00e9riph\u00e9rique, estiment les partisans du projet, port\u00e9 par une p\u00e9tition citoyenne. Il serait en outre quasiment int\u00e9gralement financ\u00e9 par la Mairie de Paris, <a href=\"https:\/\/actu.fr\/ile-de-france\/paris_75056\/peripherique-a-50-km-h-anne-hidalgo-persiste-et-signe-annoncant-que-la-vitesse-sera-abaissee-prochainement_61551092.html\" target=\"_blank\" rel=\"noopener\">propri\u00e9taire du p\u00e9riph\u00e9rique<\/a>. Son emplacement avait d\u00e9j\u00e0 \u00e9t\u00e9 envisag\u00e9 par cette derni\u00e8re, au moment du projet de ZAC Python-Duvernois.<\/p>\n<p>\u00ab\u2009Faire taire la rumeur\u2009\u00bb<\/p>\n<p class=\" wall-content\">Dans son v\u0153u pr\u00e9sent\u00e9 en deux axes, Anne de Rugy a repris point par point ces arguments, cr\u00e9ant la surprise, y compris pour ses partenaires politiques. \u00ab\u2009Il faudrait qu\u2019on n\u2019apprenne pas 48\u00a0heures avant [l\u2019existence] de ce v\u0153u, on aurait gagn\u00e9 du temps\u2009\u00bb, a raill\u00e9 le premier adjoint (PS) en charge de l\u2019am\u00e9nagement de l\u2019urbanisme, C\u00e9dric Pape.<\/p>\n<p class=\" wall-content\">Le texte a pour vocation de \u00ab\u2009montrer <strong>une position commune et unie<\/strong> de notre ville concernant les franchissements pi\u00e9tons et physiques du p\u00e9riph\u00e9rique, une fronti\u00e8re physique et symbolique\u2009\u00bb, et \u00ab\u2009faire taire la rumeur\u2009\u00bb selon laquelle \u00ab\u2009la ville de Bagnolet serait hostile \u00e0 la facilitation des franchissements du p\u00e9riph\u00e9rique. Nous y sommes tous et toutes tr\u00e8s favorables\u2009\u00bb, a invoqu\u00e9 l\u2019\u00e9lue.<\/p>\n<p class=\" wall-content\">Son v\u0153u, adress\u00e9 \u00e0 la <a href=\"https:\/\/actu.fr\/tag\/mairie-de-paris\" target=\"_blank\" rel=\"noopener\">Ville de Paris<\/a>, et \u00e0 la <a href=\"https:\/\/actu.fr\/tag\/metropole-du-grand-paris\" target=\"_blank\" rel=\"noopener\">M\u00e9tropole du Grand Paris<\/a> (MGP), propose d\u2019une part de \u00ab\u2009renforcer, s\u00e9curiser et \u00e9largir la passerelle d\u00e9j\u00e0 existante, pour qu\u2019elle soit fonctionnelle et utilisable sans mauvaise surprise de mani\u00e8re continue\u2009\u00bb\u2009; d\u2019autre part, de demander \u00e0 la Ville de Paris et \u00e0 la MGP de \u00ab<strong>\u2009lancer une \u00e9tude<\/strong> qui permette d\u2019\u00e9tudier les cheminements entre nos deux villes et les usagers d\u2019une deuxi\u00e8me passerelle qui raccourcisse les cheminements pi\u00e9tons et cyclistes entre Paris et Bagnolet\u2009\u00bb.<\/p>\n<p>Changement de ton<\/p>\n<p class=\" wall-content\">Une volte-face dont s\u2019est f\u00e9licit\u00e9 Pierre Vionnet, principal instigateur du projet de passerelle depuis plusieurs ann\u00e9es \u00e0 Bagnolet. Absent lors du conseil municipal, l\u2019\u00e9lu du groupe d\u2019opposition Ensemble pour Bagnolet a r\u00e9agi aupr\u00e8s d\u2019actu Paris\u2009: \u00ab\u2009Quand j\u2019avais pr\u00e9sent\u00e9 un v\u0153u sur ce sujet en 2022, Anne de Rugy disait qu\u2019elle ne comprenait pas d\u2019o\u00f9 sortait ce projet de passerelle, dont l\u2019utilit\u00e9 \u00e9tait selon elle limit\u00e9e puisqu\u2019une autre existait d\u00e9j\u00e0\u2009\u00bb. Le m\u00eame argument avait d\u2019ailleurs \u00e9t\u00e9 tenu par C\u00e9dric Pape, aupr\u00e8s d\u2019actu Paris.<\/p>\n<p class=\" wall-content\">Satisfait, Pierre Vionnet souligne tout de m\u00eame un timing moins favorable aujourd\u2019hui qu\u2019il ne l\u2019\u00e9tait il y a quelques ann\u00e9es. \u00ab\u2009Maintenant, le<a href=\"https:\/\/actu.fr\/ile-de-france\/paris_75056\/pierre-de-taille-balcons-et-vue-sur-parc-l-un-des-quartiers-les-plus-pauvres-de-paris-se-metamorphose_61689948.html\" target=\"_blank\" rel=\"noopener\"> quartier de Python-Duvernois<\/a> est quasiment termin\u00e9. Il y a trois ans, quand il se lan\u00e7ait, c\u2019\u00e9tait le moment id\u00e9al pour appuyer sur le bouton de la passerelle, quand la Ville de Paris \u00e9tait porteuse du projet. Mais mieux vaut tard que jamais. Maintenant que le dossier est clairement r\u00e9ouvert, Paris voit que <strong>la majorit\u00e9 diverse et l\u2019opposition sont d\u2019accord<\/strong>, et c\u2019est tant mieux\u2009\u00bb.<\/p>\n<p>\u00ab\u2009La passerelle n\u2019a pas d\u2019avenir\u2009\u00bb<\/p>\n<p class=\" wall-content\">Une concorde, certes, mais un peu cacophonique. Outre les rangs de l\u2019opposition qui ont cri\u00e9 \u00e0 la <strong>r\u00e9cup\u00e9ration politique<\/strong> \u00e0 neuf mois des <a href=\"https:\/\/actu.fr\/ile-de-france\/saint-denis_93066\/municipales-2026-a-saint-denis-francois-peguillet-faire-basculer-la-ville-a-droite-n-est-pas-impossible_62804460.html\" target=\"_blank\" rel=\"noopener\">prochaines \u00e9lections municipales<\/a>, la coalition majoritaire n\u2019a pas affich\u00e9 un front parfaitement uni, alors que diff\u00e9rentes listes candidates devraient \u00e9merger. Bon an mal an, elle a accord\u00e9 ses violons, C\u00e9dric Pape se montrant toujours sceptique sur la faisabilit\u00e9 d\u2019une seconde passerelle. Tout l\u2019enjeu, explique-t-il, est de la faire atterrir quelque part.<\/p>\n<p class=\" wall-content\">Le terrain privil\u00e9gi\u00e9 par Pierre Vionnet est une parcelle priv\u00e9e, aujourd\u2019hui d\u00e9tenue par Europe \u00c9quipements. \u00ab\u2009Cela sous-entendrait, si le propri\u00e9taire \u00e9tait vendeur, de faire une pr\u00e9emption sur une partie du terrain. \u00c7a co\u00fbterait des millions d\u2019euros. Si on les avait, je pr\u00e9f\u00e9rerais que cet argent soit investi dans les groupes scolaires de Bagnolet\u2009\u00bb, a-t-il expos\u00e9 en conseil municipal, tout en distribuant \u00e0 l\u2019assembl\u00e9e un plan cadastral des abords du p\u00e9riph\u00e9rique. \u00ab\u2009Il n\u2019y a pas beaucoup de solutions. Soit on pr\u00e9empte et \u00e7a co\u00fbte \u00e9norm\u00e9ment d\u2019argent. Soit il y a une parcelle publique, et il faudrait savoir o\u00f9 elle d\u00e9bouche c\u00f4t\u00e9 Paris. On peut se poser la question de l\u2019utilit\u00e9 de construire une parcelle num\u00e9ro\u00a02 [si elle est] \u00e0 50\u00a0m de la parcelle num\u00e9ro\u00a01. \u00c0 travers ce plan, on se rend compte, \u00e0 mon avis, que la passerelle num\u00e9ro\u00a02 n\u2019a pas d\u2019avenir.\u2009\u00bb<\/p>\n<p>L\u2019enfouissement de la porte de Bagnolet, priorit\u00e9 de la majorit\u00e9<\/p>\n<p class=\" wall-content\">\u2018Il y a possibilit\u00e9, en investissant plusieurs millions d\u2019euros de se tourner vers l\u2019avenir, d\u2019enclencher un processus. On se doit de mettre en place des \u00e9quipements. Le rachat du foncier peut \u00eatre n\u00e9goci\u00e9 avec le promoteur, le propri\u00e9taire de ce foncier\u00a0\u00bb a r\u00e9pondu le conseiller (EELV) S\u00e9bastien Staelens.<\/p>\n<p class=\" wall-content\">Pierre Vionnet propose quant \u00e0 lui d\u2019appliquer la m\u00eame m\u00e9canique qui avait \u00e9t\u00e9 pr\u00e9vue lors des n\u00e9gociations d\u2019implantation d\u2019un centre logistique voulu par Europe \u00c9quipements sur la fameuse parcelle \u2013 projet aujourd\u2019hui abandonn\u00e9. \u00ab\u2009Europe \u00c9quipement s\u2019\u00e9tait engag\u00e9 \u00e0 r\u00e9aliser un espace vert qu\u2019il r\u00e9troc\u00e9derait gratuitement \u00e0 la ville. Pour faire aboutir la parcelle, il ne faut pas beaucoup de surface, juste une petite all\u00e9e pi\u00e9tonne\u2009\u00bb, plaide Pierre Vionnet.<\/p>\n<p class=\" wall-content\">Affichant sa volont\u00e9 \u00ab\u2009d\u2019\u00e9claircir le d\u00e9bat\u2009\u00bb, la majorit\u00e9 municipale a souscrit au v\u0153u, en y ajoutant un <strong>amendement<\/strong> stipulant que \u00ab\u2009le plan de financement de ladite passerelle ne devra pas reposer \u00e0 titre principal sur la ville de Bagnolet, et une \u00e9ventuelle participation de sa part ne saurait constituer un co\u00fbt prohibitif pour la collectivit\u00e9. L\u2019\u00e9tude r\u00e9alis\u00e9e ne devra pas constituer un pr\u00e9texte pour remettre en cause l\u2019engagement de l\u2019ensemble des acteurs en faveur d\u2019un projet ambitieux pour une transformation majeure du site de la porte de Bagnolet\u2009\u00bb. Un enjeu de sant\u00e9 publique d\u00e9fendu \u00ab\u2009bec et ongles\u2009\u00bb par la majorit\u00e9, a martel\u00e9 C\u00e9dric Pape. \u00ab\u2009La ville est coup\u00e9e en deux par l\u2019autoroute, l\u2019enfouissement vise \u00e0 r\u00e9unir Bagnolet sud et Bagnolet nord. C\u2019est le projet \u00e9cologique le plus pr\u00e9gnant d\u2019\u00cele-de-France.\u2009\u00bb<\/p>\n<p class=\" wall-content\">Suivez toute l\u2019actualit\u00e9 de vos villes et m\u00e9dias favoris en vous inscrivant \u00e0 <a href=\"https:\/\/moncompte.actu.fr\" title=\"D\u00e9couvez Mon Actu\" rel=\"nofollow noopener\" data-trk=\"{&quot;cta&quot;:{&quot;action&quot;:&quot;https:\\\/\\\/moncompte.actu.fr&quot;,&quot;category&quot;:&quot;mon compte&quot;,&quot;from&quot;:&quot;article footer&quot;,&quot;name&quot;:&quot;Mon actu&quot;,&quot;type&quot;:&quot;cta&quot;}}\" target=\"_blank\">Mon Actu<\/a>.<\/p>\n","protected":false},"excerpt":{"rendered":"Par Emilie Salabelle Publi\u00e9 le 17 juil. 2025 \u00e0 6h36 Le revirement de situation n\u2019a pas manqu\u00e9 d\u2019\u00eatre&hellip;\n","protected":false},"author":2,"featured_media":253091,"comment_status":"","ping_status":"","sticky":false,"template":"","format":"standard","meta":{"footnotes":""},"categories":[1888],"tags":[1111,1928,11,1927,1777,674,1011,27,3434,12,1926,626,1925,4013,25,104,1352],"class_list":{"0":"post-253090","1":"post","2":"type-post","3":"status-publish","4":"format-standard","5":"has-post-thumbnail","7":"category-paris","8":"tag-actu","9":"tag-actu-paris","10":"tag-actualites","11":"tag-actualites-paris","12":"tag-eu","13":"tag-europe","14":"tag-fr","15":"tag-france","16":"tag-municipales-2026","17":"tag-news","18":"tag-news-paris","19":"tag-paris","20":"tag-paris-news","21":"tag-peripherique","22":"tag-republique-francaise","23":"tag-societe","24":"tag-urbanisme"},"share_on_mastodon":{"url":"https:\/\/pubeurope.com\/@fr\/114866847999683599","error":""},"_links":{"self":[{"href":"https:\/\/www.europesays.com\/fr\/wp-json\/wp\/v2\/posts\/253090","targetHints":{"allow":["GET"]}}],"collection":[{"href":"https:\/\/www.europesays.com\/fr\/wp-json\/wp\/v2\/posts"}],"about":[{"href":"https:\/\/www.europesays.com\/fr\/wp-json\/wp\/v2\/types\/post"}],"author":[{"embeddable":true,"href":"https:\/\/www.europesays.com\/fr\/wp-json\/wp\/v2\/users\/2"}],"replies":[{"embeddable":true,"href":"https:\/\/www.europesays.com\/fr\/wp-json\/wp\/v2\/comments?post=253090"}],"version-history":[{"count":0,"href":"https:\/\/www.europesays.com\/fr\/wp-json\/wp\/v2\/posts\/253090\/revisions"}],"wp:featuredmedia":[{"embeddable":true,"href":"https:\/\/www.europesays.com\/fr\/wp-json\/wp\/v2\/media\/253091"}],"wp:attachment":[{"href":"https:\/\/www.europesays.com\/fr\/wp-json\/wp\/v2\/media?parent=253090"}],"wp:term":[{"taxonomy":"category","embeddable":true,"href":"https:\/\/www.europesays.com\/fr\/wp-json\/wp\/v2\/categories?post=253090"},{"taxonomy":"post_tag","embeddable":true,"href":"https:\/\/www.europesays.com\/fr\/wp-json\/wp\/v2\/tags?post=253090"}],"curies":[{"name":"wp","href":"https:\/\/api.w.org\/{rel}","templated":true}]}}