{"id":253092,"date":"2025-07-17T05:09:23","date_gmt":"2025-07-17T05:09:23","guid":{"rendered":"https:\/\/www.europesays.com\/fr\/253092\/"},"modified":"2025-07-17T05:09:23","modified_gmt":"2025-07-17T05:09:23","slug":"info-paris-match-marco-mouly-figure-de-lescroquerie-a-la-taxe-carbone-de-retour-en-france-2","status":"publish","type":"post","link":"https:\/\/www.europesays.com\/fr\/253092\/","title":{"rendered":"INFO PARIS MATCH Marco Mouly, figure de l\u2019escroquerie \u00e0 la \u00ab taxe carbone \u00bb, de retour en France"},"content":{"rendered":"<p>Retour \u00e0 la case d\u00e9part pour l\u2019un des pontes de l\u2019arnaque \u00e0 la taxe carbone. Selon les informations de Paris Match, Mardoch\u00e9 Mouly, dit Marco, 60 ans, va \u00eatre reconduit en France, ce mercredi 16 juillet, en fin d\u2019apr\u00e8s-midi. Toujours selon les informations de Paris Match, Marco Mouly doit embarquer, \u00e0 15h50, sur le vol Air France 1505 \u00e0 l\u2019a\u00e9roport L\u00e9onard de Vinci de Rome-Fiumicino. Son arriv\u00e9e est pr\u00e9vue \u00e0 18 heures \u00e0 l\u2019a\u00e9roport Charles-de-Gaulle \u00e0 Paris. Dans la foul\u00e9e, il sera plac\u00e9 en r\u00e9tention judiciaire, avant d\u2019\u00eatre pr\u00e9sent\u00e9, ce jeudi 17 juillet, \u00e0 un magistrat du parquet g\u00e9n\u00e9ral de la cour d\u2019appel de Paris qui devra lui signifier l\u2019ex\u00e9cution de son mandat d\u2019arr\u00eat europ\u00e9en<\/p>\n<p><a data-i13n=\"cpos:1;pos:1\" href=\"https:\/\/www.parismatch.com\/actu\/faits-divers\/marco-mouly-le-roi-de-larnaque-a-la-tva-et-la-taxe-carbone-a-ete-arrete-a-rome-249445\" rel=\"nofollow noopener\" target=\"_blank\" data-ylk=\"slk:Marco Mouly avait \u00e9t\u00e9 arr\u00eat\u00e9 le 30 mars dernier \u00e0 l\u2019a\u00e9roport de Rome;cpos:1;pos:1;elm:context_link;itc:0;sec:content-canvas\" class=\"link \">Marco Mouly avait \u00e9t\u00e9 arr\u00eat\u00e9 le 30 mars dernier \u00e0 l\u2019a\u00e9roport de Rome <\/a>en Italie \u00e0 la demande des autorit\u00e9s judiciaires fran\u00e7aises. Toujours selon les informations de Paris Match, au moment de son arrestation, il avait \u00e9t\u00e9 trouv\u00e9 en possession d\u2019un vrai-faux passeport isra\u00e9lien et de devises \u00e9trang\u00e8res.<\/p>\n<p>\u00ab Toute cette affaire, c\u2019est beaucoup de bruit pour rien \u00bb<\/p>\n<p>Sollicit\u00e9e par Paris Match, le 10 juillet, la cour d\u2019appel de Paris avait pr\u00e9cis\u00e9 que \u00ab la cour d\u2019appel de Rome vient de valider la remise de l\u2019int\u00e9ress\u00e9 aux autorit\u00e9s judiciaires fran\u00e7aises. N\u00e9anmoins, la voie du pourvoi est encore ouverte \u00e0 M. Mouly contre cette d\u00e9cision qui n\u2019a pas encore de caract\u00e8re d\u00e9finitif \u00bb. Marco Mouly avait notamment saisi, une premi\u00e8re fois, la cour de cassation italienne mais \u00ab \u00e9puis\u00e9 par ses conditions de d\u00e9t&#8230;<\/p>\n<p><a data-i13n=\"cpos:2;pos:1\" href=\"https:\/\/www.parismatch.com\/actu\/faits-divers\/info-paris-match-marco-mouly-figure-de-lescroquerie-a-la-taxe-carbone-de-retour-en-france-254331?at_medium=affiliate&amp;at_campaign=Yahoo\" rel=\"nofollow noopener\" target=\"_blank\" data-ylk=\"slk:Lire la suite sur ParisMatch;cpos:2;pos:1;elm:context_link;itc:0;sec:content-canvas\" class=\"link \">Lire la suite sur ParisMatch<\/a><\/p>\n","protected":false},"excerpt":{"rendered":"Retour \u00e0 la case d\u00e9part pour l\u2019un des pontes de l\u2019arnaque \u00e0 la taxe carbone. Selon les informations&hellip;\n","protected":false},"author":2,"featured_media":253093,"comment_status":"","ping_status":"","sticky":false,"template":"","format":"standard","meta":{"footnotes":""},"categories":[1888],"tags":[1111,1928,11,1927,32579,1777,674,1011,27,24303,39363,39364,12,1926,626,5818,1925,25],"class_list":{"0":"post-253092","1":"post","2":"type-post","3":"status-publish","4":"format-standard","5":"has-post-thumbnail","7":"category-paris","8":"tag-actu","9":"tag-actu-paris","10":"tag-actualites","11":"tag-actualites-paris","12":"tag-cour-dappel-de-paris","13":"tag-eu","14":"tag-europe","15":"tag-fr","16":"tag-france","17":"tag-leonard-de-vinci","18":"tag-marco-mouly","19":"tag-mouly","20":"tag-news","21":"tag-news-paris","22":"tag-paris","23":"tag-paris-match","24":"tag-paris-news","25":"tag-republique-francaise"},"share_on_mastodon":{"url":"https:\/\/pubeurope.com\/@fr\/114866851989758935","error":""},"_links":{"self":[{"href":"https:\/\/www.europesays.com\/fr\/wp-json\/wp\/v2\/posts\/253092","targetHints":{"allow":["GET"]}}],"collection":[{"href":"https:\/\/www.europesays.com\/fr\/wp-json\/wp\/v2\/posts"}],"about":[{"href":"https:\/\/www.europesays.com\/fr\/wp-json\/wp\/v2\/types\/post"}],"author":[{"embeddable":true,"href":"https:\/\/www.europesays.com\/fr\/wp-json\/wp\/v2\/users\/2"}],"replies":[{"embeddable":true,"href":"https:\/\/www.europesays.com\/fr\/wp-json\/wp\/v2\/comments?post=253092"}],"version-history":[{"count":0,"href":"https:\/\/www.europesays.com\/fr\/wp-json\/wp\/v2\/posts\/253092\/revisions"}],"wp:featuredmedia":[{"embeddable":true,"href":"https:\/\/www.europesays.com\/fr\/wp-json\/wp\/v2\/media\/253093"}],"wp:attachment":[{"href":"https:\/\/www.europesays.com\/fr\/wp-json\/wp\/v2\/media?parent=253092"}],"wp:term":[{"taxonomy":"category","embeddable":true,"href":"https:\/\/www.europesays.com\/fr\/wp-json\/wp\/v2\/categories?post=253092"},{"taxonomy":"post_tag","embeddable":true,"href":"https:\/\/www.europesays.com\/fr\/wp-json\/wp\/v2\/tags?post=253092"}],"curies":[{"name":"wp","href":"https:\/\/api.w.org\/{rel}","templated":true}]}}