{"id":253098,"date":"2025-07-17T05:12:11","date_gmt":"2025-07-17T05:12:11","guid":{"rendered":"https:\/\/www.europesays.com\/fr\/253098\/"},"modified":"2025-07-17T05:12:11","modified_gmt":"2025-07-17T05:12:11","slug":"le-president-dit-que-la-russie-envisage-de-construire-une-route-dacces-a-la-frontiere-avec-la-chine-et-le-nord","status":"publish","type":"post","link":"https:\/\/www.europesays.com\/fr\/253098\/","title":{"rendered":"Le pr\u00e9sident dit que la Russie envisage de construire une route d&rsquo;acc\u00e8s \u00e0 la fronti\u00e8re avec la Chine et le Nord"},"content":{"rendered":"<p>ARTA &#8211; Le pr\u00e9sident Vladimir Poutine a d\u00e9clar\u00e9 que la Russie envisagerait de construire une route d\u2019acc\u00e8s \u00e0 la fronti\u00e8re du pays avec la Cor\u00e9e du Nord, la Chine, le Kazakhstan et la Mongolie.<\/p>\n<p>r\u00e9nal \u00ab Nous continuerons \u00e0 d\u00e9velopper de mani\u00e8re proactive des routes estales. Cette route sera \u00e9tendue jusqu\u2019\u00e0 Tyumen et reli\u00e9e au principal r\u00e9seau routier de Sib\u00e9rie et de l\u2019\u00c9loign\u00e9 Est qui a \u00e9t\u00e9 am\u00e9lior\u00e9 \u00bb, a d\u00e9clar\u00e9 le pr\u00e9sident Poutine lors de la c\u00e9r\u00e9monie d\u2019ouverture de la route est M-12 par le biais d\u2019un lien de vid\u00e9oconf\u00e9rence.<\/p>\n<p>al. \u00ab C\u2019est ce que je veux dire, c\u2019est qu\u2019il y aura plus de choses \u00e0 consid\u00e9rer lors du lancement de cette route \u00bb, a-t-il d\u00e9clar\u00e9.<\/p>\n<p>ronyme : \u00ab Bien s\u00fbr, la construction d\u2019une route \u00e0 p\u00e9age jusqu\u2019\u00e0 la fronti\u00e8re du pays avec le Kazakhstan, la Mongolie, la Chine et la R\u00e9publique Populaire D\u00e9mocratique de Cor\u00e9e sera envisag\u00e9e. Cela am\u00e9liorera consid\u00e9rablement nos capacit\u00e9s de transit \u00bb, a poursuivi le dirigeant russe.<\/p>\n<p>ronyme. \u00ab Cette route sera int\u00e9gr\u00e9e dans l\u2019architecture des transports internationaux, devient une route logistique importante et comp\u00e9titive \u00bb, a d\u00e9clar\u00e9 le pr\u00e9sident Poutine.<\/p>\n<p>r\u00e9e du Nord et de la Russie ont commenc\u00e9 \u00e0 construire leur premi\u00e8re route entre les deux pays, faisant l\u2019\u00e9loge de la construction d\u2019un nouveau pont sur la rivi\u00e8re frontali\u00e8re qui \u00e9tendra encore leurs relations en croissance rapide.<\/p>\n<p>TASS a rapport\u00e9 le 1er mai que le pont mesurerait 1 kilom\u00e8tre (0,6 miles) de long et que la construction devrait prendre 1,5 ans.<\/p>\n<p>castique : une nouvelle de la Cor\u00e9e du Nord, KCNA, a d\u00e9clar\u00e9 que le pont \u00e9tendrait les voyages transfrontaliers des personnes, du tourisme et de la circulation des produits de base.<\/p>\n<p>r\u00e9nal, un pont ferroviaire et des services a\u00e9riens avait connect\u00e9 la Cor\u00e9e du Nord et la Russie. En juin 2024, les deux pays ont convenu de construire un pont pour une voiture au-dessus de la rivi\u00e8re Tumen, qui s\u2019\u00e9tend le long de la fronti\u00e8re de la Cor\u00e9e du Nord avec la Russie et la Chine.<\/p>\n<p>The English, Chinese, Japanese, Arabic, and French versions are automatically generated by the AI. So there may still be inaccuracies in translating, please always see Indonesian as our main language.<br \/>\n                                    (system supported by DigitalSiber.id)<\/p>\n","protected":false},"excerpt":{"rendered":"ARTA &#8211; Le pr\u00e9sident Vladimir Poutine a d\u00e9clar\u00e9 que la Russie envisagerait de construire une route d\u2019acc\u00e8s \u00e0&hellip;\n","protected":false},"author":2,"featured_media":253099,"comment_status":"","ping_status":"","sticky":false,"template":"","format":"standard","meta":{"footnotes":""},"categories":[1591],"tags":[11,1887,6430,39366,5480,12,39365,2536,1885,1886,132],"class_list":{"0":"post-253098","1":"post","2":"type-post","3":"status-publish","4":"format-standard","5":"has-post-thumbnail","7":"category-russie","8":"tag-actualites","9":"tag-federation-de-russie","10":"tag-frontieres","11":"tag-gerant-la-coree-du-nord-et-la-coree-du-nord","12":"tag-immeuble","13":"tag-news","14":"tag-ronyme-international","15":"tag-russes","16":"tag-russia","17":"tag-russian-federation","18":"tag-russie"},"share_on_mastodon":{"url":"https:\/\/pubeurope.com\/@fr\/114866863708057208","error":""},"_links":{"self":[{"href":"https:\/\/www.europesays.com\/fr\/wp-json\/wp\/v2\/posts\/253098","targetHints":{"allow":["GET"]}}],"collection":[{"href":"https:\/\/www.europesays.com\/fr\/wp-json\/wp\/v2\/posts"}],"about":[{"href":"https:\/\/www.europesays.com\/fr\/wp-json\/wp\/v2\/types\/post"}],"author":[{"embeddable":true,"href":"https:\/\/www.europesays.com\/fr\/wp-json\/wp\/v2\/users\/2"}],"replies":[{"embeddable":true,"href":"https:\/\/www.europesays.com\/fr\/wp-json\/wp\/v2\/comments?post=253098"}],"version-history":[{"count":0,"href":"https:\/\/www.europesays.com\/fr\/wp-json\/wp\/v2\/posts\/253098\/revisions"}],"wp:featuredmedia":[{"embeddable":true,"href":"https:\/\/www.europesays.com\/fr\/wp-json\/wp\/v2\/media\/253099"}],"wp:attachment":[{"href":"https:\/\/www.europesays.com\/fr\/wp-json\/wp\/v2\/media?parent=253098"}],"wp:term":[{"taxonomy":"category","embeddable":true,"href":"https:\/\/www.europesays.com\/fr\/wp-json\/wp\/v2\/categories?post=253098"},{"taxonomy":"post_tag","embeddable":true,"href":"https:\/\/www.europesays.com\/fr\/wp-json\/wp\/v2\/tags?post=253098"}],"curies":[{"name":"wp","href":"https:\/\/api.w.org\/{rel}","templated":true}]}}