{"id":253105,"date":"2025-07-17T05:16:11","date_gmt":"2025-07-17T05:16:11","guid":{"rendered":"https:\/\/www.europesays.com\/fr\/253105\/"},"modified":"2025-07-17T05:16:11","modified_gmt":"2025-07-17T05:16:11","slug":"euro-feminin-2025-aujourdhui-dans-le-doute-lallemagne-a-regne-sans-partage-sur-leurope-pendant-22-ans","status":"publish","type":"post","link":"https:\/\/www.europesays.com\/fr\/253105\/","title":{"rendered":"Euro f\u00e9minin 2025. Aujourd\u2019hui dans le doute, l\u2019Allemagne a r\u00e9gn\u00e9 sans partage sur l&rsquo;Europe pendant 22 ans"},"content":{"rendered":"<p>Les Allemandes se dressent sur le chemin de la France ce samedi (21h), en quarts de finale de l\u2019Euro. Elles ne sont pas favorites, apr\u00e8s leur d\u00e9faite contre la Su\u00e8de et la perte de leur capitaine Gwinn sur blessure. Il ne faut pas cependant oublier que l\u2019Allemagne a longtemps r\u00e9gn\u00e9 sans partage sur le continent, malgr\u00e9\u00a0une \u00e9limination d\u00e8s les quarts\u00a0en 2017 et une finale perdue en 2022.<\/p>\n<p>Au total, sur 13 \u00e9ditions du championnat d\u2019Europe, l\u2019Allemagne en a d\u00e9croch\u00e9 8, dont 6 \u00e0 la suite, de 1995 \u00e0\u2026 2017 donc. Pendant vingt-deux ans, personne n\u2019a pu rivaliser avec la meilleure \u00e9quipe du continent, qui r\u00e9ussissait la prouesse de pr\u00e9senter de nouvelles g\u00e9n\u00e9rations aussi fortes que les pr\u00e9c\u00e9dentes.<\/p>\n<p>Ce contenu est bloqu\u00e9 car vous n&rsquo;avez pas accept\u00e9 les cookies et autres traceurs.<\/p>\n<p>En cliquant sur \u00ab J\u2019accepte \u00bb, les cookies et autres traceurs seront d\u00e9pos\u00e9s et vous pourrez visualiser les contenus  (<a href=\"\" class=\"consentModule_policy\" target=\"_blank\" title=\"Consulter la politique de protection des donn\u00e9es du fournisseur\">plus d&rsquo;informations<\/a>).<\/p>\n<p>En cliquant sur \u00ab J\u2019accepte tous les cookies \u00bb, vous autorisez des d\u00e9p\u00f4ts de cookies et autres traceurs pour le stockage de vos donn\u00e9es sur nos sites et applications \u00e0 des fins de personnalisation et de ciblage publicitaire.<\/p>\n<p class=\"consentModule_secondaryText\">Vous gardez la possibilit\u00e9 de retirer votre consentement \u00e0 tout moment en consultant notre <a href=\"https:\/\/www.ledauphine.com\/protection-des-donnees\" target=\"_blank\" title=\"Consulter notre politique de protection des donn\u00e9es\" rel=\"nofollow noopener\">politique de protection des donn\u00e9es<\/a>. <br \/>&#13;<br \/>\n            <a href=\"https:\/\/www.ledauphine.com\/sport\/2025\/07\/17\/javascript:Didomi.notice.show()\" class=\"consentModule_cmp\" rel=\"nofollow noopener\" target=\"_blank\">G\u00e9rer mes choix<\/a>&#13;\n        <\/p>\n<p>&#13;<br \/>\n                        J&rsquo;accepte&#13;<br \/>\n            J&rsquo;accepte tous les cookies&#13;\n        <\/p>\n<p>  Une seule championne dans le groupe<\/p>\n<p>Onze fois\u00a0qualifi\u00e9e pour les quarts de finale en onze participations, l\u2019Allemagne a pass\u00e9 ce tour\u2026 \u00e0 dix reprises\u00a0! Avec une culture de la gagne \u00e9norme et un mental solide, les co\u00e9quipi\u00e8res de Birgit Prinz puis d\u2019Alex Popp ont presque toujours r\u00e9ussi \u00e0 s\u2019en sortir, hormis l\u2019\u00e9norme surprise de 2017 (\u00e9limination par le Danemark, 1-2).<\/p>\n<p>Le dernier titre remonte d\u00e9sormais \u00e0 2013. Dans l\u2019effectif actuel, seule <a href=\"https:\/\/www.ledauphine.com\/p\/sara-dabritz\" target=\"_blank\" rel=\"nofollow noopener\">Sara D\u00e4britz<\/a> a d\u00e9j\u00e0 gagn\u00e9 un Euro. Toutes les autres r\u00eavent de redonner le troph\u00e9e \u00e0 leur pays. Elles ne sont qu\u2019\u00e0 trois marches de le faire. Trois marches particuli\u00e8rement relev\u00e9es \u00e0 commencer par la France, ce samedi \u00e0 B\u00e2le.<\/p>\n","protected":false},"excerpt":{"rendered":"Les Allemandes se dressent sur le chemin de la France ce samedi (21h), en quarts de finale de&hellip;\n","protected":false},"author":2,"featured_media":253106,"comment_status":"","ping_status":"","sticky":false,"template":"","format":"standard","meta":{"footnotes":""},"categories":[1587],"tags":[11,672,1804,1805,1803,34063,1777,36286,674,107,63,1801,12,1802,517,1947],"class_list":{"0":"post-253105","1":"post","2":"type-post","3":"status-publish","4":"format-standard","5":"has-post-thumbnail","7":"category-allemagne","8":"tag-actualites","9":"tag-allemagne","10":"tag-bundesrepublik-deutschland","11":"tag-de","12":"tag-deutschland","13":"tag-equipe-de-france-feminine-de-football","14":"tag-eu","15":"tag-euro-feminin-football","16":"tag-europe","17":"tag-fil-info","18":"tag-football","19":"tag-germany","20":"tag-news","21":"tag-republique-federale-dallemagne","22":"tag-sport","23":"tag-sport-national"},"share_on_mastodon":{"url":"https:\/\/pubeurope.com\/@fr\/114866879435628485","error":""},"_links":{"self":[{"href":"https:\/\/www.europesays.com\/fr\/wp-json\/wp\/v2\/posts\/253105","targetHints":{"allow":["GET"]}}],"collection":[{"href":"https:\/\/www.europesays.com\/fr\/wp-json\/wp\/v2\/posts"}],"about":[{"href":"https:\/\/www.europesays.com\/fr\/wp-json\/wp\/v2\/types\/post"}],"author":[{"embeddable":true,"href":"https:\/\/www.europesays.com\/fr\/wp-json\/wp\/v2\/users\/2"}],"replies":[{"embeddable":true,"href":"https:\/\/www.europesays.com\/fr\/wp-json\/wp\/v2\/comments?post=253105"}],"version-history":[{"count":0,"href":"https:\/\/www.europesays.com\/fr\/wp-json\/wp\/v2\/posts\/253105\/revisions"}],"wp:featuredmedia":[{"embeddable":true,"href":"https:\/\/www.europesays.com\/fr\/wp-json\/wp\/v2\/media\/253106"}],"wp:attachment":[{"href":"https:\/\/www.europesays.com\/fr\/wp-json\/wp\/v2\/media?parent=253105"}],"wp:term":[{"taxonomy":"category","embeddable":true,"href":"https:\/\/www.europesays.com\/fr\/wp-json\/wp\/v2\/categories?post=253105"},{"taxonomy":"post_tag","embeddable":true,"href":"https:\/\/www.europesays.com\/fr\/wp-json\/wp\/v2\/tags?post=253105"}],"curies":[{"name":"wp","href":"https:\/\/api.w.org\/{rel}","templated":true}]}}