{"id":253109,"date":"2025-07-17T05:18:15","date_gmt":"2025-07-17T05:18:15","guid":{"rendered":"https:\/\/www.europesays.com\/fr\/253109\/"},"modified":"2025-07-17T05:18:15","modified_gmt":"2025-07-17T05:18:15","slug":"la-france-salue-les-sanctions-europeennes-contre-trois-chefs-de-gangs","status":"publish","type":"post","link":"https:\/\/www.europesays.com\/fr\/253109\/","title":{"rendered":"la France salue les sanctions europ\u00e9ennes contre trois chefs de gangs"},"content":{"rendered":"<p style=\"text-align:justify;\">AA \/ Paris \/ \u00dcmit D\u00f6nmez<\/p>\n<p style=\"text-align:justify;\">Le Quai d\u2019Orsay a salu\u00e9 l\u2019adoption par l\u2019Union europ\u00e9enne de nouvelles sanctions visant trois chefs de gangs ha\u00eftiens, Micanor Alt\u00e8s, Jeff Larose et Christ-Roi Ch\u00e9ry.<\/p>\n<p style=\"text-align:justify;\">Ces mesures, prises ce mardi \u00e0 l\u2019initiative de la France, visent, selon le communiqu\u00e9 publi\u00e9 le lendemain, \u00e0 \u00ab sanctionner les responsables de violations des droits de l\u2019Homme et des activit\u00e9s criminelles en Ha\u00efti contribuant \u00e0 la d\u00e9gradation continue de la situation s\u00e9curitaire \u00bb et \u00e0 envoyer \u00ab un signal de fermet\u00e9 \u00bb de la part de l\u2019UE, tout en illustrant l\u2019engagement \u00e0 \u00ab prot\u00e9ger la population ha\u00eftienne, premi\u00e8re victime de la violence \u00bb.<\/p>\n<p style=\"text-align:justify;\">Le Quai d\u2019Orsay a pr\u00e9cis\u00e9 que ces sanctions s\u2019inscrivent dans le cadre du r\u00e9gime europ\u00e9en de mesures restrictives adopt\u00e9 en juillet 2023, auquel s\u2019ajoutaient d\u00e9j\u00e0 des sanctions similaires contre trois autres chefs de gangs en d\u00e9cembre 2024. Les trois individus r\u00e9cemment cibl\u00e9s se voient interdire tout d\u00e9placement au sein de l\u2019UE et voient leurs avoirs gel\u00e9s.<\/p>\n<p style=\"text-align:justify;\">Le Conseil des Affaires \u00e9trang\u00e8res de l\u2019Union europ\u00e9enne a par ailleurs confirm\u00e9 que ces d\u00e9cisions reposent sur des accusations pr\u00e9cises : Micanor Alt\u00e8s, chef du gang Wharf J\u00e9r\u00e9mie, est accus\u00e9 d\u2019avoir orchestr\u00e9 le massacre de plus de 200 personnes en d\u00e9cembre 2024 ; Christ-Roi Ch\u00e9ry, dit \u00ab Krisla \u00bb, chef du gang Ti Bwa, et Jeff Larose, actif dans la zone de Canaan, seraient impliqu\u00e9s dans des enl\u00e8vements, des homicides et des violences sexuelles, y compris le recrutement forc\u00e9 d\u2019enfants.<\/p>\n<p style=\"text-align:justify;\">Le Conseil europ\u00e9en a prolong\u00e9 jusqu\u2019au 29 juillet 2026 le r\u00e9gime de sanctions adopt\u00e9 en 2023, soulignant son inqui\u00e9tude face \u00e0 une situation jug\u00e9e de plus en plus critique. La haute repr\u00e9sentante de l\u2019Union, Kaja Kallas, a d\u00e9clar\u00e9 que \u00ab la crise dangereuse empire en Ha\u00efti \u00bb, en appelant \u00e0 acc\u00e9l\u00e9rer le financement de la Mission multinationale d\u2019appui \u00e0 la s\u00e9curit\u00e9 (MMAS), d\u00e9ploy\u00e9e sous mandat onusien.<\/p>\n<p style=\"text-align:justify;\">Dans ce contexte, la situation s\u00e9curitaire en Ha\u00efti demeure alarmante. Selon les Nations unies, entre octobre 2024 et juin 2025, plus d\u2019un millier de personnes ont \u00e9t\u00e9 tu\u00e9es et des centaines d\u2019autres bless\u00e9es ou kidnapp\u00e9es, notamment dans l\u2019Artibonite et le Centre. Le ph\u00e9nom\u00e8ne des gangs s\u2019est \u00e9galement \u00e9tendu hors de la capitale, atteignant d\u00e9sormais les zones rurales, y compris le Centre-Sud.<\/p>\n<p>                            &#13;<br \/>\n                                <a href=\"https:\/\/www.aa.com.tr\/fr\/p\/abonnement\/1001\" target=\"_blank\" style=\"font-size:12px; color:#444; text-decoration:none;\" rel=\"noopener\">&#13;<br \/>\n                                    Seulement une partie des d\u00e9p\u00eaches, que l&rsquo;Agence Anadolu diffuse \u00e0 ses abonn\u00e9s via le Syst\u00e8me de Diffusion interne (HAS), est diffus\u00e9e sur le site de l&rsquo;AA, de mani\u00e8re r\u00e9sum\u00e9e. <b style=\"color:#1897F7\">Contactez-nous s&rsquo;il vous pla\u00eet pour vous abonner.<\/b>&#13;<br \/>\n                                <\/a>&#13;<\/p>\n","protected":false},"excerpt":{"rendered":"AA \/ Paris \/ \u00dcmit D\u00f6nmez Le Quai d\u2019Orsay a salu\u00e9 l\u2019adoption par l\u2019Union europ\u00e9enne de nouvelles sanctions&hellip;\n","protected":false},"author":2,"featured_media":253110,"comment_status":"","ping_status":"","sticky":false,"template":"","format":"standard","meta":{"footnotes":""},"categories":[1586],"tags":[11,1785,1777,674,1779,1011,27,39369,39370,39371,12,25,1778,22826,364],"class_list":{"0":"post-253109","1":"post","2":"type-post","3":"status-publish","4":"format-standard","5":"has-post-thumbnail","7":"category-europe","8":"tag-actualites","9":"tag-anadolu-ajansi","10":"tag-eu","11":"tag-europe","12":"tag-european-union","13":"tag-fr","14":"tag-france","15":"tag-france-hati","16":"tag-gangs-hatiens","17":"tag-hati","18":"tag-news","19":"tag-republique-francaise","20":"tag-ue","21":"tag-union-europenne-ue","22":"tag-union-europeenne"},"share_on_mastodon":{"url":"https:\/\/pubeurope.com\/@fr\/114866887269947631","error":""},"_links":{"self":[{"href":"https:\/\/www.europesays.com\/fr\/wp-json\/wp\/v2\/posts\/253109","targetHints":{"allow":["GET"]}}],"collection":[{"href":"https:\/\/www.europesays.com\/fr\/wp-json\/wp\/v2\/posts"}],"about":[{"href":"https:\/\/www.europesays.com\/fr\/wp-json\/wp\/v2\/types\/post"}],"author":[{"embeddable":true,"href":"https:\/\/www.europesays.com\/fr\/wp-json\/wp\/v2\/users\/2"}],"replies":[{"embeddable":true,"href":"https:\/\/www.europesays.com\/fr\/wp-json\/wp\/v2\/comments?post=253109"}],"version-history":[{"count":0,"href":"https:\/\/www.europesays.com\/fr\/wp-json\/wp\/v2\/posts\/253109\/revisions"}],"wp:featuredmedia":[{"embeddable":true,"href":"https:\/\/www.europesays.com\/fr\/wp-json\/wp\/v2\/media\/253110"}],"wp:attachment":[{"href":"https:\/\/www.europesays.com\/fr\/wp-json\/wp\/v2\/media?parent=253109"}],"wp:term":[{"taxonomy":"category","embeddable":true,"href":"https:\/\/www.europesays.com\/fr\/wp-json\/wp\/v2\/categories?post=253109"},{"taxonomy":"post_tag","embeddable":true,"href":"https:\/\/www.europesays.com\/fr\/wp-json\/wp\/v2\/tags?post=253109"}],"curies":[{"name":"wp","href":"https:\/\/api.w.org\/{rel}","templated":true}]}}