{"id":253119,"date":"2025-07-17T05:24:11","date_gmt":"2025-07-17T05:24:11","guid":{"rendered":"https:\/\/www.europesays.com\/fr\/253119\/"},"modified":"2025-07-17T05:24:11","modified_gmt":"2025-07-17T05:24:11","slug":"rugby-scapulaire-yannick-bru-lambition-sera-de-se-qualifier-dans-les-deux-premiers","status":"publish","type":"post","link":"https:\/\/www.europesays.com\/fr\/253119\/","title":{"rendered":"Rugby Scapulaire &#8211; Yannick Bru : \u00ab\u00a0L\u2019ambition sera de se qualifier dans les deux premiers\u00a0\u00bb"},"content":{"rendered":"<p>\u00a0<\/p>\n<p>Interrog\u00e9 par <a href=\"https:\/\/www.rugbyrama.fr\/2025\/07\/08\/entretien-exclusif-top-14-certains-mettent-un-nez-rouge-moi-je-suis-plus-mesure-les-confidences-de-yannick-bru-apres-la-folle-saison-de-lubb-12806166.php\" rel=\"nofollow noopener\" target=\"_blank\"><br \/>\nMidi Olympique<\/a>, notre manager, <strong>Yannick<br \/>\nBru<\/strong>, est revenu sur l\u2019objectif de Top 6 affich\u00e9 par le<br \/>\npr\u00e9sident de l\u2019Union Bordeaux-B\u00e8gles, <strong>Laurent<br \/>\nMarti<\/strong>, pour la saison \u00e0 venir :<\/p>\n<blockquote>\n<p>\u201cOn se conna\u00eet un peu, avec <strong>Laurent<\/strong>, depuis le<br \/>\ntemps et je crains que le Top 6 ne lui suffise pas. Mais il a \u00e9t\u00e9<br \/>\nprudent. Nous serons une cible \u00e0 abattre, avec un nouveau statut<br \/>\npuisqu\u2019on est champions d\u2019Europe. Petit \u00e0 petit, l\u2019UBB arrive \u00e0 une<br \/>\nphase de maturit\u00e9 en termes de comp\u00e9tences sportives. Il faudra<br \/>\nporter et assumer cette \u00e9tiquette. Ce sera aussi un d\u00e9fi d\u2019entrer<br \/>\ndans le camp des vainqueurs, malgr\u00e9 le fait qu\u2019on soit encore plus<br \/>\nattendu. L\u2019ambition sera de se qualifier dans les deux premiers.<br \/>\nNous avons mesur\u00e9, cette ann\u00e9e, l\u2019importance de la fra\u00eecheur.<br \/>\nL\u2019ambition sera exactement la m\u00eame que cette ann\u00e9e. Mais faire<br \/>\naussi bien en ayant d\u00e9j\u00e0 v\u00e9cu une saison tr\u00e8s positive sera un vrai<br \/>\nchallenge. J\u2019esp\u00e8re que nous allons continuer. Mon souhait, c\u2019est<br \/>\nque dans les interactions entre nos joueurs, le staff et notre<br \/>\ndirection, nous continuions \u00e0 \u00e9voluer avec la m\u00eame harmonie, sans<br \/>\nnous prendre pour d\u2019autres. Comme je l\u2019ai souvent dit, on n\u2019a<br \/>\nmarch\u00e9 sur personne cette ann\u00e9e mais on a \u00e9t\u00e9 constants, m\u00e9ticuleux<br \/>\net opini\u00e2tres dans les progr\u00e8s que nous voulions r\u00e9aliser\u201d.<\/p>\n<\/blockquote>\n","protected":false},"excerpt":{"rendered":"\u00a0 Interrog\u00e9 par Midi Olympique, notre manager, Yannick Bru, est revenu sur l\u2019objectif de Top 6 affich\u00e9 par&hellip;\n","protected":false},"author":2,"featured_media":253120,"comment_status":"","ping_status":"","sticky":false,"template":"","format":"standard","meta":{"footnotes":""},"categories":[1416],"tags":[1011,27,479,1468,60],"class_list":{"0":"post-253119","1":"post","2":"type-post","3":"status-publish","4":"format-standard","5":"has-post-thumbnail","7":"category-rugby","8":"tag-fr","9":"tag-france","10":"tag-rugby","11":"tag-rugby-football","12":"tag-sports"},"share_on_mastodon":{"url":"https:\/\/pubeurope.com\/@fr\/114866910909561045","error":""},"_links":{"self":[{"href":"https:\/\/www.europesays.com\/fr\/wp-json\/wp\/v2\/posts\/253119","targetHints":{"allow":["GET"]}}],"collection":[{"href":"https:\/\/www.europesays.com\/fr\/wp-json\/wp\/v2\/posts"}],"about":[{"href":"https:\/\/www.europesays.com\/fr\/wp-json\/wp\/v2\/types\/post"}],"author":[{"embeddable":true,"href":"https:\/\/www.europesays.com\/fr\/wp-json\/wp\/v2\/users\/2"}],"replies":[{"embeddable":true,"href":"https:\/\/www.europesays.com\/fr\/wp-json\/wp\/v2\/comments?post=253119"}],"version-history":[{"count":0,"href":"https:\/\/www.europesays.com\/fr\/wp-json\/wp\/v2\/posts\/253119\/revisions"}],"wp:featuredmedia":[{"embeddable":true,"href":"https:\/\/www.europesays.com\/fr\/wp-json\/wp\/v2\/media\/253120"}],"wp:attachment":[{"href":"https:\/\/www.europesays.com\/fr\/wp-json\/wp\/v2\/media?parent=253119"}],"wp:term":[{"taxonomy":"category","embeddable":true,"href":"https:\/\/www.europesays.com\/fr\/wp-json\/wp\/v2\/categories?post=253119"},{"taxonomy":"post_tag","embeddable":true,"href":"https:\/\/www.europesays.com\/fr\/wp-json\/wp\/v2\/tags?post=253119"}],"curies":[{"name":"wp","href":"https:\/\/api.w.org\/{rel}","templated":true}]}}