{"id":25312,"date":"2025-04-14T22:14:19","date_gmt":"2025-04-14T22:14:19","guid":{"rendered":"https:\/\/www.europesays.com\/fr\/25312\/"},"modified":"2025-04-14T22:14:19","modified_gmt":"2025-04-14T22:14:19","slug":"votre-sejour-4-etoiles-au-chateau-de-maraval-avec-rtl2-bordeaux","status":"publish","type":"post","link":"https:\/\/www.europesays.com\/fr\/25312\/","title":{"rendered":"Votre s\u00e9jour 4 \u00e9toiles au Ch\u00e2teau de Maraval avec RTL2 Bordeaux"},"content":{"rendered":"<p class=\"article-p mdl\">\u00c0 l\u2019occasion de <strong>\u201cCh\u00e2teaux en f\u00eate\u201d<\/strong>, <strong>RTL2 Bordeaux<\/strong> vous fait vivre la vie de ch\u00e2teau \u2026 pour de vrai ! Tentez de gagner un <strong>s\u00e9jour inoubliable pour deux personnes<\/strong> au\u00a0<a class=\"link\" href=\"https:\/\/chateaudemaraval.com\/?gad_source=1&amp;gclid=Cj0KCQjw2N2_BhCAARIsAK4pEkXB8G6zIEVRlz0f9CwJF7vsz6Bp8af2zEHgHu1Wl-h8qotlLzK_XBsaAl09EALw_wcB\" target=\"_blank\" rel=\"noopener\">Ch\u00e2teau de Maraval<\/a>, un lieu d\u2019exception au c\u0153ur du P\u00e9rigord Noir.<\/p>\n<p class=\"article-p mdl\">Toute cette semaine, tentez de remporter :<br \/>\n<br \/>Une <strong>nuit dans la superbe Suite Signature<\/strong><br \/>Un <strong>petit-d\u00e9jeuner <\/strong>pour bien d\u00e9marrer la journ\u00e9e<br \/>Une <strong>heure d\u2019acc\u00e8s au spa<\/strong>, jacuzzi et hammam<br \/>Un <strong>d\u00eener pour deux<\/strong><br \/>Deux <strong>cocktails de la maison*<\/strong> \u00e0 d\u00e9guster en toute tranquillit\u00e9<br \/>Et pour pimenter le tout : une <strong>Murder Party<\/strong>, la c\u00e9l\u00e8bre animation du ch\u00e2teau (valable uniquement le dimanche) !\n<\/p>\n<p>Une escapade m\u00ealant d\u00e9tente, gastronomie, ambiance myst\u00e9rieuse et patrimoine\u2026 \u00e0 vivre \u00e0 deux gr\u00e2ce \u00e0 <strong>RTL2 Bordeaux<\/strong> !<br \/>\n<br \/>Pour gagner ce tr\u00e8s beau s\u00e9jour, \u00e9coutez\u00a0<a class=\"link\" href=\"https:\/\/www.facebook.com\/rtl2bordeaux\" target=\"_blank\" rel=\"noopener\">RTL2 Bordeaux<\/a>\u00a0toute cette semaine entre 12h et 16h, d\u00e8s que vous entendez le signal RTL2, appelez au <strong>05 40 25 33 11<\/strong> !<\/p>\n<p class=\"article-p mdl\">*pour votre sant\u00e9, attention \u00e0 l&rsquo;abus d&rsquo;alcool<br \/>s\u00e9jour valable\u00a0en semaine ou le week-end, pendant toute l\u2019ann\u00e9e\u00a02025, en\u00a0basse et moyenne saison\u00a0(selon le calendrier du Ch\u00e2teau de Maraval).<\/p>\n<p>\n                                    Lire la suite\n                                <\/p>\n","protected":false},"excerpt":{"rendered":"\u00c0 l\u2019occasion de \u201cCh\u00e2teaux en f\u00eate\u201d, RTL2 Bordeaux vous fait vivre la vie de ch\u00e2teau \u2026 pour de&hellip;\n","protected":false},"author":2,"featured_media":25313,"comment_status":"","ping_status":"","sticky":false,"template":"","format":"standard","meta":{"footnotes":""},"categories":[2817],"tags":[1111,11,677,1997,1777,674,3696,1011,27,330,12,2219,25,4251],"class_list":{"0":"post-25312","1":"post","2":"type-post","3":"status-publish","4":"format-standard","5":"has-post-thumbnail","7":"category-bordeaux","8":"tag-actu","9":"tag-actualites","10":"tag-bons-plans","11":"tag-bordeaux","12":"tag-eu","13":"tag-europe","14":"tag-evenements","15":"tag-fr","16":"tag-france","17":"tag-jeux","18":"tag-news","19":"tag-nouvelle-aquitaine","20":"tag-republique-francaise","21":"tag-sortir"},"share_on_mastodon":{"url":"https:\/\/pubeurope.com\/@fr\/114338625205422044","error":""},"_links":{"self":[{"href":"https:\/\/www.europesays.com\/fr\/wp-json\/wp\/v2\/posts\/25312","targetHints":{"allow":["GET"]}}],"collection":[{"href":"https:\/\/www.europesays.com\/fr\/wp-json\/wp\/v2\/posts"}],"about":[{"href":"https:\/\/www.europesays.com\/fr\/wp-json\/wp\/v2\/types\/post"}],"author":[{"embeddable":true,"href":"https:\/\/www.europesays.com\/fr\/wp-json\/wp\/v2\/users\/2"}],"replies":[{"embeddable":true,"href":"https:\/\/www.europesays.com\/fr\/wp-json\/wp\/v2\/comments?post=25312"}],"version-history":[{"count":0,"href":"https:\/\/www.europesays.com\/fr\/wp-json\/wp\/v2\/posts\/25312\/revisions"}],"wp:featuredmedia":[{"embeddable":true,"href":"https:\/\/www.europesays.com\/fr\/wp-json\/wp\/v2\/media\/25313"}],"wp:attachment":[{"href":"https:\/\/www.europesays.com\/fr\/wp-json\/wp\/v2\/media?parent=25312"}],"wp:term":[{"taxonomy":"category","embeddable":true,"href":"https:\/\/www.europesays.com\/fr\/wp-json\/wp\/v2\/categories?post=25312"},{"taxonomy":"post_tag","embeddable":true,"href":"https:\/\/www.europesays.com\/fr\/wp-json\/wp\/v2\/tags?post=25312"}],"curies":[{"name":"wp","href":"https:\/\/api.w.org\/{rel}","templated":true}]}}