{"id":253122,"date":"2025-07-17T05:26:34","date_gmt":"2025-07-17T05:26:34","guid":{"rendered":"https:\/\/www.europesays.com\/fr\/253122\/"},"modified":"2025-07-17T05:26:34","modified_gmt":"2025-07-17T05:26:34","slug":"tony-parker-et-bozidar-maljkovic-font-leur-entree-a-lacademie-du-basket-francais","status":"publish","type":"post","link":"https:\/\/www.europesays.com\/fr\/253122\/","title":{"rendered":"Tony Parker et Bozidar Maljkovic font leur entr\u00e9e \u00e0 l\u2019Acad\u00e9mie du basket fran\u00e7ais"},"content":{"rendered":"<p>En marge de l\u2019assembl\u00e9e g\u00e9n\u00e9rale de la FFBB ce vendredi 18 octobre 2024 \u00e0 Paris, six nouveaux membres ont fait leur entr\u00e9e au sein de l\u2019Acad\u00e9mie du Basket fran\u00e7ais, le panth\u00e9on hexagonal. Son comit\u00e9 d\u2019honneur avait proc\u00e9d\u00e9 \u00e0 l\u2019\u00e9lection de cette nouvelle promotion, 20 ans apr\u00e8s sa cr\u00e9ation, au printemps dernier. <\/p>\n<p>Les nouveaux acad\u00e9miciens &#8211; ou \u00ab hall of famers \u00bb &#8211; du basket fran\u00e7ais, promotion 2024, sont le \u00ab pionnier \u00bb Andr\u00e9 Siener, les \u00ab joueurs\/joueuses \u00bb Corinne Beinintendi, Michel Mensch et Tony Parker, l\u2019\u00ab entra\u00eeneur \u00bb, Bozidar \u00ab\u00a0Boza\u00a0\u00bb Maljkovic et la \u00ab personnalit\u00e9 \u00bb, Pierre Fosset.<\/p>\n<p><a href=\"https:\/\/www.ffbb.com\/actualites\/une-promo-prestigieuse?ref=basketeurope.com\" rel=\"nofollow noopener\" target=\"_blank\"><strong>Le communiqu\u00e9 de la FFBB<\/strong><\/a><strong> :\u00a0<\/strong><\/p>\n<p><strong>Au titre du coll\u00e8ge \u00ab pionniers\/pionni\u00e8res \u00bb a \u00e9t\u00e9 honor\u00e9 :<\/strong><br \/>Andr\u00e9 SIENER (1911-1992). Il \u00e9tait sur le terrain, \u00e0 Toulouse, en 1943 lors du premier France-Espagne de l\u2019histoire des Bleus, pour son unique s\u00e9lection en \u00e9quipe nationale en tant que joueur. Il arbitra aux Jeux Olympiques de 1948 et de 1952 et dirigea \u00e9galement la finale du Championnat d\u2019Europe 1951 \u00e0 Paris. Cette grande figure de l\u2019arbitrage fut \u00e9galement un dirigeant impliqu\u00e9 au service de la technique et de l&rsquo;entra\u00eenement. Il fut notamment le premier \u00e0 rationaliser la d\u00e9tection des espoirs en leur faisant passer des tests.<\/p>\n<p><strong>Au titre du coll\u00e8ge \u00ab joueurs\/joueuses \u00bb ont \u00e9t\u00e9 honor\u00e9s :<\/strong><br \/>Corinne BEININTENDI (n\u00e9e le 6 f\u00e9vrier 1963). Un bandana autour de la t\u00eate, le regard ac\u00e9r\u00e9, le sens du jeu, les passes lasers\u2026 Elle a marqu\u00e9 le Championnat de France des ann\u00e9es 1990 par son style et son efficacit\u00e9. C\u2019est elle qui m\u00e8ne le jeu \u00e0 Challes-les-Eaux lorsque le club conquiert trois titres nationaux et parvient au Final Four en Coupe des Champions, une premi\u00e8re pour un club de basket f\u00e9minin fran\u00e7ais. Elle termine brillamment sa carri\u00e8re de joueuse professionnelle \u00e0 Tarbes o\u00f9 elle remporte la Coupe Ronchetti et la Coupe de France en 1996. Au sommet de son art, elle est \u00e9lue meilleure joueuse fran\u00e7aise en 1995 et 1996 pour ses deux derni\u00e8res saisons sur le parquet. Elle entame ensuite avec succ\u00e8s une carri\u00e8re d\u2019entra\u00eeneur.<\/p>\n<p>Michel MENSCH (n\u00e9 le 23 f\u00e9vrier 1957). Un joueur tr\u00e8s attir\u00e9 par le panier, rapide et adroit, capable de se cr\u00e9er son tir, et un redoutable scoreur. Pi\u00e8ce essentielle de l\u2019\u00e9quipe de France championne du monde 1990, apr\u00e8s une victoire \u00e9pique face aux Etats-Unis en finale, il incarne la tradition et la r\u00e9ussite du basket en fauteuil fran\u00e7ais. Il est le premier athl\u00e8te handisport \u00e0 entrer \u00e0 l\u2019Acad\u00e9mie du Basket fran\u00e7ais.<\/p>\n<p>Tony PARKER (n\u00e9 le 17 mai 1982). Lorsque jeune joueur en formation \u00e0 l\u2019INSEP \u00e0 la fin des ann\u00e9es 1990, il d\u00e9clarait qu\u2019il jouerait un jour en NBA, il n\u2019\u00e9tait pas toujours pris au s\u00e9rieux. Quand il met fin \u00e0 sa carri\u00e8re professionnelle une vingtaine d&rsquo;ann\u00e9es plus tard, il compte 4 titres de champion NBA, 4 m\u00e9dailles internationales, dont un titre de Champion d\u2019Europe. Il a \u00e9galement collectionn\u00e9 les distinctions individuelles et les premi\u00e8res pour un joueur fran\u00e7ais. Avec Pau Gasol et Dirk Nowitzki, il fait partie des joueurs qui ont chang\u00e9 le statut des joueurs europ\u00e9ens en NBA. Il est un monument du basket fran\u00e7ais et une star internationale, g\u00e9n\u00e9ralement consid\u00e9r\u00e9 comme le plus grand joueur de basket fran\u00e7ais \u00e0 ce jour. Son talent, son style de jeu et son travail conjugu\u00e9s \u00e0 sa confiance en lui l&rsquo;ont port\u00e9 \u00e0 un niveau et \u00e0 une reconnaissance internationale qu\u2019aucun basketteur hexagonal n\u2019avait connu avant lui.<\/p>\n<p><strong>Au titre du coll\u00e8ge \u00ab entra\u00eeneurs \u00bb, a \u00e9t\u00e9 honor\u00e9 :<\/strong><br \/>Bozidar MALJKOVIC (n\u00e9 le 20 avril 1952). Lorsqu\u2019il arrive au CSP Limoges en 1992, il est d\u00e9j\u00e0 une r\u00e9f\u00e9rence parmi les entra\u00eeneurs europ\u00e9en, fort de sa r\u00e9ussite avec le Jugoplastika Split. Il a notamment remport\u00e9 deux Euroligues d\u2019affil\u00e9e. Il parviendra \u00e0 inculquer sa m\u00e9thode aux joueurs limougeauds et \u00e0 briser le plafond de verre qui emp\u00eache le basket fran\u00e7ais, et m\u00eame le sport collectif fran\u00e7ais en g\u00e9n\u00e9ral, de remporter une Coupe des Champions. En 1993, les grands d\u2019Europe subissent un \u00e0 un la d\u00e9fense de fer et la d\u00e9termination des joueurs de Maljkovic. Au terme d\u2019une campagne admirable, le CSP Limoges parvient sur le toit de l\u2019Europe. A jamais le premier.<\/p>\n<p><strong>Au titre du coll\u00e8ge \u00ab personnalit\u00e9s \u00bb, a \u00e9t\u00e9 honor\u00e9 :<\/strong><br \/>Pierre FOSSET (n\u00e9 le 6 f\u00e9vrier 1953). Il a \u00e9t\u00e9 pr\u00e9sident de Bourges entre 1993 et 2019. Pendant cette p\u00e9riode, le club remporte plus de 30 titres, dont 3 Euroligues (1997, 1998, 2001) et 14 championnats de France (de 1995 \u00e0 2000 et 2006, 2009, 2009, 2011, 2012, 2013, 2015 et 2018). Bourges a \u00e9t\u00e9 la premi\u00e8re \u00e9quipe f\u00e9minine fran\u00e7aise \u00e0 remporter l\u2019Euroligue, en 1997. Non seulement le club est parvenu au sommet mais les r\u00e9sultats se sont inscrits dans la dur\u00e9e, gr\u00e2ce \u00e0 un d\u00e9veloppement \u00e0 la fois ambitieux et ma\u00eetris\u00e9. Les succ\u00e8s exceptionnels du CJM, devenu Tango Bourges Basket en 2003, ont contribu\u00e9 au d\u00e9veloppement et \u00e0 l\u2019image du basket f\u00e9minin. A ce titre, Pierre Fosset a marqu\u00e9 le basket fran\u00e7ais.<\/p>\n<p><strong>Les acad\u00e9miciens d\u00e9j\u00e0 \u00e9lus :\u00a0<\/strong><\/p>\n<p><strong>Promotion 2004<\/strong> : Mme Jacky CHAZALON, MM. Roger ANTOINE, Christian BALTZER, Jean-Paul BEUGNOT, Andr\u00e9 BUFFIERE, Maxime DORIGO, Herv\u00e9 DUBUISSON et Alain GILLES.<\/p>\n<p><strong>Promotion 2005<\/strong> : Mmes Anne-Marie COLCHEN et Ir\u00e8ne GUIDOTTI, MM. Robert BLANCHARD, Robert BUSNEL, Richard DACOURY, Jacques DESSEMME, et Jacques MARCHAND.<\/p>\n<p><strong>Promotion 2006<\/strong> : Mmes Elisabeth RIFFIOD et Edith TAVERT, MM. Marcel BARILLE, Rapha\u00ebl DE BARROS, Robert MONCLAR et Jacques PERRIER.<\/p>\n<p><strong>Promotion 2007<\/strong> : Mme. Yannick STEPHAN, MM. Jacques CACHEMIRE, Michel CANQUE, Jean DEGROS, Roland ETIENNE, Henri GRANGE et l\u2019Equipe de France F\u00e9minine \u2013 M\u00e9daille de bronze \u2013 Championnat du Monde 1934 ; Equipe de France Masculine \u2013 M\u00e9daille d\u2019argent \u2013 JO de Londres 1948.<\/p>\n<p><strong>Promotion 2008<\/strong> : Mmes Georgette COSTE-VENITIEN et Catherine MALFOIS, MM. Louis BERTORELLE, Bernard GASNAL, Jean-Michel SENEGAL et M. Pierre TESSIER.<\/p>\n<p><strong>Promotion 2009<\/strong> : Mme Odile SANTANIELLO, MM. Andr\u00e9 TONDEUR, Jo\u00eb JAUNAY, Jean-Claude BONATO, et Jean PERNICENI.<\/p>\n<p><strong>Promotion 2010<\/strong> : MM. Jacques FLOURET, Eric BEUGNOT, Antoine RIGAUDEAU, Pierre SEILLANT et l\u2019Equipe de France Masculine \u2013 M\u00e9daille d\u2019argent \u2013 JO de Sydney 2000.<\/p>\n<p><strong>Promotion 2011<\/strong> : Mme Yvonne SANTAIS-HOUEL, Yannick SOUVRE, Isabelle FIJALKOWSKI, MM. Philip SZANYIEL, Jacques MONCLAR, Yvan MAININI, et l\u2019Equipe de France F\u00e9minine \u2013 M\u00e9daille d\u2019or \u2013 CE 2001.<\/p>\n<p><strong>Promotion 2012<\/strong> : Mme Lucienne VELU-CHAPILLON, Jacqueline DELACHET, Paoline EKAMBI, MM. Jacques HUGUET, Ren\u00e9 CHOCAT, Roger HAUDEGAND.<\/p>\n<p><strong>Promotion 2013<\/strong> : Mme Ginette MAZELLE, MM. Emile FREZOT, St\u00e9phane OSTROWSKI, Jean BAYLE-LESPITAU et Max MAMIE.<\/p>\n<p><strong>Promotion 2014 <\/strong>: Mmes Martine CAMPI et Cathy MELAIN, MM. Jim BILBA, G\u00e9rard BOSC, Wladimir FABRIKANT, Henry FIELDS, Michel RAT<\/p>\n<p><strong>Promotion 2015<\/strong> : Mmes Sandra LE DREAN et Colette PASSEMARD, MM. Jean-Claude BIOJOUT, Charles BOIZARD, Yann BONATO, Xavier POPELIER et Michel LE RAY<\/p>\n<p><strong>Promotion 2016<\/strong> : Mme Fran\u00e7oise QUIBLIER, MM. Robert COHU, Freddy HUFNAGEL, Jean-Pierre STAELENS et Andr\u00e9 VACHERESSE<\/p>\n<p><strong>Promotion 2017<\/strong> : Mmes Danielle PETER et Lo\u00ebtitia MOUSSARD, MM. Louis DEVOTI, Jean-Pierre DUSSEAULX, Henry LESMAYOUX et Laurent SCIARRA<\/p>\n<p><strong>Promotion 2018<\/strong> : Mmes Genevi\u00e8ve GUINCHARD et Nathalie LESDEMA, MM. Wladimir BOURYSCHKINE, Laurent FOIREST, Fr\u00e9d\u00e9ric FORTE et Moustapha SONKO\u00a0<\/p>\n<p><strong>Promotion 2019 <\/strong>: Mmes Edwige Lawson et Audrey SAURET, MM. Didier Gadou, St\u00e9phane RISACHET et Emile TOUZET ainsi que l\u2019\u00c9quipe de France F\u00e9minine \u2013 M\u00e9daille d\u2019or \u2013 Championnat d\u2019Europe 2009<\/p>\n<p><strong>Promotion 2020 <\/strong>: Mmes Emmeline NDONGUE, Marguerite RADIDEAU, MM. Jean-Claude BOIS, Alain JARDEL, Alain LARROUQUIS, Ronny TURIAF<\/p>\n<p><strong>Promotion 2021<\/strong> : Mmes Nicole ANTIBE, Chantal JULIEN et Anna KOTOCOVA, MM. Pierre DAO, Cyril JULIAN, Ed MURPHY et Mike RUZGIS.\u00a0<\/p>\n<p><strong>Promotion 2022 <\/strong>: Mmes Alice MILLIAT, Jacqueline CATOR, MM. Jean DONNADIEU, George EDDY, Delaney RUDD, Fr\u00e9d\u00e9ric WEIS et l\u2019Equipe de France F\u00e9minine \u2013 M\u00e9daille d\u2019argent \u2013 JO de Londres 2012.<\/p>\n<p><strong>Promotion 2023<\/strong> : Mmes Dominique LERAY, Laure SAVASTA, MM. Boris DIAW, Jean GALLE, Bernard GROSGEORGE, et l\u2019Equipe de France Masculine \u2013 M\u00e9daille d\u2019or \u2013 CE 2013.<\/p>\n<p><strong>Promotion 2024<\/strong> : Mme Corinne BENINTENDI, MM. Bozidar MALJKOVIC, Pierre FOSSET, Michel MENSCH, Tony PARKER, et Andr\u00e9 SIENER.<\/p>\n<p><strong>Le Comit\u00e9 d\u2019Honneur 2024 :<\/strong><br \/>Mmes Fran\u00e7oise AMIAUD, Martine CAMPI, Jacky CHAZALON et Isabelle FIJALKOWSKI. MM. Jean-Claude BOIS, Jean DONNADIEU, Maxime DORIGO, Bernard GROSGEORGE, Alain JARDEL, Pascal LEGENDRE et Michel RAT.<\/p>\n","protected":false},"excerpt":{"rendered":"En marge de l\u2019assembl\u00e9e g\u00e9n\u00e9rale de la FFBB ce vendredi 18 octobre 2024 \u00e0 Paris, six nouveaux membres&hellip;\n","protected":false},"author":2,"featured_media":253123,"comment_status":"","ping_status":"","sticky":false,"template":"","format":"standard","meta":{"footnotes":""},"categories":[1414],"tags":[1465,1464,1011,27,60],"class_list":{"0":"post-253122","1":"post","2":"type-post","3":"status-publish","4":"format-standard","5":"has-post-thumbnail","7":"category-basket","8":"tag-basket","9":"tag-basketball","10":"tag-fr","11":"tag-france","12":"tag-sports"},"share_on_mastodon":{"url":"https:\/\/pubeurope.com\/@fr\/114866918858652526","error":""},"_links":{"self":[{"href":"https:\/\/www.europesays.com\/fr\/wp-json\/wp\/v2\/posts\/253122","targetHints":{"allow":["GET"]}}],"collection":[{"href":"https:\/\/www.europesays.com\/fr\/wp-json\/wp\/v2\/posts"}],"about":[{"href":"https:\/\/www.europesays.com\/fr\/wp-json\/wp\/v2\/types\/post"}],"author":[{"embeddable":true,"href":"https:\/\/www.europesays.com\/fr\/wp-json\/wp\/v2\/users\/2"}],"replies":[{"embeddable":true,"href":"https:\/\/www.europesays.com\/fr\/wp-json\/wp\/v2\/comments?post=253122"}],"version-history":[{"count":0,"href":"https:\/\/www.europesays.com\/fr\/wp-json\/wp\/v2\/posts\/253122\/revisions"}],"wp:featuredmedia":[{"embeddable":true,"href":"https:\/\/www.europesays.com\/fr\/wp-json\/wp\/v2\/media\/253123"}],"wp:attachment":[{"href":"https:\/\/www.europesays.com\/fr\/wp-json\/wp\/v2\/media?parent=253122"}],"wp:term":[{"taxonomy":"category","embeddable":true,"href":"https:\/\/www.europesays.com\/fr\/wp-json\/wp\/v2\/categories?post=253122"},{"taxonomy":"post_tag","embeddable":true,"href":"https:\/\/www.europesays.com\/fr\/wp-json\/wp\/v2\/tags?post=253122"}],"curies":[{"name":"wp","href":"https:\/\/api.w.org\/{rel}","templated":true}]}}