{"id":253134,"date":"2025-07-17T05:32:25","date_gmt":"2025-07-17T05:32:25","guid":{"rendered":"https:\/\/www.europesays.com\/fr\/253134\/"},"modified":"2025-07-17T05:32:25","modified_gmt":"2025-07-17T05:32:25","slug":"la-cote-dalbatre-sublimee-a-travers-une-exposition-pres-de-dieppe","status":"publish","type":"post","link":"https:\/\/www.europesays.com\/fr\/253134\/","title":{"rendered":"La c\u00f4te d&rsquo;Alb\u00e2tre sublim\u00e9e \u00e0 travers une exposition pr\u00e8s de Dieppe"},"content":{"rendered":"<p>            Par<br \/>\n        <strong><br \/>\n            <a href=\"https:\/\/actu.fr\/auteur\/informations-dieppoises\" title=\"Consulter tous les articles de R\u00e9daction Dieppe\" rel=\"nofollow noopener\" target=\"_blank\">R\u00e9daction Dieppe<\/a><br \/>\n        <\/strong><\/p>\n<p>        Publi\u00e9 le<\/p>\n<p>            14 juil. 2025 \u00e0 15h16        <\/p>\n<p>L\u2019artiste Fred Dumouchel poss\u00e8de un atelier-galerie route de l\u2019\u00e9glise \u00e0 <a href=\"https:\/\/actu.fr\/normandie\/varengeville-sur-mer_76720\" rel=\"nofollow noopener\" target=\"_blank\">Varengeville-sur-Mer (Seine-Maritime)<\/a>. Une cinquantaine de <b>toiles<\/b> sont visibles \u00e0 la <b>salle de la mairie<\/b> lors d\u2019une <b>exposition<\/b> sur le th\u00e8me de la <b>c\u00f4te d\u2019Alb\u00e2tre<\/b> jusqu\u2019au 21 juillet 2025.<\/p>\n<p class=\" wall-content\">L\u2019artiste allie g\u00e9om\u00e9trie chromatique et audace gestuelle, o\u00f9 l\u2019\u00e9glise et son cimeti\u00e8re marin se fondent dans un nuancier de bleus et de gris. Les reflets en sous-bois sont un prisme v\u00e9g\u00e9tal en mouvement. Les baigneuses, elles, invitent \u00e0 une pause complice et intime.<\/p>\n<p class=\" wall-content\">Fred Dumouchel privil\u00e9gie les aplats massifs, les contrastes lumineux et les compositions structur\u00e9es. Sous ses doigts d\u2019artiste, la c\u00f4te d\u2019Alb\u00e2tre se d\u00e9voile en vibrations sensorielles, en nuances chlorophylles et en jeux de mati\u00e8re. Il dialogue avec la toile \u00e0 renfort de couches de peinture, ce qui donne du relief et du caract\u00e8re.\u00a0Il exprime avec puissance et \u00e9l\u00e9gance \u00e0 la fois la force des \u00e9l\u00e9ments.<\/p>\n<p>Exposition de Fred Dumouchel, salle de la mairie \u00e0 Varengeville-sur-Mer. Entr\u00e9e libre tous les jours jusqu\u2019au 21\u00a0juillet de 10 h 30 \u00e0 12 h 30 et de 16 h \u00e0 19 h.<\/p>\n<p class=\" wall-content\">Suivez toute l\u2019actualit\u00e9 de vos villes et m\u00e9dias favoris en vous inscrivant \u00e0 <a href=\"https:\/\/moncompte.actu.fr\" title=\"D\u00e9couvez Mon Actu\" rel=\"nofollow noopener\" data-trk=\"{&quot;cta&quot;:{&quot;action&quot;:&quot;https:\\\/\\\/moncompte.actu.fr&quot;,&quot;category&quot;:&quot;mon compte&quot;,&quot;from&quot;:&quot;article footer&quot;,&quot;name&quot;:&quot;Mon actu&quot;,&quot;type&quot;:&quot;cta&quot;}}\" target=\"_blank\">Mon Actu<\/a>.<\/p>\n","protected":false},"excerpt":{"rendered":"Par R\u00e9daction Dieppe Publi\u00e9 le 14 juil. 2025 \u00e0 15h16 L\u2019artiste Fred Dumouchel poss\u00e8de un atelier-galerie route de&hellip;\n","protected":false},"author":2,"featured_media":253135,"comment_status":"","ping_status":"","sticky":false,"template":"","format":"standard","meta":{"footnotes":""},"categories":[1358],"tags":[1348,1384,1385,1386,58,59,1011,27,104],"class_list":{"0":"post-253134","1":"post","2":"type-post","3":"status-publish","4":"format-standard","5":"has-post-thumbnail","7":"category-arts-et-design","8":"tag-arts","9":"tag-arts-and-design","10":"tag-arts-et-design","11":"tag-design","12":"tag-divertissement","13":"tag-entertainment","14":"tag-fr","15":"tag-france","16":"tag-societe"},"share_on_mastodon":{"url":"https:\/\/pubeurope.com\/@fr\/114866942351241840","error":""},"_links":{"self":[{"href":"https:\/\/www.europesays.com\/fr\/wp-json\/wp\/v2\/posts\/253134","targetHints":{"allow":["GET"]}}],"collection":[{"href":"https:\/\/www.europesays.com\/fr\/wp-json\/wp\/v2\/posts"}],"about":[{"href":"https:\/\/www.europesays.com\/fr\/wp-json\/wp\/v2\/types\/post"}],"author":[{"embeddable":true,"href":"https:\/\/www.europesays.com\/fr\/wp-json\/wp\/v2\/users\/2"}],"replies":[{"embeddable":true,"href":"https:\/\/www.europesays.com\/fr\/wp-json\/wp\/v2\/comments?post=253134"}],"version-history":[{"count":0,"href":"https:\/\/www.europesays.com\/fr\/wp-json\/wp\/v2\/posts\/253134\/revisions"}],"wp:featuredmedia":[{"embeddable":true,"href":"https:\/\/www.europesays.com\/fr\/wp-json\/wp\/v2\/media\/253135"}],"wp:attachment":[{"href":"https:\/\/www.europesays.com\/fr\/wp-json\/wp\/v2\/media?parent=253134"}],"wp:term":[{"taxonomy":"category","embeddable":true,"href":"https:\/\/www.europesays.com\/fr\/wp-json\/wp\/v2\/categories?post=253134"},{"taxonomy":"post_tag","embeddable":true,"href":"https:\/\/www.europesays.com\/fr\/wp-json\/wp\/v2\/tags?post=253134"}],"curies":[{"name":"wp","href":"https:\/\/api.w.org\/{rel}","templated":true}]}}