{"id":253138,"date":"2025-07-17T05:35:08","date_gmt":"2025-07-17T05:35:08","guid":{"rendered":"https:\/\/www.europesays.com\/fr\/253138\/"},"modified":"2025-07-17T05:35:08","modified_gmt":"2025-07-17T05:35:08","slug":"secret-story-bientot-la-finale-et-les-internautes-sont-furax","status":"publish","type":"post","link":"https:\/\/www.europesays.com\/fr\/253138\/","title":{"rendered":"\u00ab\u00a0Secret Story\u00a0\u00bb : bient\u00f4t la finale, et les internautes sont furax"},"content":{"rendered":"<p>      R\u00e9sum\u00e9<\/p>\n<p>La finale de la 13e saison de Secret Story approche rapidement, suscitant critiques et inqui\u00e9tudes des fans face \u00e0 la dur\u00e9e raccourcie et aux controverses li\u00e9es \u00e0 l&rsquo;\u00e9mission.<\/p>\n<p>        Sommaire<\/p>\n<p>\u00ab\u00a0Vous auriez d\u00fb prolonger\u00a0\u00bb, \u00ab\u00a0Quelqu&rsquo;un vous court derri\u00e8re pour aller si vite ?\u00a0\u00bb. Ce sont les r\u00e9actions \u00e0 l&rsquo;annonce faite par TF1, <strong>ce 15 juillet 2025, sur Secret Story. <\/strong><\/p>\n<p>Le groupe a en effet annonc\u00e9 que <strong>la grande finale de la 13\u00e8me saison <\/strong>de la t\u00e9l\u00e9r\u00e9alit\u00e9 de TFX arrivait \u00e0 grands pas. <\/p>\n<p>Elle sera pr\u00e9sent\u00e9e en direct par Christophe Beaugrand ce jeudi 7 ao\u00fbt 2025, \u00e0 21h10. <strong>De quoi en embrouiller plus d&rsquo;un. <\/strong><\/p>\n<p>Les fans se rebiffent et d\u00e9noncent un favoritisme<\/p>\n<p>Et pour cause : d&rsquo;abord, on se demande comment la production va se d\u00e9brouiller pour \u00e9liminer le bon nombre de candidats avant la date butoir. Et de pr\u00e9dire : \u00ab\u00a0<strong>Donc du coup y aura une semaine y aura 2 \u00e9limin\u00e9s\u00a0\u00bb. <\/strong><\/p>\n<p>Ensuite, ils sont nombreux \u00e0 d\u00e9plorer les changements de cette ann\u00e9e. En particulier sur le nombre de candidats au d\u00e9part. Ainsi, on rel\u00e8ve ; \u00ab\u00a0Beaucoup trop court la saison, c\u2019est dommage. Et surtout, vous commencez \u00e0 14, c\u2019est tr\u00e8s peu. \u00c0 l\u2019ancienne, c\u2019etait pas 20 et 1 \u00e9limin\u00e9 par semaine \u00e0 tout hasard ? Retour aux sources pas tellement\u00a0\u00bb.<\/p>\n<p>On peut \u00e9galement lire que : \u00ab\u00a08 semaines, c&rsquo;est trop court, autant l&rsquo;an dernier pour le remake rat\u00e9, \u00e7a se comprend, <strong>mais cette ann\u00e9e la saison cartonne.<\/strong> Au moins deux semaines de plus jusqu&rsquo;\u00e0 fin aout auraient \u00e9t\u00e9 b\u00e9n\u00e9fiques\u00a0\u00bb.<\/p>\n<p>\u00c0 propos de qui remportera cette \u00e9dition, l\u00e0 encore, les internautes semblent convaincus <strong>qu&rsquo;il n&rsquo;y aura aucun suspens.<\/strong> Un fan balance ainsi : \u00ab\u00a0vous allez faire gagner sans scrupules <strong>votre fan de Secret Story Aimed<\/strong> \u00e0 qui vous donnez toutes les missions ??\u00a0\u00bb<\/p>\n<p>Mais derri\u00e8re ces pr\u00e9cipitations, il pourrait aussi y avoir une volont\u00e9 de passer \u00e0 autre chose, apr\u00e8s <strong>une saison particuli\u00e8rement chaotique. <\/strong><\/p>\n<p>Le harc\u00e8lement dans Secret Story responsable ?<\/p>\n<p>En effet, pour beaucoup de fid\u00e8les, \u00ab\u00a0C\u2019est raccourci, c\u2019est signe que la prod veut vite arr\u00eater les frais (&#8230;) <strong>\u00e0 cause des fans toxiques<\/strong>\u00ab\u00a0. Et comment ne pas <a href=\"https:\/\/www.public.fr\/hospitalisation-de-marianne-une-ancienne-candidate-de-secret-story-vole-a-son-secours-et-accable-la-production\" target=\"_blank\" rel=\"noopener\">penser \u00e0 ce qui est advenu \u00e0 Marianne<\/a>, candidate <a href=\"https:\/\/www.public.fr\/je-nai-jamais-vu-un-truc-aussi-grave-apres-linterview-de-marianne-jeremstar-annonce-un-enorme-seisme-dans-la-tele-realite\" target=\"_blank\" rel=\"noopener\">intern\u00e9e apr\u00e8s sa participation<\/a> ?<\/p>\n<p>Cyber-harcel\u00e9e, apr\u00e8s le portrait qui a \u00e9t\u00e9 fait d&rsquo;elle dans l&rsquo;\u00e9mission, la jeune femme a r\u00e9veill\u00e9 <a href=\"https:\/\/www.public.fr\/exclu-public-marianne-secret-story-internee-apres-lemission-enquete-sur-lentretien-psychologique-auxquels-les-candidats-sont-soumis\" target=\"_blank\" rel=\"noopener\">le vieux d\u00e9bat de l&rsquo;encadrement psychologique<\/a> dans les \u00e9missions de t\u00e9l\u00e9-r\u00e9alit\u00e9. C&rsquo;est ainsi que certains fans, rares, ont aussi estim\u00e9 : \u00ab\u00a0Dieu merci \u00e7a va se terminer. <strong>Ce public de harceleur m&rsquo;a gav\u00e9.<\/strong> D\u00e9fendre le harc\u00e8lement par le harc\u00e8lement\u00a0\u00bb.<\/p>\n<p>      Mentionn\u00e9s dans cet article<\/p>\n<p>\u00c0 lire aussi<\/p>\n","protected":false},"excerpt":{"rendered":"R\u00e9sum\u00e9 La finale de la 13e saison de Secret Story approche rapidement, suscitant critiques et inqui\u00e9tudes des fans&hellip;\n","protected":false},"author":2,"featured_media":253139,"comment_status":"","ping_status":"","sticky":false,"template":"","format":"standard","meta":{"footnotes":""},"categories":[1356],"tags":[5410,58,59,1011,27,29901,252,199,1364],"class_list":{"0":"post-253138","1":"post","2":"type-post","3":"status-publish","4":"format-standard","5":"has-post-thumbnail","7":"category-television","8":"tag-christophe-beaugrand","9":"tag-divertissement","10":"tag-entertainment","11":"tag-fr","12":"tag-france","13":"tag-secret-story","14":"tag-television","15":"tag-tf1","16":"tag-tv"},"share_on_mastodon":{"url":"https:\/\/pubeurope.com\/@fr\/114866954151673949","error":""},"_links":{"self":[{"href":"https:\/\/www.europesays.com\/fr\/wp-json\/wp\/v2\/posts\/253138","targetHints":{"allow":["GET"]}}],"collection":[{"href":"https:\/\/www.europesays.com\/fr\/wp-json\/wp\/v2\/posts"}],"about":[{"href":"https:\/\/www.europesays.com\/fr\/wp-json\/wp\/v2\/types\/post"}],"author":[{"embeddable":true,"href":"https:\/\/www.europesays.com\/fr\/wp-json\/wp\/v2\/users\/2"}],"replies":[{"embeddable":true,"href":"https:\/\/www.europesays.com\/fr\/wp-json\/wp\/v2\/comments?post=253138"}],"version-history":[{"count":0,"href":"https:\/\/www.europesays.com\/fr\/wp-json\/wp\/v2\/posts\/253138\/revisions"}],"wp:featuredmedia":[{"embeddable":true,"href":"https:\/\/www.europesays.com\/fr\/wp-json\/wp\/v2\/media\/253139"}],"wp:attachment":[{"href":"https:\/\/www.europesays.com\/fr\/wp-json\/wp\/v2\/media?parent=253138"}],"wp:term":[{"taxonomy":"category","embeddable":true,"href":"https:\/\/www.europesays.com\/fr\/wp-json\/wp\/v2\/categories?post=253138"},{"taxonomy":"post_tag","embeddable":true,"href":"https:\/\/www.europesays.com\/fr\/wp-json\/wp\/v2\/tags?post=253138"}],"curies":[{"name":"wp","href":"https:\/\/api.w.org\/{rel}","templated":true}]}}