{"id":253144,"date":"2025-07-17T05:38:10","date_gmt":"2025-07-17T05:38:10","guid":{"rendered":"https:\/\/www.europesays.com\/fr\/253144\/"},"modified":"2025-07-17T05:38:10","modified_gmt":"2025-07-17T05:38:10","slug":"a-11-ans-elle-se-plaint-davoir-mal-a-la-jambe-ses-parents-pensent-a-des-douleurs-de-croissance-elle-souffre-en-realite-dun-cancer-rare","status":"publish","type":"post","link":"https:\/\/www.europesays.com\/fr\/253144\/","title":{"rendered":"\u00c0 11 ans, elle se plaint d&rsquo;avoir mal \u00e0 la jambe, ses parents pensent \u00e0 des douleurs de croissance, elle souffre en r\u00e9alit\u00e9 d&rsquo;un cancer rare"},"content":{"rendered":"<p>Isabelle Vella se plaignait de douleurs persistantes \u00e0 la jambe. Mais, pour ses parents, il n&rsquo;y avait rien de grave. Au d\u00e9but, ils pensent \u00e0 des douleurs de croissance ou une d\u00e9chirure ligamentaire caus\u00e9e par son entra\u00eenement pour un triathlon. Mais face \u00e0 la douleur de leur fille de 11 ans, ils prennent rendez-vous chez le m\u00e9decin afin de r\u00e9aliser une radiographie.<\/p>\n<p><strong>LIRE AUSSI &gt;&gt;<\/strong> <a data-i13n=\"cpos:1;pos:1\" href=\"https:\/\/fr.news.yahoo.com\/tout-le-monde-etait-sous-le-choc-son-mal-de-dos-etait-en-realite-le-signe-dun-cancer-rare-et-mortel-111722843.html?guccounter=1&amp;guce_referrer=aHR0cHM6Ly93d3cuZ29vZ2xlLmNvbS8&amp;guce_referrer_sig=AQAAALPKiIgjTe0mPS0VaU2c_3_aKWGm4kkozPvb784jB-asVkJWe674RSJYjKYa5uP0A3e1cF7K_9lWG11GPjFwKPi1gGWpXRXTahfcNvKu6PoKvzqrNu-gxr4sd4VJMoR5o3lfNffr64_gjirTZsrcziFY_fPtLB_TpHxnC2vj1i3U\" data-ylk=\"slk:&quot;Tout le monde \u00e9tait sous le choc&quot; : son mal de dos \u00e9tait en r\u00e9alit\u00e9 le signe d&#039;un cancer rare et mortel;cpos:1;pos:1;elm:context_link;itc:0;sec:content-canvas;outcm:mb_qualified_link;_E:mb_qualified_link;ct:story;\" class=\"link  yahoo-link\" target=\"_blank\" rel=\"noopener\">\u00ab\u00a0Tout le monde \u00e9tait sous le choc\u00a0\u00bb : son mal de dos \u00e9tait en r\u00e9alit\u00e9 le signe d&rsquo;un cancer rare et mortel<\/a><\/p>\n<p>L&rsquo;examen confirme un diagnostic bien plus grave que ce \u00e0 quoi la famille pouvait s&rsquo;attendre. La fillette souffre d&rsquo;un d&rsquo;ost\u00e9ochondrome, un cancer rare des os. Cette maladie d\u00e9bute souvent \u00e0 l&rsquo;extr\u00e9mit\u00e9 des os longs. \u00ab\u00a0Ma femme l&rsquo;a emmen\u00e9e chez le m\u00e9decin pendant que j&rsquo;\u00e9tais au travail. Nous n&rsquo;arrivions pas \u00e0 y croire, ma femme s&rsquo;est effondr\u00e9e \u00e0 l&rsquo;h\u00f4pital. Nous \u00e9tions tous les deux en miettes au t\u00e9l\u00e9phone. Isabelle est tr\u00e8s intelligente, elle a tout de suite compris ce que c&rsquo;\u00e9tait. Le plus ironique, c&rsquo;est qu&rsquo;avant le rendez-vous, elle nous avait demand\u00e9 : \u00ab\u00a0Est-ce un cancer ?\u00a0\u00bb, et nous lui avions dit de ne pas \u00eatre aussi ridicule\u00a0\u00bb, se souvient le p\u00e8re de famille cit\u00e9 par <a data-i13n=\"cpos:2;pos:1\" href=\"https:\/\/www.mirror.co.uk\/news\/uk-news\/girl-11-given-devastating-diagnosis-35556054\" rel=\"nofollow noopener\" target=\"_blank\" data-ylk=\"slk:Mirror;cpos:2;pos:1;elm:context_link;itc:0;sec:content-canvas\" class=\"link \">Mirror<\/a>.<\/p>\n<p>Deux cycles de chimioth\u00e9rapie<\/p>\n<p>Comme l&rsquo;explique<a data-i13n=\"cpos:3;pos:1\" href=\"https:\/\/cancer.ca\/fr\/cancer-information\/cancer-types\/bone\/what-is-bone-cancer\/cancerous-tumours#:~:text=L&#039;ost%C3%A9osarcome%20est%20le%20deuxi%C3%A8me,de%2050%20ans%20et%20plus.\" rel=\"nofollow noopener\" target=\"_blank\" data-ylk=\"slk:la Soci\u00e9t\u00e9 canadienne du cancer;cpos:3;pos:1;elm:context_link;itc:0;sec:content-canvas\" class=\"link \"> la Soci\u00e9t\u00e9 canadienne du cancer<\/a>, \u00ab\u00a0l\u2019ost\u00e9osarcome peut appara\u00eetre dans n\u2019importe quel os du corps, mais on l\u2019observe le plus souvent dans les os de la jambe (f\u00e9mur ou tibia) ou du bras (hum\u00e9rus). Chez l\u2019adulte plus \u00e2g\u00e9, on peut aussi le d\u00e9tecter dans les os du bassin, de la m\u00e2choire ou de la colonne vert\u00e9brale\u00a0\u00bb. L\u2019ost\u00e9osarcome est le deuxi\u00e8me type le plus courant de cancer primitif des os.<\/p>\n<p>Jusqu&rsquo;\u00e0 pr\u00e9sent, la jeune fille a suivi deux cycles de chimioth\u00e9rapie. Dans les semaines qui viennent, elle pourrait \u00eatre amen\u00e9e \u00e0 subir une amputation ou plusieurs interventions chirurgicales complexes afin de sauver sa jambe. \u00ab\u00a0Elle ne pourra plus pratiquer de triathlon ni aucun sport de contact \u00e0 l&rsquo;avenir. Je suis convaincu qu&rsquo;elle se tournera vers un sport en fauteuil roulant, peut-\u00eatre m\u00eame vers des comp\u00e9titions comme les Jeux paralympiques\u00a0\u00bb, assure son p\u00e8re.<\/p>\n<p><strong>LIRE AUSSI &gt;&gt;<\/strong> <a data-i13n=\"cpos:4;pos:1\" href=\"https:\/\/fr.news.yahoo.com\/elle-pensait-souffrir-danxiete-chatgpt-identifie-son-cancer-du-sang-un-an-avant-le-diagnostic-des-medecins-105609871.html\" data-ylk=\"slk:Elle pensait souffrir d&#039;anxi\u00e9t\u00e9, ChatGPT identifie son cancer du sang un an avant le diagnostic des m\u00e9decins;cpos:4;pos:1;elm:context_link;itc:0;sec:content-canvas;outcm:mb_qualified_link;_E:mb_qualified_link;ct:story;\" class=\"link  yahoo-link\" target=\"_blank\" rel=\"noopener\">Elle pensait souffrir d&rsquo;anxi\u00e9t\u00e9, ChatGPT identifie son cancer du sang un an avant le diagnostic des m\u00e9decins<\/a><\/p>\n<p>Les m\u00e9decins ont \u00e9t\u00e9 contraints de retirer les ovaires de la fillette et de les congeler. Elle a \u00e9galement une sonde gastrique pour pouvoir se nourrir. \u00ab\u00a0Elle nous donne de la force. Elle est unique. Elle a peur, mais elle sait qu&rsquo;elle doit traverser cette \u00e9preuve\u2026 Je sais que \u00e7a peut para\u00eetre idiot, mais ce fut un v\u00e9ritable choc de voir \u00e0 quel point la chimioth\u00e9rapie l&rsquo;avait affect\u00e9e. C&rsquo;est bouleversant de voir son adorable enfant confin\u00e9e dans son lit et incapable de parler tant elle se sent malade. C&rsquo;est vraiment d\u00e9chirant\u00a0\u00bb, raconte la m\u00e8re de la petite fille. Le couple a ouvert une cagnotte pour collecter de l&rsquo;argent afin de prendre en charge certains traitements. Il recommande aux autres parents de toujours pr\u00eater attention aux douleurs des enfants m\u00eame si elles semblent b\u00e9nignes.<\/p>\n","protected":false},"excerpt":{"rendered":"Isabelle Vella se plaignait de douleurs persistantes \u00e0 la jambe. Mais, pour ses parents, il n&rsquo;y avait rien&hellip;\n","protected":false},"author":2,"featured_media":253145,"comment_status":"","ping_status":"","sticky":false,"template":"","format":"standard","meta":{"footnotes":""},"categories":[10],"tags":[101,39372,1011,27,72,39373,3306,71],"class_list":{"0":"post-253144","1":"post","2":"type-post","3":"status-publish","4":"format-standard","5":"has-post-thumbnail","7":"category-sante","8":"tag-cancer","9":"tag-douleurs-de-croissance","10":"tag-fr","11":"tag-france","12":"tag-health","13":"tag-jambe","14":"tag-parents","15":"tag-sante"},"share_on_mastodon":{"url":"https:\/\/pubeurope.com\/@fr\/114866965908386402","error":""},"_links":{"self":[{"href":"https:\/\/www.europesays.com\/fr\/wp-json\/wp\/v2\/posts\/253144","targetHints":{"allow":["GET"]}}],"collection":[{"href":"https:\/\/www.europesays.com\/fr\/wp-json\/wp\/v2\/posts"}],"about":[{"href":"https:\/\/www.europesays.com\/fr\/wp-json\/wp\/v2\/types\/post"}],"author":[{"embeddable":true,"href":"https:\/\/www.europesays.com\/fr\/wp-json\/wp\/v2\/users\/2"}],"replies":[{"embeddable":true,"href":"https:\/\/www.europesays.com\/fr\/wp-json\/wp\/v2\/comments?post=253144"}],"version-history":[{"count":0,"href":"https:\/\/www.europesays.com\/fr\/wp-json\/wp\/v2\/posts\/253144\/revisions"}],"wp:featuredmedia":[{"embeddable":true,"href":"https:\/\/www.europesays.com\/fr\/wp-json\/wp\/v2\/media\/253145"}],"wp:attachment":[{"href":"https:\/\/www.europesays.com\/fr\/wp-json\/wp\/v2\/media?parent=253144"}],"wp:term":[{"taxonomy":"category","embeddable":true,"href":"https:\/\/www.europesays.com\/fr\/wp-json\/wp\/v2\/categories?post=253144"},{"taxonomy":"post_tag","embeddable":true,"href":"https:\/\/www.europesays.com\/fr\/wp-json\/wp\/v2\/tags?post=253144"}],"curies":[{"name":"wp","href":"https:\/\/api.w.org\/{rel}","templated":true}]}}