{"id":253163,"date":"2025-07-17T05:48:42","date_gmt":"2025-07-17T05:48:42","guid":{"rendered":"https:\/\/www.europesays.com\/fr\/253163\/"},"modified":"2025-07-17T05:48:42","modified_gmt":"2025-07-17T05:48:42","slug":"ideale-pour-les-touristes-une-bagagerie-securisee-a-ouvert-dans-le-centre-ville","status":"publish","type":"post","link":"https:\/\/www.europesays.com\/fr\/253163\/","title":{"rendered":"id\u00e9ale pour les touristes, une bagagerie s\u00e9curis\u00e9e a ouvert dans le centre-ville"},"content":{"rendered":"<p>            Par<br \/>\n        <strong><br \/>\n            <a href=\"https:\/\/actu.fr\/auteur\/pierre-emile-bouchy-actu-fr\" title=\"Consulter tous les articles de Paul-Emile Bouchy\" rel=\"nofollow noopener\" target=\"_blank\">Paul-Emile Bouchy<\/a><br \/>\n        <\/strong><\/p>\n<p>        Publi\u00e9 le<\/p>\n<p>            15 juil. 2025 \u00e0 14h07        <\/p>\n<p>Que ce soit durant les f\u00eates de <a href=\"https:\/\/actu.fr\/tag\/saint-nicolas\" rel=\"nofollow noopener\" target=\"_blank\">Saint-Nicolas<\/a>, pour admirer le <a href=\"https:\/\/actu.fr\/tag\/jardin-ephemere-de-nancy\" rel=\"nofollow noopener\" target=\"_blank\">jardin \u00e9ph\u00e9m\u00e8re<\/a>, ou pendant la p\u00e9riode estivale, les touristes fran\u00e7ais et \u00e9trangers affluent \u00e0 <a href=\"https:\/\/actu.fr\/grand-est\/nancy_54395\" rel=\"nofollow noopener\" target=\"_blank\">Nancy<\/a> (Meurthe-et-Moselle) et ont souvent besoin d\u2019<strong>une solution pour laisser leur valise en toute s\u00e9curit\u00e9<\/strong>.<\/p>\n<p class=\" wall-content\">Voici ce que propose <strong>Lockin<\/strong>, une franchise de consigne \u00e0 bagages qui vient d\u2019ouvrir rue des Carmes.<\/p>\n<p>Une bagagerie situ\u00e9e entre la gare de Nancy et la place Stanislas<\/p>\n<p class=\" wall-content\">Enti\u00e8rement s\u00e9curis\u00e9e, la consigne \u00e0 bagages poss\u00e8de <strong>30 casiers de diff\u00e9rentes tailles<\/strong>. \u00ab\u2009Pour d\u00e9verrouiller la porte du local, le client doit scanner un QR code, qu\u2019il obtient en s\u2019inscrivant sur le site. <strong>Une fois \u00e0 l\u2019int\u00e9rieur, il peut choisir parmi les quatre tailles de casier et la dur\u00e9e dont il a besoin<\/strong>\u2009\u00bb, explique le g\u00e9rant, Alexandre Kaiser.<\/p>\n<p class=\" wall-content\">Les prix commencent <strong>\u00e0 partir d\u20191,50 \u20ac pour une heure et de 9 \u20ac pour une journ\u00e9e<\/strong> pour les casiers les plus petits.<\/p>\n<p class=\" wall-content\">Avec un emplacement id\u00e9alement situ\u00e9 entre la <a href=\"https:\/\/actu.fr\/tag\/place-stanislas\" rel=\"nofollow noopener\" target=\"_blank\">place Stanislas<\/a> et la <a href=\"https:\/\/actu.fr\/tag\/gare-de-nancy\" rel=\"nofollow noopener\" target=\"_blank\">gare de Nancy<\/a>, le g\u00e9rant esp\u00e8re attirer de nombreux touristes\u2009: \u00ab\u2009Cela existe beaucoup plus \u00e0 l\u2019\u00e9tranger qu\u2019en France donc j\u2019ai d\u00e9j\u00e0 plusieurs touristes \u00e9trangers qui sont venus. J\u2019ai nou\u00e9 aussi des partenariats avec des conciergeries.\u2009\u00bb<\/p>\n<p>Vid\u00e9os : en ce moment sur Actu<\/p>\n<blockquote class=\"tiktok-embed\" cite=\"https:\/\/www.tiktok.com\/@lorraine.actu\/video\/7527726305178144022\" data-video-id=\"7527726305178144022\" data-embed-from=\"oembed\" style=\"max-width:605px; min-width:325px;\"><p>\n<a target=\"_blank\" title=\"@lorraine.actu\" href=\"https:\/\/www.tiktok.com\/@lorraine.actu?refer=embed\" rel=\"nofollow noopener\">@lorraine.actu<\/a> <\/p>\n<p>Que ce soit durant les f\u00eates de Saint-Nicolas, pour admirer le jardin \u00e9ph\u00e9m\u00e8re, ou pendant la p\u00e9riode estivale, les touristes fran\u00e7ais et \u00e9trangers affluent \u00e0 Nancy (Meurthe-et-Moselle) et ont souvent besoin d\u2019une solution pour laisser leur valise en toute s\u00e9curit\u00e9. Voici ce que propose Lockin, une franchise de consigne \u00e0 bagages qui vient d\u2019ouvrir rue des Carmes. Enti\u00e8rement s\u00e9curis\u00e9e, la consigne \u00e0 bagages poss\u00e8de 30 casiers de diff\u00e9rentes tailles. \u00ab\u2009Pour d\u00e9verrouiller la porte du local, le client doit scanner un QR code, qu\u2019il obtient en s\u2019inscrivant sur le site. Une fois \u00e0 l\u2019int\u00e9rieur, il peut choisir parmi les quatre tailles de casier et la dur\u00e9e dont il a besoin\u2009\u00bb, explique le g\u00e9rant, Alexandre Kaiser. Les prix commencent \u00e0 partir d\u20191,50 \u20ac pour une heure et de 9 \u20ac pour une journ\u00e9e pour les casiers les plus petits. Avec un emplacement id\u00e9alement situ\u00e9 entre la place Stanislas et la gare de Nancy, le g\u00e9rant esp\u00e8re attirer de nombreux touristes\u2009: \u00ab\u2009Cela existe beaucoup plus \u00e0 l\u2019\u00e9tranger qu\u2019en France donc j\u2019ai d\u00e9j\u00e0 plusieurs touristes \u00e9trangers qui sont venus. J\u2019ai nou\u00e9 aussi des partenariats avec des conciergeries.\u2009\u00bb Lockin r\u00e9pond aussi \u00e0 une demande des utilisateurs d\u2019Airbnb en proposant des bo\u00eetes \u00e0 cl\u00e9s. Au lieu d\u2019avoir une bo\u00eete install\u00e9e dans la rue, le propri\u00e9taire du logement peut louer une bo\u00eete s\u00e9curis\u00e9e pour y laisser une cl\u00e9. Comme pour d\u00e9poser sa valise, le visiteur entre dans le local gr\u00e2ce \u00e0 un QR code, ouvre la bo\u00eete s\u00e9curis\u00e9e o\u00f9 se trouve la cl\u00e9 de son logement. \u00c9quip\u00e9 de vid\u00e9osurveillance, le local est ouvert tous les jours de 7h \u00e0 minuit. <a title=\"lorraine\" target=\"_blank\" href=\"https:\/\/www.tiktok.com\/tag\/lorraine?refer=embed\" rel=\"nofollow noopener\">#lorraine<\/a> <a title=\"nancy\" target=\"_blank\" href=\"https:\/\/www.tiktok.com\/tag\/nancy?refer=embed\" rel=\"nofollow noopener\">#nancy<\/a> <a title=\"tourisme\" target=\"_blank\" href=\"https:\/\/www.tiktok.com\/tag\/tourisme?refer=embed\" rel=\"nofollow noopener\">#tourisme<\/a> <a title=\"touriste\" target=\"_blank\" href=\"https:\/\/www.tiktok.com\/tag\/touriste?refer=embed\" rel=\"nofollow noopener\">#touriste<\/a> <a title=\"locker\" target=\"_blank\" href=\"https:\/\/www.tiktok.com\/tag\/locker?refer=embed\" rel=\"nofollow noopener\">#locker<\/a> <a title=\"lockerroom\" target=\"_blank\" href=\"https:\/\/www.tiktok.com\/tag\/lockerroom?refer=embed\" rel=\"nofollow noopener\">#lockerroom<\/a> <a title=\"bagage\" target=\"_blank\" href=\"https:\/\/www.tiktok.com\/tag\/bagage?refer=embed\" rel=\"nofollow noopener\">#bagage<\/a> <\/p>\n<p> <a target=\"_blank\" title=\"\u266c son original - Lorraine Actu\" href=\"https:\/\/www.tiktok.com\/music\/son-original-7527726294873852694?refer=embed\" rel=\"nofollow noopener\">\u266c son original \u2013 Lorraine Actu<\/a> <\/p>\n<\/blockquote>\n<p>Des bo\u00eetes \u00e0 cl\u00e9s pour les propri\u00e9taires d\u2019Airbnb<\/p>\n<p class=\" wall-content\">Lockin r\u00e9pond aussi \u00e0 une demande des utilisateurs d\u2019Airbnb en proposant des bo\u00eetes \u00e0 cl\u00e9s.<\/p>\n<p class=\" wall-content\">Au lieu d\u2019avoir une bo\u00eete install\u00e9e dans la rue, le propri\u00e9taire du logement peut <strong>louer une bo\u00eete s\u00e9curis\u00e9e pour y laisser une cl\u00e9<\/strong>.\u00a0Comme pour d\u00e9poser sa valise, le visiteur entre dans le local gr\u00e2ce \u00e0 un QR code, ouvre la bo\u00eete s\u00e9curis\u00e9e o\u00f9 se trouve la cl\u00e9 de son logement.<\/p>\n<p class=\" wall-content\">\u00c9quip\u00e9 de vid\u00e9osurveillance, le local est <strong>ouvert tous les jours de 7h \u00e0 minuit<\/strong>.<\/p>\n<p>Lockin<br \/>\n14 rue des Carmes \u00e0 Nancy<br \/>\nR\u00e9servations via <a href=\"https:\/\/www.lockin-lockers.com\/consigne-bagage-nancy-stanislas\" rel=\"nofollow noopener\" target=\"_blank\">ce lien<\/a><\/p>\n<p class=\" wall-content\">Suivez toute l\u2019actualit\u00e9 de vos villes et m\u00e9dias favoris en vous inscrivant \u00e0 <a href=\"https:\/\/moncompte.actu.fr\" title=\"D\u00e9couvez Mon Actu\" rel=\"nofollow noopener\" data-trk=\"{&quot;cta&quot;:{&quot;action&quot;:&quot;https:\\\/\\\/moncompte.actu.fr&quot;,&quot;category&quot;:&quot;mon compte&quot;,&quot;from&quot;:&quot;article footer&quot;,&quot;name&quot;:&quot;Mon actu&quot;,&quot;type&quot;:&quot;cta&quot;}}\" target=\"_blank\">Mon Actu<\/a>.<\/p>\n<p>                    <script async src=\"\/\/www.tiktok.com\/embed.js\"><\/script><\/p>\n","protected":false},"excerpt":{"rendered":"Par Paul-Emile Bouchy Publi\u00e9 le 15 juil. 2025 \u00e0 14h07 Que ce soit durant les f\u00eates de Saint-Nicolas,&hellip;\n","protected":false},"author":2,"featured_media":253164,"comment_status":"","ping_status":"","sticky":false,"template":"","format":"standard","meta":{"footnotes":""},"categories":[9635],"tags":[1111,11,1777,674,1011,27,775,1702,12,25,104,602],"class_list":{"0":"post-253163","1":"post","2":"type-post","3":"status-publish","4":"format-standard","5":"has-post-thumbnail","7":"category-nancy","8":"tag-actu","9":"tag-actualites","10":"tag-eu","11":"tag-europe","12":"tag-fr","13":"tag-france","14":"tag-grand-est","15":"tag-nancy","16":"tag-news","17":"tag-republique-francaise","18":"tag-societe","19":"tag-tourisme"},"share_on_mastodon":{"url":"https:\/\/pubeurope.com\/@fr\/114867005204788491","error":""},"_links":{"self":[{"href":"https:\/\/www.europesays.com\/fr\/wp-json\/wp\/v2\/posts\/253163","targetHints":{"allow":["GET"]}}],"collection":[{"href":"https:\/\/www.europesays.com\/fr\/wp-json\/wp\/v2\/posts"}],"about":[{"href":"https:\/\/www.europesays.com\/fr\/wp-json\/wp\/v2\/types\/post"}],"author":[{"embeddable":true,"href":"https:\/\/www.europesays.com\/fr\/wp-json\/wp\/v2\/users\/2"}],"replies":[{"embeddable":true,"href":"https:\/\/www.europesays.com\/fr\/wp-json\/wp\/v2\/comments?post=253163"}],"version-history":[{"count":0,"href":"https:\/\/www.europesays.com\/fr\/wp-json\/wp\/v2\/posts\/253163\/revisions"}],"wp:featuredmedia":[{"embeddable":true,"href":"https:\/\/www.europesays.com\/fr\/wp-json\/wp\/v2\/media\/253164"}],"wp:attachment":[{"href":"https:\/\/www.europesays.com\/fr\/wp-json\/wp\/v2\/media?parent=253163"}],"wp:term":[{"taxonomy":"category","embeddable":true,"href":"https:\/\/www.europesays.com\/fr\/wp-json\/wp\/v2\/categories?post=253163"},{"taxonomy":"post_tag","embeddable":true,"href":"https:\/\/www.europesays.com\/fr\/wp-json\/wp\/v2\/tags?post=253163"}],"curies":[{"name":"wp","href":"https:\/\/api.w.org\/{rel}","templated":true}]}}