{"id":253175,"date":"2025-07-17T05:57:03","date_gmt":"2025-07-17T05:57:03","guid":{"rendered":"https:\/\/www.europesays.com\/fr\/253175\/"},"modified":"2025-07-17T05:57:03","modified_gmt":"2025-07-17T05:57:03","slug":"en-normandie-un-homme-retrouve-mort-un-mois-apres-sa-disparition-pres-de-rouen-2","status":"publish","type":"post","link":"https:\/\/www.europesays.com\/fr\/253175\/","title":{"rendered":"En Normandie, un homme retrouv\u00e9 mort un mois apr\u00e8s sa disparition pr\u00e8s de Rouen"},"content":{"rendered":"<p><strong>\u00ab\u00a0Malgr\u00e9 une forte mobilisation\u00a0\u00bb,<\/strong> le corps d\u2019un homme de 64\u00a0ans, port\u00e9 disparu depuis plus d\u2019un mois pr\u00e8s de Rouen, a \u00e9t\u00e9 retrouv\u00e9 ce mardi 15\u00a0juillet 2025, indique la Police nationale de Seine-Maritime sur sa page Facebook.<\/p>\n<p><strong>Lire aussi\u00a0:<\/strong>\u00a0<a href=\"https:\/\/caen.maville.com\/actu\/actudet_-disparu-depuis-trois-jours-le-corps-sans-vie-d-un-homme-de-37-ans-retrouve-dans-l-eure-_53511-6889633_actu.Htm\" target=\"_blank\" rel=\"noopener\">Disparu depuis trois jours, le corps sans vie d\u2019un homme de 37\u00a0ans retrouv\u00e9 dans l\u2019Eure<\/a><\/p>\n<p>Le sexag\u00e9naire \u00e9tait port\u00e9 disparu dans le secteur de Grand-Quevilly depuis le 3\u00a0juin 2025. Les autorit\u00e9s avaient lanc\u00e9 un appel \u00e0 t\u00e9moins quelques jours plus tard, mercredi 11\u00a0juin.<\/p>\n<p>\u00a0<\/p>\n","protected":false},"excerpt":{"rendered":"\u00ab\u00a0Malgr\u00e9 une forte mobilisation\u00a0\u00bb, le corps d\u2019un homme de 64\u00a0ans, port\u00e9 disparu depuis plus d\u2019un mois pr\u00e8s de&hellip;\n","protected":false},"author":2,"featured_media":252670,"comment_status":"","ping_status":"","sticky":false,"template":"","format":"standard","meta":{"footnotes":""},"categories":[9587],"tags":[1111,11,2715,1777,674,1011,27,4933,1781,2561,18,12,5161,3762,25,4256,9590],"class_list":{"0":"post-253175","1":"post","2":"type-post","3":"status-publish","4":"format-standard","5":"has-post-thumbnail","7":"category-rouen","8":"tag-actu","9":"tag-actualites","10":"tag-disparition","11":"tag-eu","12":"tag-europe","13":"tag-fr","14":"tag-france","15":"tag-homme","16":"tag-lorient","17":"tag-mois","18":"tag-mort","19":"tag-news","20":"tag-normandie","21":"tag-pres","22":"tag-republique-francaise","23":"tag-retrouve","24":"tag-rouen"},"share_on_mastodon":{"url":"https:\/\/pubeurope.com\/@fr\/114867040564974696","error":""},"_links":{"self":[{"href":"https:\/\/www.europesays.com\/fr\/wp-json\/wp\/v2\/posts\/253175","targetHints":{"allow":["GET"]}}],"collection":[{"href":"https:\/\/www.europesays.com\/fr\/wp-json\/wp\/v2\/posts"}],"about":[{"href":"https:\/\/www.europesays.com\/fr\/wp-json\/wp\/v2\/types\/post"}],"author":[{"embeddable":true,"href":"https:\/\/www.europesays.com\/fr\/wp-json\/wp\/v2\/users\/2"}],"replies":[{"embeddable":true,"href":"https:\/\/www.europesays.com\/fr\/wp-json\/wp\/v2\/comments?post=253175"}],"version-history":[{"count":0,"href":"https:\/\/www.europesays.com\/fr\/wp-json\/wp\/v2\/posts\/253175\/revisions"}],"wp:featuredmedia":[{"embeddable":true,"href":"https:\/\/www.europesays.com\/fr\/wp-json\/wp\/v2\/media\/252670"}],"wp:attachment":[{"href":"https:\/\/www.europesays.com\/fr\/wp-json\/wp\/v2\/media?parent=253175"}],"wp:term":[{"taxonomy":"category","embeddable":true,"href":"https:\/\/www.europesays.com\/fr\/wp-json\/wp\/v2\/categories?post=253175"},{"taxonomy":"post_tag","embeddable":true,"href":"https:\/\/www.europesays.com\/fr\/wp-json\/wp\/v2\/tags?post=253175"}],"curies":[{"name":"wp","href":"https:\/\/api.w.org\/{rel}","templated":true}]}}