{"id":253177,"date":"2025-07-17T06:01:15","date_gmt":"2025-07-17T06:01:15","guid":{"rendered":"https:\/\/www.europesays.com\/fr\/253177\/"},"modified":"2025-07-17T06:01:15","modified_gmt":"2025-07-17T06:01:15","slug":"cabinet-medical-maison-de-sante-ophtalmo-ou-se-faire-soigner-a-rennes-pendant-les-vacances-scolaires","status":"publish","type":"post","link":"https:\/\/www.europesays.com\/fr\/253177\/","title":{"rendered":"Cabinet m\u00e9dical, maison de sant\u00e9, ophtalmo&#8230; O\u00f9 se faire soigner \u00e0 Rennes pendant les vacances scolaires\u00a0?"},"content":{"rendered":"<p>            Par<br \/>\n        <strong><br \/>\n            <a href=\"https:\/\/actu.fr\/auteur\/clemence-pays02-actu-fr\" title=\"Consulter tous les articles de Cl\u00e9mence Pays\" target=\"_blank\" rel=\"noopener\">Cl\u00e9mence Pays<\/a><br \/>\n        <\/strong><\/p>\n<p>        Publi\u00e9 le<\/p>\n<p>            17 juil. 2025 \u00e0 7h02        <\/p>\n<p>Listes d\u2019attente, pas de prise en charge de nouveaux patients\u2026 Pas toujours simple de <strong>se faire soigner \u00e0 Rennes.<\/strong> Et encore moins en p\u00e9riode estivale, lorsque le personnel m\u00e9dical prend quelques jours de cong\u00e9 (bien m\u00e9rit\u00e9s). Jusqu\u2019au 1\u1d49\u02b3\u00a0octobre 2025, il est \u00e9galement\u00a0<a href=\"https:\/\/actu.fr\/bretagne\/rennes_35238\/penurie-de-soignants-dans-ces-hopitaux-d-ille-et-vilaine-il-faudra-appeler-le-15-avant-d-aller-aux-urgences_62891306.html\" target=\"_blank\" rel=\"noopener\">obligatoire de contacter le 15 avant de se pr\u00e9senter aux urgences en Ille-et-Vilaine<\/a>. D\u00e9but juillet, <a href=\"https:\/\/actu.fr\/bretagne\/rennes_35238\/par-manque-d-effectif-les-urgences-fermees-la-nuit-dans-les-hopitaux-prives-de-saint-gregoire_62872419.html\" target=\"_blank\" rel=\"noopener\">les h\u00f4pitaux priv\u00e9s de Saint-Gr\u00e9goire avaient m\u00eame \u00e9t\u00e9 oblig\u00e9s de fermer les urgences la nuit<\/a>, en raison d\u2019un manque d\u2019effectif m\u00e9dical.\u00a0<\/p>\n<p class=\" wall-content\">Pour faciliter la prise en charge des <strong>soins non programm\u00e9s,<\/strong> l\u2019Agence r\u00e9gionale de sant\u00e9 (ARS Bretagne) a r\u00e9pertori\u00e9 \u00ab\u2009les structures capables d\u2019assurer des soins <strong>en moins de 48\u00a0heures,<\/strong> sans qu\u2019ils rel\u00e8vent de l\u2019urgence vitale\u2009\u00bb.<\/p>\n<blockquote class=\"ac-article-quote wall-content\">\n<p>Les soins non-programm\u00e9s sont des soins qui ne rel\u00e8vent pas d\u2019une urgence vitale mais pour lesquels une prise en charge par un professionnel de sant\u00e9 est souhaitable en moins de 48h. En cas d\u2019urgence vitale, appeler le 15 reste la priorit\u00e9.<\/p>\n<p>    <strong>ARS Bretagne<\/strong>\n            <\/p><\/blockquote>\n<p class=\" wall-content\">Retrouvez <strong>d\u2019abord<\/strong> la <strong>liste<\/strong> des structures \u00e0<strong> Rennes<\/strong> et, <strong>ensuite<\/strong>, la liste des structures<strong> dans la p\u00e9riph\u00e9rie<\/strong> proche de Rennes.<\/p>\n<p>Une vingtaine de structures dans le bassin rennais<\/p>\n<p class=\" wall-content\"><strong>En journ\u00e9e, le soir et les week-ends,<\/strong> voici les lieux de soins disponibles \u00e0 Rennes et dans sa m\u00e9tropole, en p\u00e9riode estivale.<\/p>\n<p>Vid\u00e9os : en ce moment sur Actu<\/p>\n<p class=\" wall-content\"><strong>\u00c0 Rennes\u2009:<\/strong><\/p>\n<ul class=\" wall-content\">\n<li>Maison m\u00e9dicale de garde de Rennes (ouvert le week-end), 2, rue Henri-Le Guilloux, centre hospitalier de Rennes (contacter le 15)\u2009;<\/li>\n<li>Medalliance (ouvert le week-end), 18, rue du Bourg Nouveau, Rennes (m\u00e9decine g\u00e9n\u00e9rale et traumatologie, sans rendez-vous, du lundi au samedi, de 8h \u00e0 20h\u2009; num\u00e9ro de t\u00e9l\u00e9phone non renseign\u00e9)\u2009;<\/li>\n<li>Cabinet d\u2019ophtalmologie Rennes La Visitation (ouvert le week-end), 7, rue de la Visitation, Rennes (t\u00e9l. 02\u200999\u200935\u200911\u200912)\u2009;<\/li>\n<li>Polyclinique Saint-Laurent (ouvert le week-end), 320, avenue du G\u00e9n\u00e9ral-Patton, Rennes (t\u00e9l. 02\u200999\u200925\u200967\u200930)\u2009;<\/li>\n<li>SOS M\u00e9decins Rennes Nord (ouvert le week-end), 320, avenue du G\u00e9n\u00e9ral-Patton, Rennes (t\u00e9l. 02\u200999\u200953\u200906\u200906)\u2009;<\/li>\n<li>Cabinet m\u00e9dical Saint-Germain, 19bis, quai Chateaubriand, Rennes (t\u00e9l. 02\u200999\u200978\u200924\u200943)\u2009;<\/li>\n<li>Cabinet m\u00e9dical Dr Marie Pinault, 15, avenue des Fran\u00e7ais Libres, R\u00e9sidence Saint-H\u00e9lier, Rennes (t\u00e9l. 02\u200930\u200996\u200919\u200992)\u2009;<\/li>\n<li>Cabinet \u00c9mile Souvestre, 15, rue \u00c9mile-Souvestre, Rennes (prise de rendez-vous <a href=\"https:\/\/www.keldoc.com\/\" target=\"_blank\" rel=\"noopener\">en ligne<\/a>)\u2009;<\/li>\n<li>Groupe m\u00e9dical Cleunay \u2013 La Courrouze, 46, boulevard de Cleunay, Rennes (t\u00e9l. 02\u200923\u200940\u200981\u200981)\u2009;<\/li>\n<li>Clinique Mutualiste La Sagesse (ouvert le week-end), 4, place Saint-Gu\u00e9nol\u00e9, Rennes (t\u00e9l. 02\u200999\u200985\u200975\u200978)\u2009;<\/li>\n<li>Cabinet d\u2019ophtalmologie Rennes Cleunay \u2013 Westophta (ouvert le week-end), 53, rue Jules-Vall\u00e8s, Rennes (t\u00e9l. 02\u200923\u200947\u200918\u200920)\u2009;<\/li>\n<li>SOS M\u00e9decins Rennes (ouvert le week-end), 106, rue Eug\u00e8ne-Pottier, Rennes (t\u00e9l. 02\u200999\u200953\u200906\u200906)\u2009;<\/li>\n<li>Communaut\u00e9 professionnelle territoriale de Sant\u00e9 Rennes Sud, 9, rue Fr\u00e9d\u00e9ric-Mistral, Rennes (t\u00e9l. 02\u200921\u200981\u200911\u200911)\u2009;<\/li>\n<li>CPTS Rennes Sud, 11, avenue de Pologne, Rennes (t\u00e9l. 02\u200921\u200981\u200911\u200911)<\/li>\n<\/ul>\n<p class=\" wall-content\"><strong>Dans la m\u00e9tropole de Rennes\u2009:<\/strong><\/p>\n<ul class=\" wall-content\">\n<li>Maison m\u00e9dicale de garde de <strong>Saint-Gr\u00e9goire<\/strong> (ouvert le week-end), 6, boulevard de la Bouti\u00e8re \u00e0 Saint-Gr\u00e9goire (contacter le 15)\u2009;<\/li>\n<li>H\u00f4pital priv\u00e9 S\u00e9vign\u00e9 (ouvert le week-end, services d\u2019urgences 24h\/24), 3, rue du Ch\u00eane Germain, <strong>Cesson-S\u00e9vign\u00e9<\/strong> (t\u00e9l. 02\u200999\u200925\u200950\u200950)\u2009;<\/li>\n<li>Cabinet m\u00e9dical <strong>Thorign\u00e9-Fouillard<\/strong>, 2, rue des Moulins \u00e0 Thorign\u00e9-Fouillard (t\u00e9l. 02\u200999\u200937\u200938\u200900)\u2009;<\/li>\n<li>Centre municipal de Sant\u00e9 de <strong>Romill\u00e9<\/strong>, 16, rue de Perronaye \u00e0 Romill\u00e9 (t\u00e9l. 02\u200930\u200903\u200997\u200952)\u2009;<\/li>\n<li>Maison m\u00e9dicale de Garde de Montfort (ouvert le week-end), rue Saint-Nicolas \u00e0 <strong>Montfort-sur-Meu<\/strong> (contacter le 15)\u2009;<\/li>\n<li>SCM <strong>Bruz<\/strong> M\u00e9dicale, 54, avenue Alphonse-Legault \u00e0 Bruz (t\u00e9l. 02\u200999\u200952\u200965\u200925)\u2009;<\/li>\n<li>Maison de sant\u00e9 pluriprofessionnelle de<strong> Vern-sur-Seiche<\/strong>, 1, rue Fran\u00e7ois-Rabelais \u00e0 Vern-sur-Seiche (t\u00e9l. 02\u200999\u200962\u200916\u200901).<\/li>\n<\/ul>\n<p class=\" wall-content\">Pour retrouver les structures de sant\u00e9 ouvertes aux soins non programm\u00e9s, <strong>partout en France,<\/strong> il est possible de <a href=\"https:\/\/www.sante.fr\/carte-des-lieux-de-soins\" target=\"_blank\" rel=\"noopener\">consulter la carte<\/a> r\u00e9alis\u00e9e par l\u2019ARS.<\/p>\n<p class=\" wall-content\">Suivez toute l\u2019actualit\u00e9 de vos villes et m\u00e9dias favoris en vous inscrivant \u00e0 <a href=\"https:\/\/moncompte.actu.fr\" title=\"D\u00e9couvez Mon Actu\" rel=\"nofollow noopener\" data-trk=\"{&quot;cta&quot;:{&quot;action&quot;:&quot;https:\\\/\\\/moncompte.actu.fr&quot;,&quot;category&quot;:&quot;mon compte&quot;,&quot;from&quot;:&quot;article footer&quot;,&quot;name&quot;:&quot;Mon actu&quot;,&quot;type&quot;:&quot;cta&quot;}}\" target=\"_blank\">Mon Actu<\/a>.<\/p>\n","protected":false},"excerpt":{"rendered":"Par Cl\u00e9mence Pays Publi\u00e9 le 17 juil. 2025 \u00e0 7h02 Listes d\u2019attente, pas de prise en charge de&hellip;\n","protected":false},"author":2,"featured_media":253178,"comment_status":"","ping_status":"","sticky":false,"template":"","format":"standard","meta":{"footnotes":""},"categories":[2821],"tags":[1111,11,829,1777,674,1011,27,2673,12,584,25,71,104,3176],"class_list":{"0":"post-253177","1":"post","2":"type-post","3":"status-publish","4":"format-standard","5":"has-post-thumbnail","7":"category-rennes","8":"tag-actu","9":"tag-actualites","10":"tag-bretagne","11":"tag-eu","12":"tag-europe","13":"tag-fr","14":"tag-france","15":"tag-medecins","16":"tag-news","17":"tag-rennes","18":"tag-republique-francaise","19":"tag-sante","20":"tag-societe","21":"tag-vacances-scolaires"},"share_on_mastodon":{"url":"https:\/\/pubeurope.com\/@fr\/114867056369614263","error":""},"_links":{"self":[{"href":"https:\/\/www.europesays.com\/fr\/wp-json\/wp\/v2\/posts\/253177","targetHints":{"allow":["GET"]}}],"collection":[{"href":"https:\/\/www.europesays.com\/fr\/wp-json\/wp\/v2\/posts"}],"about":[{"href":"https:\/\/www.europesays.com\/fr\/wp-json\/wp\/v2\/types\/post"}],"author":[{"embeddable":true,"href":"https:\/\/www.europesays.com\/fr\/wp-json\/wp\/v2\/users\/2"}],"replies":[{"embeddable":true,"href":"https:\/\/www.europesays.com\/fr\/wp-json\/wp\/v2\/comments?post=253177"}],"version-history":[{"count":0,"href":"https:\/\/www.europesays.com\/fr\/wp-json\/wp\/v2\/posts\/253177\/revisions"}],"wp:featuredmedia":[{"embeddable":true,"href":"https:\/\/www.europesays.com\/fr\/wp-json\/wp\/v2\/media\/253178"}],"wp:attachment":[{"href":"https:\/\/www.europesays.com\/fr\/wp-json\/wp\/v2\/media?parent=253177"}],"wp:term":[{"taxonomy":"category","embeddable":true,"href":"https:\/\/www.europesays.com\/fr\/wp-json\/wp\/v2\/categories?post=253177"},{"taxonomy":"post_tag","embeddable":true,"href":"https:\/\/www.europesays.com\/fr\/wp-json\/wp\/v2\/tags?post=253177"}],"curies":[{"name":"wp","href":"https:\/\/api.w.org\/{rel}","templated":true}]}}