{"id":253179,"date":"2025-07-17T06:02:09","date_gmt":"2025-07-17T06:02:09","guid":{"rendered":"https:\/\/www.europesays.com\/fr\/253179\/"},"modified":"2025-07-17T06:02:09","modified_gmt":"2025-07-17T06:02:09","slug":"un-nouveau-reservoir-deau-potable-est-en-construction","status":"publish","type":"post","link":"https:\/\/www.europesays.com\/fr\/253179\/","title":{"rendered":"un nouveau r\u00e9servoir d&rsquo;eau potable est en construction"},"content":{"rendered":"<p>            Par<br \/>\n        <strong><br \/>\n            <a href=\"https:\/\/actu.fr\/auteur\/redaction-jv\" title=\"Consulter tous les articles de R\u00e9daction Vitr\u00e9\" target=\"_blank\" rel=\"noopener\">R\u00e9daction Vitr\u00e9<\/a><br \/>\n        <\/strong><\/p>\n<p>        Publi\u00e9 le<\/p>\n<p>            17 juil. 2025 \u00e0 7h36        <\/p>\n<p>Le <b>syndicat Eau des Portes de Bretagne<\/b> a identifi\u00e9 une fragilit\u00e9 sur l\u2019alimentation en eau potable du secteur desservi par le r\u00e9servoir du Clos Saint-Pierre, situ\u00e9 entre Noyal-sur-Vilaine et Ch\u00e2teaugiron (Ille-et-Vilaine).<\/p>\n<p class=\" wall-content\">Le r\u00e9servoir, d\u2019une <b>capacit\u00e9 de 2 000 m\u00b3<\/b>, dessert les communes de Ch\u00e2teaugiron, Noyal-sur-Vilaine, Domloup, Nouvoitou et la zone d\u2019activit\u00e9s au sud de Ch\u00e2teaubourg.<\/p>\n<p>Un stockage suppl\u00e9mentaire<\/p>\n<p class=\" wall-content\">Les besoins journaliers sur ce secteur d\u00e9passent les volumes stock\u00e9s, contraignant l\u2019usine du Plessis\u00a0Beucher \u00e0 <b>alimenter en direct une partie des habitants<\/b> sur certaines p\u00e9riodes de la journ\u00e9e, ce qui fragilise la\u00a0continuit\u00e9 de service.<\/p>\n<p class=\" wall-content\">\u00ab Une \u00e9tude de faisabilit\u00e9 a confirm\u00e9 <b>la n\u00e9cessit\u00e9 de cr\u00e9er un stockage suppl\u00e9mentaire<\/b>, au plus pr\u00e8s des zones de consommation.\u00a0Le Syndicat a donc lanc\u00e9 la construction d\u2019un nouveau r\u00e9servoir \u00e0 Ch\u00e2teaubourg, permettant de soulager le fonctionnement du r\u00e9servoir du Clos Saint-Pierre ; de <b>garantir l\u2019autonomie d\u2019alimentation<\/b> de la zone industrielle de Ch\u00e2teaubourg et de s\u00e9curiser l\u2019ensemble de la zone de distribution, notamment en cas de d\u00e9faillance de l\u2019usine (pollution, incident \u00e9lectrique\u2026) ou de casse sur le r\u00e9seau \u00bb, explique le syndicat Eau des Portes de Bretagne.<\/p>\n<p>Vid\u00e9os : en ce moment sur Actu<\/p>\n<p class=\" wall-content\">Les travaux comprennent la <b>construction d\u2019un r\u00e9servoir au sol de 2000 m\u00b3<\/b>, situ\u00e9 au bord de la rue de la Galmandi\u00e8re, la pose d\u2019\u00e9quipements hydrauliques et \u00e9lectriques, et la pose d\u2019une conduite de transfert sur environ 3 000\u00a0m\u00e8tres en 250\u00a0mm de diam\u00e8tre.<\/p>\n<p class=\" wall-content\"><b>Deux forages sp\u00e9cifiques<\/b> ont \u00e9t\u00e9 r\u00e9alis\u00e9s pour traverser la RN 157 et le giratoire entre la RD33 et la RD 95.<\/p>\n<p class=\" wall-content\">Suivez toute l\u2019actualit\u00e9 de vos villes et m\u00e9dias favoris en vous inscrivant \u00e0 <a href=\"https:\/\/moncompte.actu.fr\" title=\"D\u00e9couvez Mon Actu\" rel=\"nofollow noopener\" data-trk=\"{&quot;cta&quot;:{&quot;action&quot;:&quot;https:\\\/\\\/moncompte.actu.fr&quot;,&quot;category&quot;:&quot;mon compte&quot;,&quot;from&quot;:&quot;article footer&quot;,&quot;name&quot;:&quot;Mon actu&quot;,&quot;type&quot;:&quot;cta&quot;}}\" target=\"_blank\">Mon Actu<\/a>.<\/p>\n","protected":false},"excerpt":{"rendered":"Par R\u00e9daction Vitr\u00e9 Publi\u00e9 le 17 juil. 2025 \u00e0 7h36 Le syndicat Eau des Portes de Bretagne a&hellip;\n","protected":false},"author":2,"featured_media":253180,"comment_status":"","ping_status":"","sticky":false,"template":"","format":"standard","meta":{"footnotes":""},"categories":[2821],"tags":[1111,11,829,9746,1777,674,1011,27,12,52,584,25],"class_list":{"0":"post-253179","1":"post","2":"type-post","3":"status-publish","4":"format-standard","5":"has-post-thumbnail","7":"category-rennes","8":"tag-actu","9":"tag-actualites","10":"tag-bretagne","11":"tag-eau-potable","12":"tag-eu","13":"tag-europe","14":"tag-fr","15":"tag-france","16":"tag-news","17":"tag-planete","18":"tag-rennes","19":"tag-republique-francaise"},"share_on_mastodon":{"url":"https:\/\/pubeurope.com\/@fr\/114867060360220628","error":""},"_links":{"self":[{"href":"https:\/\/www.europesays.com\/fr\/wp-json\/wp\/v2\/posts\/253179","targetHints":{"allow":["GET"]}}],"collection":[{"href":"https:\/\/www.europesays.com\/fr\/wp-json\/wp\/v2\/posts"}],"about":[{"href":"https:\/\/www.europesays.com\/fr\/wp-json\/wp\/v2\/types\/post"}],"author":[{"embeddable":true,"href":"https:\/\/www.europesays.com\/fr\/wp-json\/wp\/v2\/users\/2"}],"replies":[{"embeddable":true,"href":"https:\/\/www.europesays.com\/fr\/wp-json\/wp\/v2\/comments?post=253179"}],"version-history":[{"count":0,"href":"https:\/\/www.europesays.com\/fr\/wp-json\/wp\/v2\/posts\/253179\/revisions"}],"wp:featuredmedia":[{"embeddable":true,"href":"https:\/\/www.europesays.com\/fr\/wp-json\/wp\/v2\/media\/253180"}],"wp:attachment":[{"href":"https:\/\/www.europesays.com\/fr\/wp-json\/wp\/v2\/media?parent=253179"}],"wp:term":[{"taxonomy":"category","embeddable":true,"href":"https:\/\/www.europesays.com\/fr\/wp-json\/wp\/v2\/categories?post=253179"},{"taxonomy":"post_tag","embeddable":true,"href":"https:\/\/www.europesays.com\/fr\/wp-json\/wp\/v2\/tags?post=253179"}],"curies":[{"name":"wp","href":"https:\/\/api.w.org\/{rel}","templated":true}]}}