{"id":253181,"date":"2025-07-17T06:03:11","date_gmt":"2025-07-17T06:03:11","guid":{"rendered":"https:\/\/www.europesays.com\/fr\/253181\/"},"modified":"2025-07-17T06:03:11","modified_gmt":"2025-07-17T06:03:11","slug":"entre-creation-de-jeux-video-de-robots-et-de-hits-electro","status":"publish","type":"post","link":"https:\/\/www.europesays.com\/fr\/253181\/","title":{"rendered":"entre cr\u00e9ation de jeux vid\u00e9o, de robots et de hits \u00e9lectro"},"content":{"rendered":"<p>\u00ab\u00a0Comment on fait pour ajouter une variable de gravit\u00e9 pour que mon personnage saute\u00a0?\u00a0\u00bb, interroge Antoine, neuf ans et demi. Ce mercredi 16\u00a0juillet, il participe avec une dizaine d\u2019autres enfants de huit \u00e0 dix ans au stage <a href=\"https:\/\/www.dna.fr\/culture-loisirs\/2025\/04\/13\/tests-de-jeux-videos-reparation-d-objets-au-shadok-une-approche-du-numerique-qui-seduit\" target=\"_blank\" rel=\"noopener\">du Shadok<\/a> intitul\u00e9 \u00ab\u00a0Cr\u00e9er ton mini-jeu vid\u00e9o\u00a0\u00bb. \u00ab\u00a0Nous passons par le jeu pour leur apprendre les bases de la programmation, une connaissance importante \u00e0 notre \u00e9poque\u00a0\u00bb, explique Quentin Boutin, l\u2019animateur de cet atelier.<\/p>\n<p>Pour leur deuxi\u00e8me matin\u00e9e de stage, les enfants sont chacun install\u00e9s derri\u00e8re un ordinateur afin d\u2019apprendre \u00e0 personnaliser le personnage de leur jeu. Les plus rapides s\u2019attellent ensuite aux arri\u00e8re-plans, puis commencent \u00e0 donner des instructions simples \u00e0 leur cr\u00e9ature, comme celle de se d\u00e9placer quand on&#8230;<\/p>\n","protected":false},"excerpt":{"rendered":"\u00ab\u00a0Comment on fait pour ajouter une variable de gravit\u00e9 pour que mon personnage saute\u00a0?\u00a0\u00bb, interroge Antoine, neuf ans&hellip;\n","protected":false},"author":2,"featured_media":253182,"comment_status":"","ping_status":"","sticky":false,"template":"","format":"standard","meta":{"footnotes":""},"categories":[2820],"tags":[1111,11,1687,2880,1057,27337,1777,674,107,1011,27,775,1036,3035,873,12,25,640,2879],"class_list":{"0":"post-253181","1":"post","2":"type-post","3":"status-publish","4":"format-standard","5":"has-post-thumbnail","7":"category-strasbourg","8":"tag-actu","9":"tag-actualites","10":"tag-culture-loisirs","11":"tag-edition-strasbourg","12":"tag-education","13":"tag-estivales","14":"tag-eu","15":"tag-europe","16":"tag-fil-info","17":"tag-fr","18":"tag-france","19":"tag-grand-est","20":"tag-jeux-video","21":"tag-la-matinale-strasbourg","22":"tag-musique","23":"tag-news","24":"tag-republique-francaise","25":"tag-strasbourg","26":"tag-strasbourg-ville"},"share_on_mastodon":{"url":"https:\/\/pubeurope.com\/@fr\/114867064322786209","error":""},"_links":{"self":[{"href":"https:\/\/www.europesays.com\/fr\/wp-json\/wp\/v2\/posts\/253181","targetHints":{"allow":["GET"]}}],"collection":[{"href":"https:\/\/www.europesays.com\/fr\/wp-json\/wp\/v2\/posts"}],"about":[{"href":"https:\/\/www.europesays.com\/fr\/wp-json\/wp\/v2\/types\/post"}],"author":[{"embeddable":true,"href":"https:\/\/www.europesays.com\/fr\/wp-json\/wp\/v2\/users\/2"}],"replies":[{"embeddable":true,"href":"https:\/\/www.europesays.com\/fr\/wp-json\/wp\/v2\/comments?post=253181"}],"version-history":[{"count":0,"href":"https:\/\/www.europesays.com\/fr\/wp-json\/wp\/v2\/posts\/253181\/revisions"}],"wp:featuredmedia":[{"embeddable":true,"href":"https:\/\/www.europesays.com\/fr\/wp-json\/wp\/v2\/media\/253182"}],"wp:attachment":[{"href":"https:\/\/www.europesays.com\/fr\/wp-json\/wp\/v2\/media?parent=253181"}],"wp:term":[{"taxonomy":"category","embeddable":true,"href":"https:\/\/www.europesays.com\/fr\/wp-json\/wp\/v2\/categories?post=253181"},{"taxonomy":"post_tag","embeddable":true,"href":"https:\/\/www.europesays.com\/fr\/wp-json\/wp\/v2\/tags?post=253181"}],"curies":[{"name":"wp","href":"https:\/\/api.w.org\/{rel}","templated":true}]}}