{"id":253190,"date":"2025-07-17T06:08:13","date_gmt":"2025-07-17T06:08:13","guid":{"rendered":"https:\/\/www.europesays.com\/fr\/253190\/"},"modified":"2025-07-17T06:08:13","modified_gmt":"2025-07-17T06:08:13","slug":"les-u19-affronteront-ceux-de-nantes-le-30-juillet","status":"publish","type":"post","link":"https:\/\/www.europesays.com\/fr\/253190\/","title":{"rendered":"les U19 affronteront ceux de Nantes le 30 juillet"},"content":{"rendered":"<p>                            <img width=\"342\" height=\"273\" src=\"https:\/\/www.europesays.com\/fr\/wp-content\/uploads\/2025\/07\/GtvMkC0XIAAT8jq-e1750326419173.png\" class=\"attachment-article size-article wp-post-image\" alt=\"Zaki Atamna, gardien au sein de l'OL Acad\u00e9mie\" decoding=\"async\" fetchpriority=\"high\"  \/><\/p>\n<p>Zaki Atamna, gardien au sein de l\u2019OL Acad\u00e9mie<\/p>\n<p>Dans le cadre de leur pr\u00e9paration estivale, les U19 de l\u2019OL se rendront dans le Pays de la Loire pour disputer un match amical contre Nantes avant le tournoi Carisport.<\/p>\n<p>Il n\u2019y a pas que le groupe professionnel et la r\u00e9serve qui ont repris le chemin de l\u2019entra\u00eenement. Depuis mardi, les U19 de l\u2019<strong>OL<\/strong>\u00a0ont \u00e9galement lanc\u00e9 leur pr\u00e9paration estivale, avec la reprise du championnat fix\u00e9e au week-end du 24 ao\u00fbt. Un peu plus d\u2019un mois de travail donc pour Florent\u00a0<strong><a href=\"https:\/\/www.olympique-et-lyonnais.com\/ol-academie-balmont-lance-son-mandat-avec-les-u19,371146.html\" rel=\"nofollow noopener\" target=\"_blank\">Balmont<\/a><\/strong>\u00a0et ses joueurs afin d\u2019\u00eatre fin pr\u00eats pour le lancement de cette nouvelle saison. Comme \u00e9crit mercredi, les jeunes Lyonnais disputeront un tournoi sur deux jours d\u00e9but ao\u00fbt (2 et 3 ao\u00fbt). En marge du tournoi Carisport, les co\u00e9quipiers d\u2019Adam\u00a0<strong>Alioui<\/strong>\u00a0auront fait une halte du c\u00f4t\u00e9 de Cholet. Le mercredi 30 juillet, les U19 affronteront ceux de\u00a0<strong>Nantes<\/strong>.<\/p>\n<p>Un p\u00e9riple pour cr\u00e9er un esprit de groupe<\/p>\n<p>Cette rencontre amicale se jouera \u00e0 19h au stade de la Cure au Puy-Saint-Bonnet, commune rattach\u00e9e \u00e0 Cholet. Ce p\u00e9riple dans le Pays de la Loire sera l\u2019occasion de cr\u00e9er certaines affinit\u00e9s et de serrer les liens d\u2019un groupe qui a connu quelques modifications durant l\u2019\u00e9t\u00e9. Cinq recrues sont arriv\u00e9es tandis que certains joueurs comme Tiago\u00a0<strong>Goncalves<\/strong>\u00a0ou Adil\u00a0<strong><a href=\"https:\/\/www.olympique-et-lyonnais.com\/ol-academie-adil-hamdani-obtient-une-recompense-individuelle,364821.html\" rel=\"nofollow noopener\" target=\"_blank\">Hamdani<\/a><\/strong>\u00a0ont \u00e9t\u00e9 promus avec la r\u00e9serve.<\/p>\n<p>\t\t\t\t\t<a href=\"https:\/\/www.olympique-et-lyonnais.com\/lol-a-la-recherche-de-lequilibre-defensif-pour-2025-2026,371410.html\" title=\"L&#039;OL \u00e0 la recherche de l&#039;\u00e9quilibre d\u00e9fensif pour 2025-2026\" rel=\"nofollow noopener\" target=\"_blank\"><img loading=\"lazy\" width=\"580\" height=\"326\" src=\"https:\/\/www.europesays.com\/fr\/wp-content\/uploads\/2025\/07\/AFP__20250420__42X29ED__v1__HighRes__FblFraLigue1SaintEtienneLyon-e1745213130365-580x326.jpg\" class=\"attachment-actularge size-actularge wp-post-image\" alt=\"Moussa Niakhat\u00e9 et Tanner Tessmann (OL) contre Saint-Etienne\" decoding=\"async\"  \/>\t\t\t\t\t<\/a><\/p>\n","protected":false},"excerpt":{"rendered":"Zaki Atamna, gardien au sein de l\u2019OL Acad\u00e9mie Dans le cadre de leur pr\u00e9paration estivale, les U19 de&hellip;\n","protected":false},"author":2,"featured_media":253191,"comment_status":"","ping_status":"","sticky":false,"template":"","format":"standard","meta":{"footnotes":""},"categories":[2818],"tags":[1111,11,1777,674,1011,27,766,12,241,978,2636,25],"class_list":{"0":"post-253190","1":"post","2":"type-post","3":"status-publish","4":"format-standard","5":"has-post-thumbnail","7":"category-nantes","8":"tag-actu","9":"tag-actualites","10":"tag-eu","11":"tag-europe","12":"tag-fr","13":"tag-france","14":"tag-nantes","15":"tag-news","16":"tag-ol","17":"tag-olympique-lyonnais","18":"tag-pays-de-la-loire","19":"tag-republique-francaise"},"share_on_mastodon":{"url":"https:\/\/pubeurope.com\/@fr\/114867083984855927","error":""},"_links":{"self":[{"href":"https:\/\/www.europesays.com\/fr\/wp-json\/wp\/v2\/posts\/253190","targetHints":{"allow":["GET"]}}],"collection":[{"href":"https:\/\/www.europesays.com\/fr\/wp-json\/wp\/v2\/posts"}],"about":[{"href":"https:\/\/www.europesays.com\/fr\/wp-json\/wp\/v2\/types\/post"}],"author":[{"embeddable":true,"href":"https:\/\/www.europesays.com\/fr\/wp-json\/wp\/v2\/users\/2"}],"replies":[{"embeddable":true,"href":"https:\/\/www.europesays.com\/fr\/wp-json\/wp\/v2\/comments?post=253190"}],"version-history":[{"count":0,"href":"https:\/\/www.europesays.com\/fr\/wp-json\/wp\/v2\/posts\/253190\/revisions"}],"wp:featuredmedia":[{"embeddable":true,"href":"https:\/\/www.europesays.com\/fr\/wp-json\/wp\/v2\/media\/253191"}],"wp:attachment":[{"href":"https:\/\/www.europesays.com\/fr\/wp-json\/wp\/v2\/media?parent=253190"}],"wp:term":[{"taxonomy":"category","embeddable":true,"href":"https:\/\/www.europesays.com\/fr\/wp-json\/wp\/v2\/categories?post=253190"},{"taxonomy":"post_tag","embeddable":true,"href":"https:\/\/www.europesays.com\/fr\/wp-json\/wp\/v2\/tags?post=253190"}],"curies":[{"name":"wp","href":"https:\/\/api.w.org\/{rel}","templated":true}]}}