{"id":253198,"date":"2025-07-17T06:12:12","date_gmt":"2025-07-17T06:12:12","guid":{"rendered":"https:\/\/www.europesays.com\/fr\/253198\/"},"modified":"2025-07-17T06:12:12","modified_gmt":"2025-07-17T06:12:12","slug":"toulouse-un-homme-perd-la-vie-apres-avoir-chute-dun-parking-couvert-du-centre-ville","status":"publish","type":"post","link":"https:\/\/www.europesays.com\/fr\/253198\/","title":{"rendered":"Toulouse. Un homme perd la vie apr\u00e8s avoir chut\u00e9 d&rsquo;un parking couvert du centre-ville"},"content":{"rendered":"<p>\n                        Un homme d&rsquo;une quarantaine d&rsquo;ann\u00e9es a \u00e9t\u00e9 retrouv\u00e9 sans vie apr\u00e8s avoir chut\u00e9 du parking Victor-Hugo, en centre-ville de Toulouse, mercredi 16 juillet 2025, dans la soir\u00e9e.                    <\/p>\n<p>    <img loading=\"lazy\"   decoding=\"async\" src=\"https:\/\/www.europesays.com\/fr\/wp-content\/uploads\/2025\/07\/marche-victor-higo-toulouse-hiver-lf-960x640.jpg\" alt=\"Un homme a chut\u00e9 depuis le parking couvert du march\u00e9 Victor-Hugo dans la soir\u00e9e du 16 juillet 2025.\" width=\"960\" height=\"640\"\/><br \/>\n    Un homme a chut\u00e9 depuis le parking couvert du march\u00e9 Victor-Hugo dans la soir\u00e9e du 16 juillet 2025. (\u00a9Actu.fr\/ Illustration\/L.F.)                <\/p>\n<p>            Par<br \/>\n        <strong><br \/>\n            <a href=\"https:\/\/actu.fr\/auteur\/lucie-2\" title=\"Consulter tous les articles de Lucie Fraisse\" rel=\"nofollow noopener\" target=\"_blank\">Lucie Fraisse<\/a><br \/>\n        <\/strong><\/p>\n<p>        Publi\u00e9 le<\/p>\n<p>            17 juil. 2025 \u00e0 7h27        <\/p>\n<p>Un homme d\u2019une quarantaine d\u2019ann\u00e9es a perdu la vie \u00e0<a href=\"https:\/\/actu.fr\/toulouse\/\" rel=\"nofollow noopener\" target=\"_blank\"> Toulouse<\/a>, dans la soir\u00e9e du 16 juillet 2025, apr\u00e8s une chute de grande hauteur depuis le parking situ\u00e9 <strong>au-dessus du march\u00e9 Victor-Hugo<\/strong>, en plein centre-ville.<\/p>\n<p>Les secours tentent de le r\u00e9animer\u00a0<\/p>\n<p class=\" wall-content\">Les pompiers ont \u00e9t\u00e9 alert\u00e9s peu avant 21 h30. Une fois sur place, les secours ont tout tent\u00e9 pour r\u00e9animer la victime, sans succ\u00e8s.<\/p>\n<p>    <a href=\"https:\/\/www.google.com\/maps\/embed?pb=!1m18!1m12!1m3!1d4781.11865209729!2d1.441660796789542!3d43.6068672!2m3!1f0!2f0!3f0!3m2!1i1024!2i768!4f13.1!3m3!1m2!1s0x12aea54a2eaa3f27%3A0xc3a8323592eafa22!2sMarch%C3%A9%20Victor-Hugo!5e1!3m2!1sfr!2sfr!4v1752729754176!5m2!1sfr!2sfr\" title=\"Ouvrie le lien\" rel=\"nofollow noopener\" target=\"_blank\">Cliquez ici pour visualiser le contenu<\/a><\/p>\n<p class=\" wall-content\">Le d\u00e9c\u00e8s de la victime a \u00e9t\u00e9 d\u00e9clar\u00e9 sur place.<\/p>\n<p class=\" wall-content\">Suivez toute l\u2019actualit\u00e9 de vos villes et m\u00e9dias favoris en vous inscrivant \u00e0 <a href=\"https:\/\/moncompte.actu.fr\" title=\"D\u00e9couvez Mon Actu\" rel=\"nofollow noopener\" data-trk=\"{&quot;cta&quot;:{&quot;action&quot;:&quot;https:\\\/\\\/moncompte.actu.fr&quot;,&quot;category&quot;:&quot;mon compte&quot;,&quot;from&quot;:&quot;article footer&quot;,&quot;name&quot;:&quot;Mon actu&quot;,&quot;type&quot;:&quot;cta&quot;}}\" target=\"_blank\">Mon Actu<\/a>.<\/p>\n","protected":false},"excerpt":{"rendered":"Un homme d&rsquo;une quarantaine d&rsquo;ann\u00e9es a \u00e9t\u00e9 retrouv\u00e9 sans vie apr\u00e8s avoir chut\u00e9 du parking Victor-Hugo, en centre-ville&hellip;\n","protected":false},"author":2,"featured_media":253199,"comment_status":"","ping_status":"","sticky":false,"template":"","format":"standard","meta":{"footnotes":""},"categories":[2816],"tags":[1111,11,1777,674,118,1011,27,12,2680,1311,25,2312],"class_list":{"0":"post-253198","1":"post","2":"type-post","3":"status-publish","4":"format-standard","5":"has-post-thumbnail","7":"category-toulouse","8":"tag-actu","9":"tag-actualites","10":"tag-eu","11":"tag-europe","12":"tag-faits-divers","13":"tag-fr","14":"tag-france","15":"tag-news","16":"tag-occitanie","17":"tag-pompiers","18":"tag-republique-francaise","19":"tag-toulouse"},"share_on_mastodon":{"url":"https:\/\/pubeurope.com\/@fr\/114867099675706649","error":""},"_links":{"self":[{"href":"https:\/\/www.europesays.com\/fr\/wp-json\/wp\/v2\/posts\/253198","targetHints":{"allow":["GET"]}}],"collection":[{"href":"https:\/\/www.europesays.com\/fr\/wp-json\/wp\/v2\/posts"}],"about":[{"href":"https:\/\/www.europesays.com\/fr\/wp-json\/wp\/v2\/types\/post"}],"author":[{"embeddable":true,"href":"https:\/\/www.europesays.com\/fr\/wp-json\/wp\/v2\/users\/2"}],"replies":[{"embeddable":true,"href":"https:\/\/www.europesays.com\/fr\/wp-json\/wp\/v2\/comments?post=253198"}],"version-history":[{"count":0,"href":"https:\/\/www.europesays.com\/fr\/wp-json\/wp\/v2\/posts\/253198\/revisions"}],"wp:featuredmedia":[{"embeddable":true,"href":"https:\/\/www.europesays.com\/fr\/wp-json\/wp\/v2\/media\/253199"}],"wp:attachment":[{"href":"https:\/\/www.europesays.com\/fr\/wp-json\/wp\/v2\/media?parent=253198"}],"wp:term":[{"taxonomy":"category","embeddable":true,"href":"https:\/\/www.europesays.com\/fr\/wp-json\/wp\/v2\/categories?post=253198"},{"taxonomy":"post_tag","embeddable":true,"href":"https:\/\/www.europesays.com\/fr\/wp-json\/wp\/v2\/tags?post=253198"}],"curies":[{"name":"wp","href":"https:\/\/api.w.org\/{rel}","templated":true}]}}