{"id":253205,"date":"2025-07-17T06:16:09","date_gmt":"2025-07-17T06:16:09","guid":{"rendered":"https:\/\/www.europesays.com\/fr\/253205\/"},"modified":"2025-07-17T06:16:09","modified_gmt":"2025-07-17T06:16:09","slug":"des-marseillais-accusent-leur-voisin-policier-de-leur-dresser-des-pv-avec-acharnement","status":"publish","type":"post","link":"https:\/\/www.europesays.com\/fr\/253205\/","title":{"rendered":"des Marseillais accusent leur voisin policier de leur dresser des PV avec \u00abacharnement\u00bb"},"content":{"rendered":"<p>Dans une cit\u00e9 des quartiers nord de Marseille, des habitants accusent leur voisin policier de leur adresser des PV de stationnement \u00e0 r\u00e9p\u00e9tition, et selon eux de mani\u00e8re totalement abusive. Plusieurs plaintes ont \u00e9t\u00e9 d\u00e9pos\u00e9es contre ce policier qui fait l\u2019objet d\u2019une enqu\u00eate administrative.<\/p>\n<p class=\"fig-paragraph\">\u00abBient\u00f4t, je ne vais pas pouvoir payer mon loyer, alors que je suis en arr\u00eat de travail et m\u00e8re c\u00e9libataire d\u2019un enfant en bas \u00e2ge\u00bb. Au pied de la r\u00e9sidence Cap Vista, ferm\u00e9e par un portail \u00e9lectrique, Halima ne cache pas sa d\u00e9tresse. Elle fait partie des habitants de cette cit\u00e9 des\u00a0<a href=\"http:\/\/www.lefigaro.fr\/marseille\/c-est-le-paradis-ici-a-marseille-la-mairie-veut-attirer-les-touristes-dans-les-quartiers-nord-20240804\" data-fig-type=\"NewsFlash\" data-gtm-custom-categorie=\"navigation\" data-gtm-custom-action=\"crossclick\" data-gtm-custom-label=\"Contextuel\" data-gtm-event=\"customEventSPE\" data-fig-domain=\"LEFIGARO\" target=\"_blank\" rel=\"noopener\">quartiers nord de Marseille\u00a0<\/a>qui ont port\u00e9 plainte avoir re\u00e7u plusieurs PV provenant de deux m\u00eames matricules, d\u2019abord d\u2019un\u00a0<a href=\"http:\/\/www.lefigaro.fr\/marseille\/ils-ont-reussi-a-nous-diviser-a-marseille-la-police-municipale-tente-de-se-remobiliser-face-a-son-administration-20241206\" data-fig-type=\"NewsFlash\" data-gtm-custom-categorie=\"navigation\" data-gtm-custom-action=\"crossclick\" data-gtm-custom-label=\"Contextuel\" data-gtm-event=\"customEventSPE\" data-fig-domain=\"LEFIGARO\" target=\"_blank\" rel=\"noopener\">policier municipa<\/a>l, puis d\u2019un policier national. Halima pour sa part en a re\u00e7u 11 depuis 2023. Chaque fois pour le m\u00eame motif\u00a0: un mauvais\u00a0<a href=\"http:\/\/www.lefigaro.fr\/marseille\/marseille-a-l-inverse-de-paris-la-mairie-assure-ne-pas-vouloir-surtaxer-le-stationnement-des-suv-20240215\" data-fig-type=\"NewsFlash\" data-gtm-custom-categorie=\"navigation\" data-gtm-custom-action=\"crossclick\" data-gtm-custom-label=\"Contextuel\" data-gtm-event=\"customEventSPE\" data-fig-domain=\"LEFIGARO\" target=\"_blank\" rel=\"noopener\">stationnement,\u00a0<\/a>selon le verbalisateur. Dans cette r\u00e9sidence, les habitants reconnaissent ne pas avoir assez de places de parking pour tout le monde et se garer \u00e0 l\u2019int\u00e9rieur, sur le c\u00f4t\u00e9.<\/p>\n<p class=\"fig-paragraph\">\u00abOn laisse notre num\u00e9ro de t\u00e9l\u00e9phone si on g\u00eane vraiment\u00bb, confie Djamila, une autre habitante. \u00abQuand je rentre du boulot tard, je me gare o\u00f9 je peux mais on ne g\u00eane personne\u00bb, affirme Kamel. Pour ces habitants, les PV, d\u2019un montant de 35 \u00e0 135 euros, ont \u00e9t\u00e9 dress\u00e9s par une seule et m\u00eame personne\u00a0: un de leurs voisins, policier de profession.<\/p>\n<p>                                    <a class=\"fig-a11y-skip a11y-hidden\" href=\"#fig-a11y-skip-main-inarticle\"><br \/>\n        Passer la publicit\u00e9<br \/>\n    <\/a><\/p>\n<p>Plusieurs plaintes<\/p>\n<p class=\"fig-paragraph\">Les verbalisations ont lieu souvent au m\u00eame moment de la journ\u00e9e, t\u00f4t le matin, ou l\u2019apr\u00e8s-midi. \u00abDans ma famille, depuis 2013, on en a re\u00e7u au total plus d\u2019une cinquantaine\u00bb, accuse Dora. \u00abIl fait \u00e7a par m\u00e9chancet\u00e9, argue Djamila. \u00c7a devient fatigant. C\u2019est du harc\u00e8lement frauduleux.\u00bb \u00abC\u2019est de l\u2019acharnement\u00bb, abonde Mounia. Les habitants affirment que sur les 20 logements sociaux que comprend cette r\u00e9sidence, \u00e9galement compos\u00e9e de propri\u00e9taires, 15 locataires ont \u00e9t\u00e9 verbalis\u00e9s.<\/p>\n<p class=\"fig-paragraph\">Au total, cinq habitants ont port\u00e9 plainte pour contester ces amendes. Un courrier a \u00e9t\u00e9 \u00e9galement adress\u00e9 au procureur de la R\u00e9publique, et les autorit\u00e9s ont \u00e9t\u00e9 alert\u00e9es. \u00abCe monsieur outrepasse ses droits, accuse l\u2019avocat de Halima, Me Mohamed Felouah. Ma cliente se gare dans une r\u00e9sidence priv\u00e9e. Et lui verbalise avant de partir travailler comme certains se lavent les dents. C\u2019est grave. \u00c7a fait m\u00eame peur. Il ne suffit pas d\u2019\u00eatre policier pour faire ce qu\u2019on veut.\u00bb<\/p>\n<p class=\"fig-paragraph\">Les habitants qui ont \u00e9t\u00e9 verbalis\u00e9s refusent de payer ces contraventions qu\u2019ils contestent, et se retrouvent alors, apr\u00e8s la majoration, \u00e0 avoir de lourdes saisies sur leurs salaires. \u00abJ\u2019en suis \u00e0 1025 euros, compte Halima. Si \u00e7a continue, je ne vais plus pouvoir nourrir ma famille. On n\u2019a pas \u00e0 payer 35 euros quand on est chez nous. On vit un enfer.\u00bb<\/p>\n<p class=\"fig-paragraph\">Un signalement a \u00e9t\u00e9 fait par ces habitants aupr\u00e8s de l\u2019inspection g\u00e9n\u00e9rale de la police nationale. Contact\u00e9e, la direction d\u00e9partementale de la police nationale indique au Figaro qu\u2019une enqu\u00eate administrative a \u00e9t\u00e9 ouverte. De son c\u00f4t\u00e9, le parquet de Marseille n\u2019a, de son c\u00f4t\u00e9, pas donn\u00e9 suite \u00e0 nos sollicitations \u00e0 l\u2019heure o\u00f9 ces lignes sont \u00e9crites.<\/p>\n","protected":false},"excerpt":{"rendered":"Dans une cit\u00e9 des quartiers nord de Marseille, des habitants accusent leur voisin policier de leur adresser des&hellip;\n","protected":false},"author":2,"featured_media":253206,"comment_status":"","ping_status":"","sticky":false,"template":"","format":"standard","meta":{"footnotes":""},"categories":[2814],"tags":[1111,11,8468,1777,674,1011,27,884,12,10910,882,25,6173],"class_list":{"0":"post-253205","1":"post","2":"type-post","3":"status-publish","4":"format-standard","5":"has-post-thumbnail","7":"category-marseille","8":"tag-actu","9":"tag-actualites","10":"tag-conflit-de-voisinage","11":"tag-eu","12":"tag-europe","13":"tag-fr","14":"tag-france","15":"tag-marseille","16":"tag-news","17":"tag-policier","18":"tag-provence-alpes-cote-dazur","19":"tag-republique-francaise","20":"tag-stationnement"},"share_on_mastodon":{"url":"https:\/\/pubeurope.com\/@fr\/114867115343593930","error":""},"_links":{"self":[{"href":"https:\/\/www.europesays.com\/fr\/wp-json\/wp\/v2\/posts\/253205","targetHints":{"allow":["GET"]}}],"collection":[{"href":"https:\/\/www.europesays.com\/fr\/wp-json\/wp\/v2\/posts"}],"about":[{"href":"https:\/\/www.europesays.com\/fr\/wp-json\/wp\/v2\/types\/post"}],"author":[{"embeddable":true,"href":"https:\/\/www.europesays.com\/fr\/wp-json\/wp\/v2\/users\/2"}],"replies":[{"embeddable":true,"href":"https:\/\/www.europesays.com\/fr\/wp-json\/wp\/v2\/comments?post=253205"}],"version-history":[{"count":0,"href":"https:\/\/www.europesays.com\/fr\/wp-json\/wp\/v2\/posts\/253205\/revisions"}],"wp:featuredmedia":[{"embeddable":true,"href":"https:\/\/www.europesays.com\/fr\/wp-json\/wp\/v2\/media\/253206"}],"wp:attachment":[{"href":"https:\/\/www.europesays.com\/fr\/wp-json\/wp\/v2\/media?parent=253205"}],"wp:term":[{"taxonomy":"category","embeddable":true,"href":"https:\/\/www.europesays.com\/fr\/wp-json\/wp\/v2\/categories?post=253205"},{"taxonomy":"post_tag","embeddable":true,"href":"https:\/\/www.europesays.com\/fr\/wp-json\/wp\/v2\/tags?post=253205"}],"curies":[{"name":"wp","href":"https:\/\/api.w.org\/{rel}","templated":true}]}}