{"id":25321,"date":"2025-04-14T22:22:19","date_gmt":"2025-04-14T22:22:19","guid":{"rendered":"https:\/\/www.europesays.com\/fr\/25321\/"},"modified":"2025-04-14T22:22:19","modified_gmt":"2025-04-14T22:22:19","slug":"medecins-du-monde-poursuit-letat-en-justice-pour-carence-fautive","status":"publish","type":"post","link":"https:\/\/www.europesays.com\/fr\/25321\/","title":{"rendered":"M\u00e9decins du monde poursuit l\u2019\u00c9tat en justice pour carence fautive"},"content":{"rendered":"<p>M\u00e9decins du monde met la pression sur l\u2019\u00c9tat, un an apr\u00e8s la suspension du projet de halte de soins addictions \u00e0 Marseille, qui semble d\u00e9sormais compromis. Deux recours vont \u00eatre d\u00e9pos\u00e9s, l\u2019un portant sur le cas marseillais et l\u2019autre sur les suites de l\u2019exp\u00e9rimentation \u00e0 Paris et Strasbourg.<\/p>\n<p class=\"fig-paragraph\">Le bras de fer se tiendra d\u00e9sormais peut-\u00eatre au tribunal.\u00a0<a href=\"http:\/\/www.lefigaro.fr\/jeux-video\/plus-d-un-million-d-euros-leves-par-des-streamers-pour-les-actions-de-medecins-du-monde-envers-les-palestiniens-20240606\" data-fig-type=\"NewsFlash\" data-gtm-custom-categorie=\"navigation\" data-gtm-custom-action=\"crossclick\" data-gtm-custom-label=\"Contextuel\" data-gtm-event=\"customEventSPE\" data-fig-domain=\"LEFIGARO\" target=\"_blank\" rel=\"noopener\">M\u00e9decins du monde<\/a>\u00a0a d\u00e9cid\u00e9 de poursuivre l\u2019\u00c9tat devant la justice pour carence fautive dans le dossier des haltes soins addictions (HSA) plus connues sous le nom de\u00a0<a href=\"http:\/\/www.lefigaro.fr\/marseille\/une-promesse-electorale-enterree-medecins-du-monde-tacle-payan-sur-la-salle-de-shoot-a-marseille-20250109\" data-fig-type=\"NewsFlash\" data-gtm-custom-categorie=\"navigation\" data-gtm-custom-action=\"crossclick\" data-gtm-custom-label=\"Contextuel\" data-gtm-event=\"customEventSPE\" data-fig-domain=\"LEFIGARO\" target=\"_blank\" rel=\"noopener\">\u00absalles de shoot\u00bb.<\/a>\u00a0\u00abDans un contexte d\u2019urgence sanitaire pour les usagers et usag\u00e8res de drogues, en particulier dans le nord-est parisien, et \u00e0 Marseille, l\u2019absence de cr\u00e9ation de HSA est devenue un symbole de l\u2019inaction de l\u2019\u00c9tat\u00bb, estime l\u2019ONG dans un communiqu\u00e9 de presse.<\/p>\n<p class=\"fig-paragraph\">Dans le d\u00e9tail, M\u00e9decins du monde d\u00e9pose ce lundi deux recours distincts. Le premier concerne l\u2019ouverture d\u2019une \u00ab<a href=\"http:\/\/www.lefigaro.fr\/marseille\/marseille-le-diocese-ecarte-tout-projet-de-salle-de-shoot-a-la-bonne-mere-20241022\" data-fig-type=\"NewsFlash\" data-gtm-custom-categorie=\"navigation\" data-gtm-custom-action=\"crossclick\" data-gtm-custom-label=\"Contextuel\" data-gtm-event=\"customEventSPE\" data-fig-domain=\"LEFIGARO\" target=\"_blank\" rel=\"noopener\">salle de shoot\u00bb \u00e0 Marseille<\/a>. Initialement annonc\u00e9 dans un b\u00e2timent du centre-ville, le projet avait \u00e9t\u00e9 suspendu,\u00a0<a href=\"http:\/\/www.lefigaro.fr\/marseille\/sabrina-agresti-roubache-au-figaro-le-projet-de-salle-de-shoot-a-marseille-n-a-pas-ete-concerte-avec-les-habitants-20240217\" data-fig-type=\"NewsFlash\" data-gtm-custom-categorie=\"navigation\" data-gtm-custom-action=\"crossclick\" data-gtm-custom-label=\"Contextuel\" data-gtm-event=\"customEventSPE\" data-fig-domain=\"LEFIGARO\" target=\"_blank\" rel=\"noopener\">apr\u00e8s notamment l\u2019intervention de la ministre marseillaise Sabrina Agresti-Roubache<\/a>\u00a0et\u00a0<a href=\"http:\/\/www.lefigaro.fr\/marseille\/a-marseille-la-salle-de-shoot-ne-s-installera-finalement-pas-au-110-boulevard-de-la-liberation-20240118\" data-fig-type=\"NewsFlash\" data-gtm-custom-categorie=\"navigation\" data-gtm-custom-action=\"crossclick\" data-gtm-custom-label=\"Contextuel\" data-gtm-event=\"customEventSPE\" data-fig-domain=\"LEFIGARO\" target=\"_blank\" rel=\"noopener\">une forte mobilisation citoyenne.<\/a>\u00a0M\u00e9decins du monde accuse l\u2019\u00c9tat de carence fautive. \u00abL\u2019\u00c9tat a d\u2019une certaine mani\u00e8re recul\u00e9\u00bb, estime Didier Febvrel, d\u00e9l\u00e9gu\u00e9 r\u00e9gional de M\u00e9decins du monde en Provence-Alpes-C\u00f4te d\u2019Azur.<\/p>\n<p class=\"fig-paragraph\">\u00abNous avons sollicit\u00e9 le minist\u00e8re de la Sant\u00e9 pour qu\u2019il \u00e9dicte un arr\u00eat\u00e9 pour ouvrir une halte soins addictions \u00e0 Marseille, explique Me Vincent Brenghart. En l\u2019absence de r\u00e9ponse, nous consid\u00e9rons qu\u2019il y a un refus implicite d\u2019ouvrir cette salle par l\u2019\u00c9tat\u00bb. En la mati\u00e8re, cela constitue une carence fautive selon l\u2019ONG. Lors d\u2019une visite \u00e0 Marseille, peu de temps apr\u00e8s son arriv\u00e9e au gouvernement, interrog\u00e9 par la presse sur ce sujet, l\u2019actuel ministre de la Sant\u00e9 avait bott\u00e9 en touche. \u00abJe vais prendre connaissance de ce dossier, confiait Yannick Neuder. J\u2019esp\u00e8re que nous pourrons trouver des solutions qui seront dans l\u2019int\u00e9r\u00eat de la population.\u00bb<\/p>\n<p>Une fin d\u2019exp\u00e9rimentation au 31 d\u00e9cembre<\/p>\n<p class=\"fig-paragraph\">\u00abJ\u2019ai eu le plaisir d\u2019\u00e9changer sur ce sujet avec le ministre il y a un mois et demi au cours d\u2019un d\u00e9jeuner, affirme Mich\u00e8le Rubirola, adjointe au maire de Marseille en charge de la sant\u00e9. J\u2019ai eu face \u00e0 moi une \u00e9coute attentive. Il a demand\u00e9 \u00e0 l\u2019agence r\u00e9gionale de sant\u00e9 d\u2019avoir les comptes rendus de ce qui s\u2019\u00e9tait pass\u00e9. J\u2019ai \u00e9galement demand\u00e9 une audience \u00e0 Madame Vautrin (ministre du Travail, de la Sant\u00e9, des Solidarit\u00e9s et des Familles, NDLR), car je sais que c\u2019est un sujet qui se r\u00e9glera de mani\u00e8re interminist\u00e9rielle. Apr\u00e8s, je soutiens M\u00e9decins du monde, car, \u00e0 un moment, il faut utiliser les armes qu\u2019on utilise, par exemple, pour le climat quand il y a urgence. Tant que ce n\u2019est pas fini, c\u2019est possible.\u00bb<\/p>\n<p class=\"fig-paragraph\">\u00abMadame Rubirola est convaincue, mais je ne suis pas s\u00fbr que Beno\u00eet Payan soit convaincu compl\u00e8tement, souffle Didier Febvrel. Le dossier \u00e9tait sur le bureau du ministre de la Sant\u00e9 Aur\u00e9lien Rousseau<a href=\"http:\/\/www.lefigaro.fr\/politique\/loi-immigration-le-ministre-de-la-sante-aurelien-rousseau-presente-sa-demission-pour-s-opposer-au-texte-droitise-20231220\" data-fig-type=\"NewsFlash\" data-gtm-custom-categorie=\"navigation\" data-gtm-custom-action=\"crossclick\" data-gtm-custom-label=\"Contextuel\" data-gtm-event=\"customEventSPE\" data-fig-domain=\"LEFIGARO\" target=\"_blank\" rel=\"noopener\">\u00a0juste avant qu\u2019il d\u00e9missionne<\/a> . Aujourd\u2019hui, objectivement, on est \u00e0 un an des \u00e9lections municipales, avec le ministre de l\u2019Int\u00e9rieur que l\u2019on a, et je ne suis pas tr\u00e8s optimiste.\u00bb<\/p>\n<p class=\"fig-paragraph\">Le second recours porte l\u2019avenir des deux \u00absalles de shoot\u00bb ouvertes \u00e0 Strasbourg et Paris dans le cadre d\u2019une exp\u00e9rimentation dont la fin est annonc\u00e9e au 31 d\u00e9cembre 2025, mais dont on ignore encore si elle sera prolong\u00e9e ou abrog\u00e9e par le gouvernement actuel. \u00abNous vivons avec cette \u00e9p\u00e9e de Damocl\u00e8s o\u00f9 l\u2019on se demande ce que ces salles vont devenir, rapporte C\u00e9line Debaulieu, r\u00e9f\u00e9rente \u00abplaidoyer\u00bb \u00e0 M\u00e9decin du monde sur la r\u00e9duction des risques li\u00e9s \u00e0 l\u2019usage de drogues. Il y a une \u00e9ch\u00e9ance \u00e0 venir, et on ne peut pas d\u00e9cider au 31 d\u00e9cembre du sort d\u2019un dispositif. Il y a des choses \u00e0 pr\u00e9voir en amont, comme un budget\u00bb.<\/p>\n<p>Pas de \u00abposition claire\u00bb<\/p>\n<p class=\"fig-paragraph\">\u00abNous avons r\u00e9dig\u00e9 en ce sens un courrier de demande pr\u00e9alable adress\u00e9 au minist\u00e8re de la Sant\u00e9 le 23 d\u00e9cembre dernier, rapporte l\u2019avocat de M\u00e9decins du monde dans ce dossier, Me Vincent Brenghart. L\u2019absence de r\u00e9ponse dans un d\u00e9lai de deux mois vaut refus. Nous avons donc d\u00e9cid\u00e9 d\u2019engager la responsabilit\u00e9 de l\u2019\u00c9tat dans un recours devant le tribunal administratif.\u00bb Pour l\u2019avocat, \u00abil y a une inaction de l\u2019\u00c9tat dans la mise en \u0153uvre de politiques de pr\u00e9vention des risques comme ces mesures qui apparaissent comme n\u00e9cessaire. Il y a aussi une obstruction active de l\u2019\u00c9tat pour prolonger cette exp\u00e9rimentation.\u00bb<\/p>\n<p class=\"fig-paragraph\">En octobre 2016,\u00a0<a href=\"http:\/\/www.lefigaro.fr\/faits-divers\/a-paris-les-riverains-s-inquietent-d-une-multiplication-des-salles-de-shoot-20220225\" data-fig-type=\"NewsFlash\" data-gtm-custom-categorie=\"navigation\" data-gtm-custom-action=\"crossclick\" data-gtm-custom-label=\"Contextuel\" data-gtm-event=\"customEventSPE\" data-fig-domain=\"LEFIGARO\" target=\"_blank\" rel=\"noopener\">Paris\u00a0<\/a>accueillait la premi\u00e8re \u00absalle de shoot\u00bb de France sous l\u2019impulsion de la ministre de la Sant\u00e9 de l\u2019\u00e9poque\u00a0<a href=\"http:\/\/www.lefigaro.fr\/social\/retraites-marisol-touraine-juge-profondement-injuste-le-report-a-64-ans-20230130\" data-fig-type=\"NewsFlash\" data-gtm-custom-categorie=\"navigation\" data-gtm-custom-action=\"crossclick\" data-gtm-custom-label=\"Contextuel\" data-gtm-event=\"customEventSPE\" data-fig-domain=\"LEFIGARO\" target=\"_blank\" rel=\"noopener\">Marisol Touraine<\/a>. Un mois apr\u00e8s, une structure similaire a ouvert \u00e0 Strasbourg. \u00abAujourd\u2019hui, il faudrait soit un passage de cette structure dans le droit commun, soit un arr\u00eat, soit le prolongement de l\u2019exp\u00e9rimentation, \u00e9num\u00e8re Gauthier Waeckerle, directeur g\u00e9n\u00e9ral de l\u2019association Ithaque qui g\u00e8re la HSA strasbourgeoise. Mais \u00e7a, on ne le sait pas. Je continue \u00e0 interpeller les cabinets quand on peut et \u00e0 rencontrer le plus de parlementaires possibles pour que ce soit mis au d\u00e9bat. Il nous faudrait enfin une position claire.\u00bb<\/p>\n<p class=\"fig-paragraph\">Au printemps dernier, le gouvernement Attal avait command\u00e9 aux inspecteurs des affaires sociales et de l\u2019administration, un rapport sur ces \u00absalles de shoot\u00bb en France. Comme l\u2019a r\u00e9v\u00e9l\u00e9\u00a0<a href=\"https:\/\/www.lemonde.fr\/societe\/article\/2024\/11\/18\/drogues-un-rapport-des-inspections-valide-l-experimentation-des-salles-de-shoot_6400876_3224.html\" target=\"_blank\" rel=\"nofollow noopener\" data-gtm-custom-categorie=\"navigation\" data-gtm-custom-action=\"crossclick\" data-gtm-custom-label=\"Contextuel\" data-gtm-event=\"customEventSPE\">Le Monde\u00a0<\/a>en novembre, ce rapport &#8211;\u00a0que Le Figaro a pu consulter\u00a0&#8211; tire un bilan nettement positif de cette exp\u00e9rimentation, pr\u00e9conisant m\u00eame l\u2019ouverture d\u2019autres structures de ce type en France. Une position que ne partage pas le ministre de l\u2019Int\u00e9rieur,<a href=\"http:\/\/www.lefigaro.fr\/flash-actu\/immigration-bruno-retailleau-annonce-l-envoi-d-une-circulaire-pour-durcir-les-conditions-de-la-naturalisation-20250410\" data-fig-type=\"NewsFlash\" data-gtm-custom-categorie=\"navigation\" data-gtm-custom-action=\"crossclick\" data-gtm-custom-label=\"Contextuel\" data-gtm-event=\"customEventSPE\" data-fig-domain=\"LEFIGARO\" target=\"_blank\" rel=\"noopener\">\u00a0Bruno Retailleau<\/a>, qui a affirm\u00e9 aupr\u00e8s du\u00a0<a href=\"https:\/\/www.lejdd.fr\/politique\/exclusif-bruno-retailleau-devoile-son-plan-choc-pour-lutter-contre-le-narcotrafic-en-france-151381\" target=\"_blank\" rel=\"nofollow noopener\" data-gtm-custom-categorie=\"navigation\" data-gtm-custom-action=\"crossclick\" data-gtm-custom-label=\"Contextuel\" data-gtm-event=\"customEventSPE\">JDNews\u00a0<\/a> que \u00ables salles de shoot cr\u00e9ent plus de probl\u00e8mes qu\u2019elles n\u2019en r\u00e8glent.\u00bb<\/p>\n<p class=\"fig-paragraph\">\u00abLa logique de M\u00e9decins du monde est une logique de dialogue qui vise \u00e0 obtenir des \u00e9l\u00e9ments de r\u00e9ponse, affirme Me Vincent Brenghart. L\u2019absence de r\u00e9ponse nous contraint \u00e0 d\u00e9poser ces recours devant le tribunal administratif, pour permettre d\u2019\u00e9tablir un d\u00e9bat apais\u00e9 sur ces questions, avec des discussions techniques loin des consid\u00e9rations politiques.\u00bb\u00a0Contact\u00e9, le minist\u00e8re de la Sant\u00e9 n\u2019a pas r\u00e9pondu \u00e0 nos questions.<\/p>\n","protected":false},"excerpt":{"rendered":"M\u00e9decins du monde met la pression sur l\u2019\u00c9tat, un an apr\u00e8s la suspension du projet de halte de&hellip;\n","protected":false},"author":2,"featured_media":25322,"comment_status":"","ping_status":"","sticky":false,"template":"","format":"standard","meta":{"footnotes":""},"categories":[2814],"tags":[1111,11,885,1182,1180,1181,1777,674,1011,27,1184,1185,884,9098,12,1177,1176,149,1186,882,25,1178,9097,1183,3693,1179],"class_list":{"0":"post-25321","1":"post","2":"type-post","3":"status-publish","4":"format-standard","5":"has-post-thumbnail","7":"category-marseille","8":"tag-actu","9":"tag-actualites","10":"tag-bouches-du-rhone","11":"tag-calanques","12":"tag-canebiere","13":"tag-cite-phoceenne","14":"tag-eu","15":"tag-europe","16":"tag-fr","17":"tag-france","18":"tag-la-timone","19":"tag-les-baumettes-mediterranee","20":"tag-marseille","21":"tag-medecins-du-monde","22":"tag-news","23":"tag-notre-dame-de-la-garde","24":"tag-olympique-de-marseille","25":"tag-om","26":"tag-provence","27":"tag-provence-alpes-cote-dazur","28":"tag-republique-francaise","29":"tag-saint-charles","30":"tag-salles-de-shoot","31":"tag-sormiou","32":"tag-tribunal","33":"tag-vieux-port"},"share_on_mastodon":{"url":"https:\/\/pubeurope.com\/@fr\/114338656683810944","error":""},"_links":{"self":[{"href":"https:\/\/www.europesays.com\/fr\/wp-json\/wp\/v2\/posts\/25321","targetHints":{"allow":["GET"]}}],"collection":[{"href":"https:\/\/www.europesays.com\/fr\/wp-json\/wp\/v2\/posts"}],"about":[{"href":"https:\/\/www.europesays.com\/fr\/wp-json\/wp\/v2\/types\/post"}],"author":[{"embeddable":true,"href":"https:\/\/www.europesays.com\/fr\/wp-json\/wp\/v2\/users\/2"}],"replies":[{"embeddable":true,"href":"https:\/\/www.europesays.com\/fr\/wp-json\/wp\/v2\/comments?post=25321"}],"version-history":[{"count":0,"href":"https:\/\/www.europesays.com\/fr\/wp-json\/wp\/v2\/posts\/25321\/revisions"}],"wp:featuredmedia":[{"embeddable":true,"href":"https:\/\/www.europesays.com\/fr\/wp-json\/wp\/v2\/media\/25322"}],"wp:attachment":[{"href":"https:\/\/www.europesays.com\/fr\/wp-json\/wp\/v2\/media?parent=25321"}],"wp:term":[{"taxonomy":"category","embeddable":true,"href":"https:\/\/www.europesays.com\/fr\/wp-json\/wp\/v2\/categories?post=25321"},{"taxonomy":"post_tag","embeddable":true,"href":"https:\/\/www.europesays.com\/fr\/wp-json\/wp\/v2\/tags?post=25321"}],"curies":[{"name":"wp","href":"https:\/\/api.w.org\/{rel}","templated":true}]}}