{"id":253217,"date":"2025-07-17T06:23:11","date_gmt":"2025-07-17T06:23:11","guid":{"rendered":"https:\/\/www.europesays.com\/fr\/253217\/"},"modified":"2025-07-17T06:23:11","modified_gmt":"2025-07-17T06:23:11","slug":"apres-les-jo-paris-confirme-son-attractivite-ladjoint-au-tourisme-met-en-garde-contre-le-risque-dembolie","status":"publish","type":"post","link":"https:\/\/www.europesays.com\/fr\/253217\/","title":{"rendered":"Apr\u00e8s les JO, Paris confirme son attractivit\u00e9\u00a0: l\u2019adjoint au tourisme met en garde contre le risque \u00ab\u00a0d\u2019embolie\u00a0\u00bb"},"content":{"rendered":"<p class=\"paragraph text_align_left lp-f-body-02\">Apr\u00e8s un beau mois de juin, des perspectives estivales ensoleill\u00e9es. Les touristes affluent vers la capitale. D\u2019apr\u00e8s <a href=\"https:\/\/www.leparisien.fr\/paris-75\/points-daccueil-invisibles-multiplication-des-marques-le-grand-flou-de-la-politique-du-tourisme-a-paris-12-09-2024-LUOMTGNLVREJHH4USVIZ4CV3KI.php\" target=\"_blank\" rel=\"noreferrer nofollow noopener\">l\u2019office de tourisme Paris je t\u2019aime<\/a>, les arriv\u00e9es a\u00e9riennes en juillet dans la Ville Lumi\u00e8re bondissent de 18,4 % par rapport \u00e0 2024 et devraient cro\u00eetre de 7 % en ao\u00fbt, peut-on lire dans le dernier barom\u00e8tre mensuel de l\u2019organisme. \u00ab De belles \u00e9volutions \u00bb, d\u00e9crit ce dernier, un an apr\u00e8s un \u00e9t\u00e9 \u00ab particulier \u00bb marqu\u00e9 par la tenue des <a href=\"https:\/\/www.leparisien.fr\/paris-75\/paris-perdants-des-jo-le-tourisme-et-la-culture-esperent-des-retombees-economiques-sur-le-long-terme-08-10-2024-QCAYL2H3RFB53H2WKJCKIHGTTY.php\" target=\"_blank\" rel=\"noreferrer nofollow noopener\">Jeux de Paris 2024<\/a>.<\/p>\n","protected":false},"excerpt":{"rendered":"Apr\u00e8s un beau mois de juin, des perspectives estivales ensoleill\u00e9es. Les touristes affluent vers la capitale. D\u2019apr\u00e8s l\u2019office&hellip;\n","protected":false},"author":2,"featured_media":253218,"comment_status":"","ping_status":"","sticky":false,"template":"","format":"standard","meta":{"footnotes":""},"categories":[1888],"tags":[11,33,1777,674,1011,27,1944,12,626,25],"class_list":{"0":"post-253217","1":"post","2":"type-post","3":"status-publish","4":"format-standard","5":"has-post-thumbnail","7":"category-paris","8":"tag-actualites","9":"tag-economie","10":"tag-eu","11":"tag-europe","12":"tag-fr","13":"tag-france","14":"tag-ma-ville","15":"tag-news","16":"tag-paris","17":"tag-republique-francaise"},"share_on_mastodon":{"url":"https:\/\/pubeurope.com\/@fr\/114867143007113169","error":""},"_links":{"self":[{"href":"https:\/\/www.europesays.com\/fr\/wp-json\/wp\/v2\/posts\/253217","targetHints":{"allow":["GET"]}}],"collection":[{"href":"https:\/\/www.europesays.com\/fr\/wp-json\/wp\/v2\/posts"}],"about":[{"href":"https:\/\/www.europesays.com\/fr\/wp-json\/wp\/v2\/types\/post"}],"author":[{"embeddable":true,"href":"https:\/\/www.europesays.com\/fr\/wp-json\/wp\/v2\/users\/2"}],"replies":[{"embeddable":true,"href":"https:\/\/www.europesays.com\/fr\/wp-json\/wp\/v2\/comments?post=253217"}],"version-history":[{"count":0,"href":"https:\/\/www.europesays.com\/fr\/wp-json\/wp\/v2\/posts\/253217\/revisions"}],"wp:featuredmedia":[{"embeddable":true,"href":"https:\/\/www.europesays.com\/fr\/wp-json\/wp\/v2\/media\/253218"}],"wp:attachment":[{"href":"https:\/\/www.europesays.com\/fr\/wp-json\/wp\/v2\/media?parent=253217"}],"wp:term":[{"taxonomy":"category","embeddable":true,"href":"https:\/\/www.europesays.com\/fr\/wp-json\/wp\/v2\/categories?post=253217"},{"taxonomy":"post_tag","embeddable":true,"href":"https:\/\/www.europesays.com\/fr\/wp-json\/wp\/v2\/tags?post=253217"}],"curies":[{"name":"wp","href":"https:\/\/api.w.org\/{rel}","templated":true}]}}