{"id":253228,"date":"2025-07-17T06:29:10","date_gmt":"2025-07-17T06:29:10","guid":{"rendered":"https:\/\/www.europesays.com\/fr\/253228\/"},"modified":"2025-07-17T06:29:10","modified_gmt":"2025-07-17T06:29:10","slug":"lallemagne-fustige-la-hausse-du-budget-europeen-et-la-juge-inacceptable-la-france-evoque-un-projet-ambitieux","status":"publish","type":"post","link":"https:\/\/www.europesays.com\/fr\/253228\/","title":{"rendered":"L&rsquo;Allemagne fustige la hausse du budget europ\u00e9en et la juge \u00ab\u00a0inacceptable\u00a0\u00bb, la France \u00e9voque un projet \u00ab\u00a0ambitieux\u00a0\u00bb"},"content":{"rendered":"<p>La proposition de budget de l&rsquo;UE pr\u00e9sent\u00e9e par la Commission europ\u00e9enne n&rsquo;a pas suscit\u00e9 une adh\u00e9sion franche et imm\u00e9diate.<\/p>\n<p>Top d\u00e9part pour des n\u00e9gociations qui s&rsquo;annoncent ardues. La Commission europ\u00e9enne a d\u00e9voil\u00e9 mercredi <a href=\"https:\/\/www.bfmtv.com\/economie\/l-ue-propose-un-budget-en-nette-hausse-de-2-000-milliards-d-euros-sur-sept-ans-la-contribution-de-la-france-reevaluee-a-la-baisse_AD-202507160595.html\" title=\"L&#039;UE propose un budget en nette hausse, de 2.000 milliards d&#039;euros sur sept ans, la contribution de la France r\u00e9\u00e9valu\u00e9e \u00e0 la baisse\" class=\"internal_link\" rel=\"nofollow noopener\" target=\"_blank\">sa proposition de budget de 2028 \u00e0 2034<\/a>, fix\u00e9 \u00e0 2.000 milliards d&rsquo;euros, avec des moyens suppl\u00e9mentaires pour la comp\u00e9titivit\u00e9 et la d\u00e9fense, suscitant le rejet imm\u00e9diat du gouvernement allemand qui a jug\u00e9 cette hausse \u00ab\u00a0inacceptable\u00a0\u00bb.<\/p>\n<p>C&rsquo;est le budget europ\u00e9en \u00ab\u00a0le plus ambitieux jamais propos\u00e9\u00a0\u00bb, a affirm\u00e9 la pr\u00e9sidente de la Commission europ\u00e9enne, Ursula von der Leyen lors de la pr\u00e9sentation du budget, donnant le coup d&rsquo;envoi de deux ans de n\u00e9gociations souvent difficiles entre Europ\u00e9ens.<\/p>\n<p>L&rsquo;ex\u00e9cutif \u00e9rige la comp\u00e9titivit\u00e9 et l&rsquo;innovation en priorit\u00e9, avec 451 milliards d&rsquo;euros, confirmant le tournant pro-entreprises de l&rsquo;Union europ\u00e9enne <a href=\"https:\/\/www.bfmtv.com\/economie\/entreprises\/trump-envoie-ses-sanctions-par-lettre-depuis-une-semaine-pourquoi-l-europe-a-quand-meme-ete-surprise-quand-la-sienne-est-tombee-samedi_AD-202507140392.html\" title=\"Pourquoi l&#039;Europe a \u00e9t\u00e9 &quot;surprise&quot; quand Trump lui a \u00e9crit samedi sa lettre de sanctions douani\u00e8res\" class=\"internal_link\" rel=\"nofollow noopener\" target=\"_blank\">en pleines tensions commerciales avec les \u00c9tats-Unis<\/a> de Donald Trump.<\/p>\n<p>Trois ans apr\u00e8s le d\u00e9clenchement de la guerre en Ukraine, Bruxelles souligne aussi sa mobilisation en faveur de la d\u00e9fense (131 milliards int\u00e9gr\u00e9s \u00e0 l&rsquo;enveloppe comp\u00e9titivit\u00e9), et promet 100 milliards de soutien suppl\u00e9mentaire \u00e0 Kiev de 2028 \u00e0 2034.<\/p>\n<blockquote class=\"embed embed_quote\"><p>\u00ab\u00a0Il s&rsquo;agit d&rsquo;un engagement \u00e0 long terme\u00a0\u00bb pour \u00ab\u00a0la reconstruction de l&rsquo;Ukraine\u00a0\u00bb, a d\u00e9clar\u00e9 le commissaire europ\u00e9en en charge du budget, Piotr Serafin.<\/p><\/blockquote>\n<p>De quoi faire rugir le Premier ministre hongrois Viktor Orban. \u00ab\u00a0L&rsquo;Ukraine b\u00e9n\u00e9ficierait d&rsquo;une aide financi\u00e8re massive, tandis que les agriculteurs europ\u00e9ens seraient perdants\u00a0\u00bb, a fustig\u00e9 le dirigeant nationaliste, proche de Moscou.<\/p>\n<p>\u00ab\u00a0Inacceptable\u00a0\u00bb<\/p>\n<p>La pr\u00e9sentation d&rsquo;ensemble de la Commission fait l&rsquo;objet de r\u00e9actions contrast\u00e9es.<\/p>\n<blockquote class=\"embed embed_quote\"><p>\u00ab\u00a0Une augmentation substantielle du budget de l&rsquo;UE est inacceptable \u00e0 l&rsquo;heure o\u00f9 tous les \u00c9tats membres font des efforts consid\u00e9rables pour consolider leurs budgets nationaux\u00a0\u00bb, a d\u00e9clar\u00e9 mercredi soir le porte-parole du gouvernement allemand, Stefan Kornelius, dans un bref communiqu\u00e9.<\/p><\/blockquote>\n<p>\u00ab\u00a0Nous ne soutiendrons pas non plus la taxation suppl\u00e9mentaire des entreprises propos\u00e9e par la Commission\u00a0\u00bb, a-t-il ajout\u00e9.<\/p>\n<p>M\u00eame son de cloche pour les Pays-Bas, l&rsquo;un des pays \u00ab\u00a0frugaux\u00a0\u00bb qui r\u00e9clament r\u00e9guli\u00e8rement des \u00e9conomies \u00e0 l&rsquo;UE, qui juge \u00e9galement ce budget \u00ab\u00a0trop \u00e9lev\u00e9\u00a0\u00bb.<\/p>\n<p>La France, par la voix du ministre d\u00e9l\u00e9gu\u00e9 charg\u00e9 de l&rsquo;Europe Benjamin Haddad, a elle qualifi\u00e9 la proposition de la Commission d'\u00a0\u00bbambitieuse\u00a0\u00bb.<\/p>\n<p>Au Parlement europ\u00e9en, les deux rapporteurs Siegfried Muresan (PPE, droite) et Carla Tavares (sociale-d\u00e9mocrate, gauche), jugent la hausse affich\u00e9e tr\u00e8s insuffisante car elle s&rsquo;explique pour partie par l&rsquo;inflation et par le remboursement de l&#8217;emprunt europ\u00e9en contract\u00e9 pendant la pand\u00e9mie de Covid-19.<\/p>\n<p>\u00ab\u00a0Provocation\u00a0\u00bb<\/p>\n<p>La transformation de <a href=\"https:\/\/www.bfmtv.com\/economie\/entreprises\/agriculture\/aides-aux-agriculteurs-l-ue-veut-aider-ceux-qui-en-ont-le-plus-besoin_AD-202409040542.html\" title=\"Aides aux agriculteurs: l&#039;UE veut aider ceux &quot;qui en ont le plus besoin&quot;\" class=\"internal_link\" rel=\"nofollow noopener\" target=\"_blank\">la politique agricole commune<\/a> (PAC) va \u00eatre au c\u0153ur de la longue bataille qui s&rsquo;annonce.<\/p>\n<p>Selon la Commission, 300 milliards d&rsquo;euros seront consacr\u00e9s aux \u00ab\u00a0revenus des agriculteurs\u00a0\u00bb, alors que le budget pr\u00e9c\u00e9dent de la PAC repr\u00e9sentait 387 milliards de 2021 \u00e0 2027, dont 270 milliards d&rsquo;aides directes aux exploitations.<\/p>\n<p>Bruxelles explique le diff\u00e9rentiel par une nouvelle architecture budg\u00e9taire et le transfert de certaines sommes vers la politique de coh\u00e9sion, ce qui alarme la profession.<\/p>\n<p>Le Copa-Cogeca, lobby des agriculteurs europ\u00e9ens, a lanc\u00e9 les hostilit\u00e9s d\u00e8s mercredi devant la Commission en r\u00e9unissant quelques centaines de manifestants contre ce \u00ab\u00a0mercredi noir pour l&rsquo;agriculture\u00a0\u00bb.<\/p>\n<blockquote class=\"embed embed_quote\"><p>\u00ab\u00a0Cette proposition est une provocation\u00a0\u00bb, \u00ab\u00a0personne n&rsquo;a int\u00e9r\u00eat \u00e0 d\u00e9fier les agriculteurs europ\u00e9ens. Si ce message n&rsquo;a pas \u00e9t\u00e9 entendu, nous reviendrons\u00a0\u00bb, a pr\u00e9venu le patron de la FNSEA &#8211; le premier syndicat agricole fran\u00e7ais- Arnaud Rousseau, pr\u00e9sent \u00e0 Bruxelles.<\/p><\/blockquote>\n<p>Echaud\u00e9e par le mouvement de col\u00e8re agricole de 2024, la Commission se veut pourtant rassurante. Les 300 milliards sont un \u00ab\u00a0minimum\u00a0\u00bb que les \u00c9tats pourront compl\u00e9ter avec d&rsquo;autres fonds europ\u00e9ens, a dit le commissaire \u00e0 l&rsquo;Agriculture Christophe Hansen.<\/p>\n<p>Un casse-t\u00eate \u00e0 27<\/p>\n<p>Le pr\u00e9c\u00e9dent budget, de 2021 \u00e0 2027, devait mobiliser 1.200 milliards d&rsquo;euros mais il a \u00e9t\u00e9 compl\u00e9t\u00e9 par un plan de relance de 800 milliards pendant la crise sanitaire. Et il a fallu faire des choix, tant l&rsquo;\u00e9quation budg\u00e9taire de l&rsquo;UE rel\u00e8ve du casse-t\u00eate.<\/p>\n<p>D\u00e9j\u00e0 exsangues, les \u00c9tats membre ne veulent pas mettre davantage dans le pot commun, \u00e0 l&rsquo;image de la France qui a assur\u00e9 mercredi qu&rsquo;elle verserait \u00e0 l&rsquo;UE moins que pr\u00e9vu en 2026. Ce, alors m\u00eame que la liste des d\u00e9penses europ\u00e9ennes ne cesse de s&rsquo;allonger.<\/p>\n<p>La Commission cherche donc de nouvelles ressources. Elle propose un pr\u00e9l\u00e8vement suppl\u00e9mentaire sur le tabac, une contribution des grandes entreprises ou une nouvelle taxe sur les d\u00e9chets \u00e9lectroniques non recycl\u00e9s.<\/p>\n<p>Le tout alors que les \u00e9cologistes craignent que les contraintes budg\u00e9taires poussent \u00e0 sacrifier les cr\u00e9dits consacr\u00e9s \u00e0 la protection de l&rsquo;environnement.<\/p>\n<p>Quels seront les arbitrages dans deux ans? \u00ab\u00a0Comme d&rsquo;habitude, tout se finira par cinq jours de n\u00e9gociations\u00a0\u00bb lors d&rsquo;un sommet entre les 27, pr\u00e9dit un fonctionnaire europ\u00e9en.<\/p>\n<p>Avec en creux, la division persistante entre les \u00c9tats \u00ab\u00a0frugaux\u00a0\u00bb et ceux comme la France qui plaident pour un nouvel emprunt commun europ\u00e9en.<\/p>\n","protected":false},"excerpt":{"rendered":"La proposition de budget de l&rsquo;UE pr\u00e9sent\u00e9e par la Commission europ\u00e9enne n&rsquo;a pas suscit\u00e9 une adh\u00e9sion franche et&hellip;\n","protected":false},"author":2,"featured_media":14839,"comment_status":"","ping_status":"","sticky":false,"template":"","format":"standard","meta":{"footnotes":""},"categories":[1587],"tags":[11,672,1804,1805,1803,1777,674,1801,12,1802],"class_list":{"0":"post-253228","1":"post","2":"type-post","3":"status-publish","4":"format-standard","5":"has-post-thumbnail","7":"category-allemagne","8":"tag-actualites","9":"tag-allemagne","10":"tag-bundesrepublik-deutschland","11":"tag-de","12":"tag-deutschland","13":"tag-eu","14":"tag-europe","15":"tag-germany","16":"tag-news","17":"tag-republique-federale-dallemagne"},"share_on_mastodon":{"url":"https:\/\/pubeurope.com\/@fr\/114867166435643375","error":""},"_links":{"self":[{"href":"https:\/\/www.europesays.com\/fr\/wp-json\/wp\/v2\/posts\/253228","targetHints":{"allow":["GET"]}}],"collection":[{"href":"https:\/\/www.europesays.com\/fr\/wp-json\/wp\/v2\/posts"}],"about":[{"href":"https:\/\/www.europesays.com\/fr\/wp-json\/wp\/v2\/types\/post"}],"author":[{"embeddable":true,"href":"https:\/\/www.europesays.com\/fr\/wp-json\/wp\/v2\/users\/2"}],"replies":[{"embeddable":true,"href":"https:\/\/www.europesays.com\/fr\/wp-json\/wp\/v2\/comments?post=253228"}],"version-history":[{"count":0,"href":"https:\/\/www.europesays.com\/fr\/wp-json\/wp\/v2\/posts\/253228\/revisions"}],"wp:featuredmedia":[{"embeddable":true,"href":"https:\/\/www.europesays.com\/fr\/wp-json\/wp\/v2\/media\/14839"}],"wp:attachment":[{"href":"https:\/\/www.europesays.com\/fr\/wp-json\/wp\/v2\/media?parent=253228"}],"wp:term":[{"taxonomy":"category","embeddable":true,"href":"https:\/\/www.europesays.com\/fr\/wp-json\/wp\/v2\/categories?post=253228"},{"taxonomy":"post_tag","embeddable":true,"href":"https:\/\/www.europesays.com\/fr\/wp-json\/wp\/v2\/tags?post=253228"}],"curies":[{"name":"wp","href":"https:\/\/api.w.org\/{rel}","templated":true}]}}