{"id":253254,"date":"2025-07-17T06:44:10","date_gmt":"2025-07-17T06:44:10","guid":{"rendered":"https:\/\/www.europesays.com\/fr\/253254\/"},"modified":"2025-07-17T06:44:10","modified_gmt":"2025-07-17T06:44:10","slug":"wanda-nara-sest-fait-expedier-par-son-nouveau-petit-copain","status":"publish","type":"post","link":"https:\/\/www.europesays.com\/fr\/253254\/","title":{"rendered":"Wanda Nara s\u2019est fait exp\u00e9dier par son nouveau petit copain\u00a0!\u00a0"},"content":{"rendered":"<p><strong>En couple avec Ayrton Costa, Wanda Nara aurait vu son compagnon la quitter pour Romina Malaspina, influenceuse et animatrice connue pour sa participation \u00e0 Gran Hermano 2015 et ses apparitions sulfureuses sur Canal 26.<\/strong><\/p>\n<p>Il y a encore quelques semaines, les rumeurs allaient bon train : Ayrton Costa, le d\u00e9fenseur de Boca Juniors, aurait nou\u00e9 un flirt discret mais intense avec Wanda Nara, figure incontournable de la sc\u00e8ne m\u00e9diatique argentine. Une liaison qui a fait saliver les r\u00e9seaux sociaux\u2026 mais qui semble d\u00e9j\u00e0 appartenir au pass\u00e9.<\/p>\n<p>Car selon plusieurs sources proches du joueur, Ayrton Costa aurait tourn\u00e9 la page Wanda, et pas avec n\u2019importe qui. La nouvelle \u00e9lue serait Romina Malaspina, influenceuse et animatrice connue pour sa participation \u00e0 Gran Hermano 2015 et ses apparitions sulfureuses sur Canal 26.<\/p>\n<p>Romina Malaspina a remplac\u00e9 Wanda Nara !<\/p>\n<p>Le scoop a \u00e9t\u00e9 r\u00e9v\u00e9l\u00e9 par le journaliste Fede Flowers. Selon lui, Costa aurait profit\u00e9 de sa f\u00eate d\u2019anniversaire samedi dernier, dans sa maison de Lomas de Zamora, pour pr\u00e9senter officiellement Romina \u00e0 ses amis. La sc\u00e8ne aurait \u00e9t\u00e9 sans \u00e9quivoque : c\u00e2lins, gestes tendres, regards complices\u2026 et \u00e9videmment, confirmation que les deux tourtereaux se suivent d\u00e9sormais sur Instagram.<\/p>\n<p>Une d\u00e9monstration publique qui marque un changement de cap total pour Costa. Apr\u00e8s l\u2019aura m\u00e9diatique de Wanda Nara, l\u2019international de Boca semble pr\u00e9f\u00e9rer d\u00e9sormais la fra\u00eecheur plus underground mais tout aussi explosive de Malaspina.<\/p>\n<p>La presse people argentine se r\u00e9gale d\u00e9j\u00e0 de ce nouveau triangle amoureux. Wanda, de son c\u00f4t\u00e9, n\u2019a pas encore r\u00e9agi publiquement. Mais connaissant son temp\u00e9rament, cela ne saurait tarder. Une histoire qui promet encore quelques rebondissements\u2026 et beaucoup de clics.<\/p>\n<blockquote class=\"instagram-media\" data-instgrm-captioned=\"\" data-instgrm-permalink=\"https:\/\/www.instagram.com\/p\/DMJaeu-xeAl\/?utm_source=ig_embed&amp;utm_campaign=loading\" data-instgrm-version=\"14\" style=\"background:#FFF;border:0;border-radius:3px;box-shadow:0 0 1px 0 rgba(0,0,0,0.5),0 1px 10px 0 rgba(0,0,0,0.15);margin:1px;max-width:540px;min-width:326px;padding:0;width:calc(100% - 2px)\"\/>\n<p><script async src=\"\/\/www.instagram.com\/embed.js\"><\/script><\/p>\n","protected":false},"excerpt":{"rendered":"En couple avec Ayrton Costa, Wanda Nara aurait vu son compagnon la quitter pour Romina Malaspina, influenceuse et&hellip;\n","protected":false},"author":2,"featured_media":253255,"comment_status":"","ping_status":"","sticky":false,"template":"","format":"standard","meta":{"footnotes":""},"categories":[1359],"tags":[11,448,58,59,63,1011,27,66,3388,12,973,10662],"class_list":{"0":"post-253254","1":"post","2":"type-post","3":"status-publish","4":"format-standard","5":"has-post-thumbnail","7":"category-people","8":"tag-actualites","9":"tag-champions-league","10":"tag-divertissement","11":"tag-entertainment","12":"tag-football","13":"tag-fr","14":"tag-france","15":"tag-ligue-1","16":"tag-matchs","17":"tag-news","18":"tag-people","19":"tag-transferts"},"share_on_mastodon":{"url":"https:\/\/pubeurope.com\/@fr\/114867225438932510","error":""},"_links":{"self":[{"href":"https:\/\/www.europesays.com\/fr\/wp-json\/wp\/v2\/posts\/253254","targetHints":{"allow":["GET"]}}],"collection":[{"href":"https:\/\/www.europesays.com\/fr\/wp-json\/wp\/v2\/posts"}],"about":[{"href":"https:\/\/www.europesays.com\/fr\/wp-json\/wp\/v2\/types\/post"}],"author":[{"embeddable":true,"href":"https:\/\/www.europesays.com\/fr\/wp-json\/wp\/v2\/users\/2"}],"replies":[{"embeddable":true,"href":"https:\/\/www.europesays.com\/fr\/wp-json\/wp\/v2\/comments?post=253254"}],"version-history":[{"count":0,"href":"https:\/\/www.europesays.com\/fr\/wp-json\/wp\/v2\/posts\/253254\/revisions"}],"wp:featuredmedia":[{"embeddable":true,"href":"https:\/\/www.europesays.com\/fr\/wp-json\/wp\/v2\/media\/253255"}],"wp:attachment":[{"href":"https:\/\/www.europesays.com\/fr\/wp-json\/wp\/v2\/media?parent=253254"}],"wp:term":[{"taxonomy":"category","embeddable":true,"href":"https:\/\/www.europesays.com\/fr\/wp-json\/wp\/v2\/categories?post=253254"},{"taxonomy":"post_tag","embeddable":true,"href":"https:\/\/www.europesays.com\/fr\/wp-json\/wp\/v2\/tags?post=253254"}],"curies":[{"name":"wp","href":"https:\/\/api.w.org\/{rel}","templated":true}]}}