{"id":253256,"date":"2025-07-17T06:45:44","date_gmt":"2025-07-17T06:45:44","guid":{"rendered":"https:\/\/www.europesays.com\/fr\/253256\/"},"modified":"2025-07-17T06:45:44","modified_gmt":"2025-07-17T06:45:44","slug":"jean-michel-othoniel-sempare-davignon-plongee-avec-le-sculpteur-dans-les-coulisses-de-la-creation-telerama","status":"publish","type":"post","link":"https:\/\/www.europesays.com\/fr\/253256\/","title":{"rendered":"Jean-Michel Othoniel s\u2019empare d\u2019Avignon : plong\u00e9e avec le sculpteur dans les coulisses de la cr\u00e9ation &#8211; T\u00e9l\u00e9rama"},"content":{"rendered":"<ol>\n<li><a href=\"https:\/\/news.google.com\/rss\/articles\/CBMi7gFBVV95cUxNTG5JSnlacWVzQ3c4dm9yZzJsVmhweG5rMDBVSVM0c3UxeEczeW91NWY2LWN3RTRmMkJQQ1BuU2NDRS11Y28taGV0UlpKWFJHMmQxNENVUkdQeE9peDkyemFkTTRYZzdZNHlxTzVGQ3hUV2FSdmJWanRORFpHeWRaMWNJQnV5Tmc4QUZVQk9ncmthNnpKZEtWMUtNdzZmaVhtQVREcDJtcXg3Y1hmTmNLZUtEZVlkaHpIQnVUeU94cDJmSFRYLVFkRWJlcmpWRkVvaHcwMXFoRTZWV1VyTkZDSnJaa2g2SXV4QWszREFR?oc=5\" target=\"_blank\" rel=\"nofollow noopener\">Jean-Michel Othoniel s\u2019empare d\u2019Avignon : plong\u00e9e avec le sculpteur dans les coulisses de la cr\u00e9ation<\/a>&nbsp;&nbsp;T\u00e9l\u00e9rama<\/li>\n<li><a href=\"https:\/\/news.google.com\/rss\/articles\/CBMi3gFBVV95cUxPeWNjUmdWQjZpdloybWlsd3Bjalc3UElKU09sN25pMjFBYlZvUXZJS2d6U182VTdsZTd1aWtyMmhvMG1BcWpIeFZvcTBzZTdUOVdVN1Z6OFZHNlVmVGRMTmVLby01cXpLUDBOTVphR3ZjTjFfcXUyajhpci1tam9aS2EzZUFYbDFSaU5RN0JJZy1SdkIyMURPTG00RGJDZG5BTlpNM1RwVnNwbVBoRGRwbDFvdFh4aTRsdjRiQWtSX0ZkUnlPRHByc0R6VkxFY3gyRVlrZWcyX01tT1Bqcmc?oc=5\" target=\"_blank\" rel=\"nofollow noopener\">\u00c0 Avignon, l&rsquo;artiste Jean-Michel Othoniel investit dix mus\u00e9es de la ville<\/a>&nbsp;&nbsp;Radio France<\/li>\n<li><a href=\"https:\/\/news.google.com\/rss\/articles\/CBMihwFBVV95cUxQREtMay1ySEFZd3BfYUY5elJIWFdsVklTWjlxZHBXS3AxOTktNTFQZF9oTjlOUnJZcVNzU3B3eEVOUndXSEk4T3NSOS1DXzFZRmpJYVBOYnFydU1saU42U3E2T2k3TDhmMVlzVjZuNXhjYTNORnhRQjh3UE1fc1dPWW5idkVOekk?oc=5\" target=\"_blank\" rel=\"nofollow noopener\">Othoniel, cherchez le nimbe<\/a>&nbsp;&nbsp;Le Quotidien de l&rsquo;Art<\/li>\n<li><a href=\"https:\/\/news.google.com\/rss\/articles\/CBMi1AFBVV95cUxQLS1wbDdaRVQ5bjA2T1ZqZHRRTklnRXBpdjZ1ZkRaSmlfODhxd1FLYTdUTnZVeFdOcFdjbklTWnVBOTlDU3FHMjNYb1N6VXNYVjBxNEdIYnpqT0JpRmlGTFlYaURBZTluaG9ITU5ucXFnQkt3eVJKWDE2NHBrbUZmR3hPVDVXZllvUzNPSkI2Smd5QzBfMTVhZnM4OFhSdmNTUDFsZU9lR1diNWJkWDRjSnR1VmNjWUM3U1RWWXNkVUxpXzBXckxnSkN4U0RUUjBLSjF4Yw?oc=5\" target=\"_blank\" rel=\"nofollow noopener\">Avignon | L\u2019artiste Jean-Michel Othoniel investit la ville pour un incroyable parcours artistique jusqu\u2019au 4 janvier<\/a>&nbsp;&nbsp;L&rsquo;art vues<\/li>\n<li><a href=\"https:\/\/news.google.com\/rss\/articles\/CBMiswFBVV95cUxPUGtSTTIwRzJXTUJ5Q0g2OHpXcDhaeEl3OTlZRmloeF9ubHY3RnU4eUl5NHlydVdyWU5icGkzcDE0aVFUcXhCSGpIUlktTXBEd2ZkQVBDam42WlJqem1nYW01RmxUakdfUzZaRi1ETkZDa0JyS0tZbUozNl9qSGEyQlV2cFBybndjQ2t3T25ROGp5SlR0S0FlTXN0c1RHaWNETE5iZlh2MjVkN0xzc0RPSVl1SQ?oc=5\" target=\"_blank\" rel=\"nofollow noopener\">art Festival d&rsquo;Avignon 2025 : la cit\u00e9 des perles d&rsquo;Othoniel<\/a>&nbsp;&nbsp;T\u00eatu<\/li>\n<\/ol>\n","protected":false},"excerpt":{"rendered":"Jean-Michel Othoniel s\u2019empare d\u2019Avignon : plong\u00e9e avec le sculpteur dans les coulisses de la cr\u00e9ation&nbsp;&nbsp;T\u00e9l\u00e9rama \u00c0 Avignon, l&rsquo;artiste&hellip;\n","protected":false},"author":2,"featured_media":253257,"comment_status":"","ping_status":"","sticky":false,"template":"","format":"standard","meta":{"footnotes":""},"categories":[1358],"tags":[1348,1384,1385,1386,58,59,1011,27],"class_list":{"0":"post-253256","1":"post","2":"type-post","3":"status-publish","4":"format-standard","5":"has-post-thumbnail","7":"category-arts-et-design","8":"tag-arts","9":"tag-arts-and-design","10":"tag-arts-et-design","11":"tag-design","12":"tag-divertissement","13":"tag-entertainment","14":"tag-fr","15":"tag-france"},"share_on_mastodon":{"url":"https:\/\/pubeurope.com\/@fr\/114867229423082632","error":""},"_links":{"self":[{"href":"https:\/\/www.europesays.com\/fr\/wp-json\/wp\/v2\/posts\/253256","targetHints":{"allow":["GET"]}}],"collection":[{"href":"https:\/\/www.europesays.com\/fr\/wp-json\/wp\/v2\/posts"}],"about":[{"href":"https:\/\/www.europesays.com\/fr\/wp-json\/wp\/v2\/types\/post"}],"author":[{"embeddable":true,"href":"https:\/\/www.europesays.com\/fr\/wp-json\/wp\/v2\/users\/2"}],"replies":[{"embeddable":true,"href":"https:\/\/www.europesays.com\/fr\/wp-json\/wp\/v2\/comments?post=253256"}],"version-history":[{"count":0,"href":"https:\/\/www.europesays.com\/fr\/wp-json\/wp\/v2\/posts\/253256\/revisions"}],"wp:featuredmedia":[{"embeddable":true,"href":"https:\/\/www.europesays.com\/fr\/wp-json\/wp\/v2\/media\/253257"}],"wp:attachment":[{"href":"https:\/\/www.europesays.com\/fr\/wp-json\/wp\/v2\/media?parent=253256"}],"wp:term":[{"taxonomy":"category","embeddable":true,"href":"https:\/\/www.europesays.com\/fr\/wp-json\/wp\/v2\/categories?post=253256"},{"taxonomy":"post_tag","embeddable":true,"href":"https:\/\/www.europesays.com\/fr\/wp-json\/wp\/v2\/tags?post=253256"}],"curies":[{"name":"wp","href":"https:\/\/api.w.org\/{rel}","templated":true}]}}