{"id":253260,"date":"2025-07-17T06:47:47","date_gmt":"2025-07-17T06:47:47","guid":{"rendered":"https:\/\/www.europesays.com\/fr\/253260\/"},"modified":"2025-07-17T06:47:47","modified_gmt":"2025-07-17T06:47:47","slug":"mayer-secret-story-et-aimed-reglent-leurs-comptes-apres-une-question-indiscrete-sur-pimprenelle","status":"publish","type":"post","link":"https:\/\/www.europesays.com\/fr\/253260\/","title":{"rendered":"Mayer (Secret Story) et A\u00efmed r\u00e8glent leurs comptes apr\u00e8s une question indiscr\u00e8te sur Pimprenelle"},"content":{"rendered":"<p>Apr\u00e8s le d\u00e9part de C\u00e9lia la semaine derni\u00e8re, ils ne sont plus que neuf candidats dans Secret Story 2025. Et ce mardi 15 juillet, <a href=\"https:\/\/www.programme-tv.net\/news\/tele-realite\/383324-secret-story-2025-qui-sont-les-candidats-nomines-ce-mardi-15-juillet\/\" data-api-deeplink=\"teleloisirs:\/\/news\/383324\" rel=\"nofollow noopener\" target=\"_blank\">cinq candidats ont \u00e9t\u00e9 nomin\u00e9s et deux habitats seront \u00e9limin\u00e9s lors du prime<\/a>. Il s&rsquo;agit de Constance, Adrien, Ethan, Mayer et Pimprenelle. Depuis plusieurs jours, les candidats sont divis\u00e9s dans deux maisons : l&rsquo;\u00e9quipe des Waras (<a href=\"https:\/\/www.programme-tv.net\/news\/tele-realite\/383058-ca-me-saoule-adrien-secret-story-2025-confronte-mayer-sur-son-rapprochement-inattendu-avec-pimprenelle\/\" data-api-deeplink=\"teleloisirs:\/\/news\/383058\" rel=\"nofollow noopener\" target=\"_blank\">Mayer<\/a>, A\u00efmed, Anita, Ethan et Pimprenelle) dans la maison des secrets, et les Pink Bears (Constance, <a href=\"https:\/\/www.programme-tv.net\/news\/tele-realite\/382945-secret-story-2025-le-resume-de-la-quotidienne-du-mardi-8-juillet\/\" data-api-deeplink=\"teleloisirs:\/\/news\/382945\" rel=\"nofollow noopener\" target=\"_blank\">Romy<\/a>, Noah et Adrien) dans la maison de cristal. Mais voil\u00e0, apr\u00e8s un dilemme de La Voix, Mayer a \u00e9chang\u00e9 la maison de son clan contre celle du clan adverse. <a href=\"https:\/\/www.programme-tv.net\/news\/tele-realite\/383403-tu-tires-la-gueule-toute-la-journee-ethan-secret-story-et-mayer-s-expliquent-franchement-apres-une-grosse-dispute-avec-pimprenelle\/\" data-api-deeplink=\"teleloisirs:\/\/news\/383403\" rel=\"nofollow noopener\" target=\"_blank\">Un choix loin d&rsquo;avoir fait l&rsquo;unanimit\u00e9 et des tensions se sont cr\u00e9\u00e9. <\/a><\/p>\n<p>Mayer r\u00e8gle ses comptes avec A\u00efmed apr\u00e8s une question sur Pimprenelle<\/p>\n<p>En direct de la maison de cristal, <a href=\"https:\/\/www.programme-tv.net\/news\/tele-realite\/383058-ca-me-saoule-adrien-secret-story-2025-confronte-mayer-sur-son-rapprochement-inattendu-avec-pimprenelle\/\" data-api-deeplink=\"teleloisirs:\/\/news\/383058\" rel=\"nofollow noopener\" target=\"_blank\">Mayer<\/a>, A\u00efmed, Anita, Ethan et Pimprenelle ont r\u00e9pondu \u00e0 des questions sous l&rsquo;oreille tr\u00e8s attentives de la maison des secrets. \u00ab\u00a0Pourrais-tu te rapprocher de Pimprenelle ?\u00a0\u00bb, a lu Mayer avant de r\u00e9pondre sans d\u00e9tour : \u00ab\u00a0Non, question suivante, pas du tout\u00a0\u00bb. \u00ab\u00a0On est toujours d&rsquo;accord Mayer et moi, malgr\u00e9 que tu m&rsquo;aies pos\u00e9 la question, c&rsquo;est toujours non\u00a0\u00bb, a lanc\u00e9 Pimprenelle faisant rire ses camarades. A\u00efmed a alors pris la parole \u00e0 son tour afin d&rsquo;expliquer que Mayer \u00ab\u00a0a demand\u00e9 plusieurs fois \u00e0 Pimprenelle si elle le trouvait jolie\u00a0\u00bb. Une remarque qui semble avoir agac\u00e9 le premier int\u00e9ress\u00e9. <b>\u00ab\u00a0A\u00efmed, il adore tout le temps se m\u00ealer de ce qu&rsquo;il ne le regarde pas et en rajouter des couches, mais c&rsquo;est compl\u00e8tement faux\u2026<\/b> Enfin, c&rsquo;est vrai. C&rsquo;est une blague, on rigolait (&#8230;) Je le dis encore une fois devant tout le monde, non, je me rapprocherais pas d&rsquo;elle et elle ne se rapprochera pas de moi point\u00a0\u00bb. \u00ab\u00a0C&rsquo;est quand m\u00eame les questions que tu as pos\u00e9es, on n&rsquo;a pas parl\u00e9 de rapprochement\u00a0\u00bb, a r\u00e9pliqu\u00e9 A\u00efmed. Mayer a alors demand\u00e9 qu\u2019on laisse la parole \u00e0 Anita et Ethan. <b>\u00ab\u00a0T&rsquo;essayes de faire chauffer la marmite avec &lsquo;Mayer a dit \u00e7a'\u00a0\u00bb<\/b><b>,<\/b> a-t-il lanc\u00e9. Loin d&rsquo;en avoir fini, A\u00efmed a continu\u00e9 son discours : \u00ab\u00a0Non parce que quand tu dis &lsquo;non question suivante&rsquo; c&rsquo;est r\u00e9dhibitoire alors que toute l&rsquo;apr\u00e8s-midi, tu as fait que tourner autour de Pimprenelle\u00a0\u00bb.<\/p>\n<p>                        Mayer cash sur A\u00efmed : \u00ab\u00a0Tu adores te m\u00ealer de ce qu&rsquo;il ne te regarde pas\u00a0\u00bb<\/p>\n<p>\u00ab\u00a0Quand elle est sortie de la douche, tu as fait beaucoup de compliments\u00a0\u00bb, a-t-il continu\u00e9. <b>\u00ab\u00a0A\u00efmed, tu adores te m\u00ealer de ce qu&rsquo;il ne te regarde pas\u2026\u00a0\u00bb<\/b><b>, <\/b>a commenc\u00e9 Mayer avant d&rsquo;\u00eatre coup\u00e9 par Romy qui souhaite savoir la v\u00e9rit\u00e9 : \u00ab\u00a0Qu&rsquo;est-ce qu&rsquo;il s&rsquo;est pass\u00e9 Anita ?\u00a0\u00bb. Cette derni\u00e8re a alors racont\u00e9 que \u00ab\u00a0sur une blague, Mayer a juste dit que Pimprenelle \u00e9tait intelligente, avait une taille mannequin (&#8230;)\u00a0\u00bb.<\/p>\n","protected":false},"excerpt":{"rendered":"Apr\u00e8s le d\u00e9part de C\u00e9lia la semaine derni\u00e8re, ils ne sont plus que neuf candidats dans Secret Story&hellip;\n","protected":false},"author":2,"featured_media":253261,"comment_status":"","ping_status":"","sticky":false,"template":"","format":"standard","meta":{"footnotes":""},"categories":[1356],"tags":[33339,244,58,59,1011,27,37473,37469,37470,37471,37472,34096,29901,37474,39375,37468,252,30052,2175,1364],"class_list":{"0":"post-253260","1":"post","2":"type-post","3":"status-publish","4":"format-standard","5":"has-post-thumbnail","7":"category-television","8":"tag-au00efmed-secret-story-13","9":"tag-commentaire","10":"tag-divertissement","11":"tag-entertainment","12":"tag-fr","13":"tag-france","14":"tag-la-quotidienne-1099514145","15":"tag-la-quotidienne-1099539196","16":"tag-la-quotidienne-1099553915","17":"tag-la-quotidienne-1099565530","18":"tag-la-quotidienne-1099565538","19":"tag-mayer-secret-story-13","20":"tag-secret-story","21":"tag-secret-story-1099553929","22":"tag-secret-story-1099644188","23":"tag-secret-story-40318845","24":"tag-television","25":"tag-tfx","26":"tag-tl-story","27":"tag-tv"},"share_on_mastodon":{"url":"https:\/\/pubeurope.com\/@fr\/114867237479168738","error":""},"_links":{"self":[{"href":"https:\/\/www.europesays.com\/fr\/wp-json\/wp\/v2\/posts\/253260","targetHints":{"allow":["GET"]}}],"collection":[{"href":"https:\/\/www.europesays.com\/fr\/wp-json\/wp\/v2\/posts"}],"about":[{"href":"https:\/\/www.europesays.com\/fr\/wp-json\/wp\/v2\/types\/post"}],"author":[{"embeddable":true,"href":"https:\/\/www.europesays.com\/fr\/wp-json\/wp\/v2\/users\/2"}],"replies":[{"embeddable":true,"href":"https:\/\/www.europesays.com\/fr\/wp-json\/wp\/v2\/comments?post=253260"}],"version-history":[{"count":0,"href":"https:\/\/www.europesays.com\/fr\/wp-json\/wp\/v2\/posts\/253260\/revisions"}],"wp:featuredmedia":[{"embeddable":true,"href":"https:\/\/www.europesays.com\/fr\/wp-json\/wp\/v2\/media\/253261"}],"wp:attachment":[{"href":"https:\/\/www.europesays.com\/fr\/wp-json\/wp\/v2\/media?parent=253260"}],"wp:term":[{"taxonomy":"category","embeddable":true,"href":"https:\/\/www.europesays.com\/fr\/wp-json\/wp\/v2\/categories?post=253260"},{"taxonomy":"post_tag","embeddable":true,"href":"https:\/\/www.europesays.com\/fr\/wp-json\/wp\/v2\/tags?post=253260"}],"curies":[{"name":"wp","href":"https:\/\/api.w.org\/{rel}","templated":true}]}}