{"id":253272,"date":"2025-07-17T06:53:10","date_gmt":"2025-07-17T06:53:10","guid":{"rendered":"https:\/\/www.europesays.com\/fr\/253272\/"},"modified":"2025-07-17T06:53:10","modified_gmt":"2025-07-17T06:53:10","slug":"les-montres-et-bracelets-connectes-sont-destockes-pour-la-fin-des-soldes-les-8-bonnes-affaires-a-retenir-frandroid","status":"publish","type":"post","link":"https:\/\/www.europesays.com\/fr\/253272\/","title":{"rendered":"Les montres et bracelets connect\u00e9s sont d\u00e9stock\u00e9s pour la fin des soldes : les 8 bonnes affaires \u00e0 retenir &#8211; Frandroid"},"content":{"rendered":"<ol>\n<li><a href=\"https:\/\/news.google.com\/rss\/articles\/CBMi4wFBVV95cUxOYkE2eTZCMW9pWm9CbjJXbWxQWXh5V0tuRjBjZDdaOFNQekVFM3M5c0FkU3pVRHNPLWRzVzVNQUQtM2F5OUNYTmRFS0g2dTV5U09rNjAwZnBXbGdBUDdKeFZFYUZGVnhUUW5jTDVTUF9jQ1Y2SzJzOGJldkdiQ0R2WHNPYnluRzRKaDZRbWtVRVpWQ1NJTnF3Rjl1eGRHMXFPU0Z2SVdnMksyRnlDUUNRX1lfZ2x6cXV2Wmg2ZFhWd19YOTQ1THBLcGdHRGtlOGYyQVBOYlVTcklqemZfUXZVWjV2bw?oc=5\" target=\"_blank\" rel=\"noopener\">Les montres et bracelets connect\u00e9s sont d\u00e9stock\u00e9s pour la fin des soldes : les 8 bonnes affaires \u00e0 retenir<\/a>&nbsp;&nbsp;Frandroid<\/li>\n<li><a href=\"https:\/\/news.google.com\/rss\/articles\/CBMi0AFBVV95cUxPdnp2TVhkMjdfaWoxSGJXZWJYM0ZTejJpWkctazhmcFRBbXhxY2YxSW5iOWJuTXpyWlNGWVFzbU80Qnd0LTNWQUI1TWl3STZuRXE2UnhvRUQzc09rY05xaXpFcFNWSkE1MWpYV1U3dGFQdGRWaWt5LW9BU0g3VmdyUmtiV3hKci1iMzBxRms2TXBqT1M1dXl3LXZ1d0k0dUVrdHp3RXR2ckJHU0ZmR194Z2dKWmRneGdWSjlCeEhzcFpCSXFKMGZ3T2pyVWRvN29v?oc=5\" target=\"_blank\" rel=\"noopener\">En vente \u00e0 perte, le prix de la montre Samsung Galaxy Watch6 n\u2019a jamais \u00e9t\u00e9 aussi bas<\/a>&nbsp;&nbsp;Le Figaro<\/li>\n<li><a href=\"https:\/\/news.google.com\/rss\/articles\/CBMilAJBVV95cUxNTWUzT0JTZ05mTTlCNHBTMEZuVWd5MVpsRmxHanhldmg5S1BYUTNwT3FkakhhZXBCR3J3d0xSVTBUdlViMUtxVFJBc3o3NGoyNU1HRXN6XzRKU1NTNWFNenJDT2JXRE1kVTZyeFFpUkhpeEpuYzhpX1JwT2MzOWNYV0RKVzh3VGt6UlVxSEFDUEVpTlM3NGp3SUt3a3BadXR6WUNpMUZoendnd0lKa1pNeFJ4V3J6dW1XUGVZc3VEWWVRS1RJQjg0dXBCb1NYakxQc3phWnpka3ZVWkRWOVBuNkctcXlHbXVkTmw4NDdFbkJUNGNDVGh6U0hMLUZEbXNSQjR1ZFVmQlUzRF9QSTlmSVFGbzc?oc=5\" target=\"_blank\" rel=\"noopener\">\u00c0 peine sortie, la montre Samsung Galaxy Watch7 rabat le caquet des concurrents avec un prix choc<\/a>&nbsp;&nbsp;Ouest-France<\/li>\n<li><a href=\"https:\/\/news.google.com\/rss\/articles\/CBMixAFBVV95cUxNRFFWODlodkhYVXNwV0VrSnRsTWg0Sld0SE9kUWxUVlVHRWlLQk9vX0wzdW0zT0hDUTQ0dzBCNkJPV00xZTdfOUJtNzZqM0t0bGJ4U2k0MXBkOU5qVFMxcm9faXhXWGsxSDBxWUR0OXZ6cHkybERHSTZhNmhMMWk2Q3gyQzFRcWRjNHZVMWtpU2lDTHZpNFJIZkZXc25CU3VfeEN1eFZaaEVNcVJPV2d5R0NiTGM1UkEzRkctXzhLMlJOWlVS?oc=5\" target=\"_blank\" rel=\"noopener\">Double offre exceptionnelle sur la Samsung Watch Ultra<\/a>&nbsp;&nbsp;20 Minutes<\/li>\n<li><a href=\"https:\/\/news.google.com\/rss\/articles\/CBMivAFBVV95cUxQaTBOQ2NTeUVsallSZ0ZZY0hGemFoNHp1dHVJUTdPWVZqTFJfX3YyQlk4NnQ2aDNTU250Z2l5eGdGVmdrWkZ0NlJKSHhRVGZldEJpVEM3SXYxVGJBR0oxaDdZYnBRT0JWUHpjTmo5WXRsTmVQWU5RdktxanNtdy1Pb1ZYSXNqbW9KWTZXY3Jqakkwa3pnandjS1pRakc4VHJBdGtJekVQdUhyY2VsWnVUSXpTMUhnbi1UN0JkZA?oc=5\" target=\"_blank\" rel=\"noopener\">Cette montre connect\u00e9e Samsung Galaxy Fit3 s&rsquo;affiche \u00e0 moins de 51 euros sur Amazon<\/a>&nbsp;&nbsp;Capital.fr<\/li>\n<\/ol>\n","protected":false},"excerpt":{"rendered":"Les montres et bracelets connect\u00e9s sont d\u00e9stock\u00e9s pour la fin des soldes : les 8 bonnes affaires \u00e0&hellip;\n","protected":false},"author":2,"featured_media":253273,"comment_status":"","ping_status":"","sticky":false,"template":"","format":"standard","meta":{"footnotes":""},"categories":[7],"tags":[201,3042,3569,3860,32783,907,1011,27,43,40,41,39,34230,42,44],"class_list":{"0":"post-253272","1":"post","2":"type-post","3":"status-publish","4":"format-standard","5":"has-post-thumbnail","7":"category-sciences-et-technologies","8":"tag-bons-plans-amazon","9":"tag-bons-plans-boulanger","10":"tag-bons-plans-e-leclerc","11":"tag-bons-plans-electrodepot","12":"tag-bons-plans-oneplus","13":"tag-bons-plans-xiaomi","14":"tag-fr","15":"tag-france","16":"tag-science","17":"tag-science-and-technology","18":"tag-sciences","19":"tag-sciences-et-technologies","20":"tag-soldes-dete-2025","21":"tag-technologies","22":"tag-technology"},"share_on_mastodon":{"url":"https:\/\/pubeurope.com\/@fr\/114867260858631269","error":""},"_links":{"self":[{"href":"https:\/\/www.europesays.com\/fr\/wp-json\/wp\/v2\/posts\/253272","targetHints":{"allow":["GET"]}}],"collection":[{"href":"https:\/\/www.europesays.com\/fr\/wp-json\/wp\/v2\/posts"}],"about":[{"href":"https:\/\/www.europesays.com\/fr\/wp-json\/wp\/v2\/types\/post"}],"author":[{"embeddable":true,"href":"https:\/\/www.europesays.com\/fr\/wp-json\/wp\/v2\/users\/2"}],"replies":[{"embeddable":true,"href":"https:\/\/www.europesays.com\/fr\/wp-json\/wp\/v2\/comments?post=253272"}],"version-history":[{"count":0,"href":"https:\/\/www.europesays.com\/fr\/wp-json\/wp\/v2\/posts\/253272\/revisions"}],"wp:featuredmedia":[{"embeddable":true,"href":"https:\/\/www.europesays.com\/fr\/wp-json\/wp\/v2\/media\/253273"}],"wp:attachment":[{"href":"https:\/\/www.europesays.com\/fr\/wp-json\/wp\/v2\/media?parent=253272"}],"wp:term":[{"taxonomy":"category","embeddable":true,"href":"https:\/\/www.europesays.com\/fr\/wp-json\/wp\/v2\/categories?post=253272"},{"taxonomy":"post_tag","embeddable":true,"href":"https:\/\/www.europesays.com\/fr\/wp-json\/wp\/v2\/tags?post=253272"}],"curies":[{"name":"wp","href":"https:\/\/api.w.org\/{rel}","templated":true}]}}