{"id":253280,"date":"2025-07-17T06:57:14","date_gmt":"2025-07-17T06:57:14","guid":{"rendered":"https:\/\/www.europesays.com\/fr\/253280\/"},"modified":"2025-07-17T06:57:14","modified_gmt":"2025-07-17T06:57:14","slug":"rock-en-seine-perd-une-subvention-a-cause-de-ce-groupe-accuse-de-soutenir-le-hezbollah","status":"publish","type":"post","link":"https:\/\/www.europesays.com\/fr\/253280\/","title":{"rendered":"Rock en Seine perd une subvention \u00e0 cause de ce groupe accus\u00e9 de soutenir le Hezbollah"},"content":{"rendered":"<p>        <img decoding=\"async\" loading=\"lazy\" src=\"https:\/\/www.europesays.com\/fr\/wp-content\/uploads\/2025\/07\/bf691bd_sirius-fs-upload-1-a9n47672597l-1746099863250-000-423r7v4.jpg\"  width=\"728\" height=\"409\" alt=\"L\u2019un des rappeurs du groupe nord-irlandais Kneecap est soup\u00e7onn\u00e9 d\u2019avoir brandi un drapeau du Hezbollah lors d\u2019un concert en novembre \u00e0 Londres. (Photo d\u2019illustration)\"\/>  <\/p>\n<p>VALERIE MACON \/ AFP<\/p>\n<p>L\u2019un des rappeurs du groupe nord-irlandais Kneecap est soup\u00e7onn\u00e9 d\u2019avoir brandi un drapeau du Hezbollah lors d\u2019un concert en novembre \u00e0 Londres. (Photo d\u2019illustration)<\/p>\n<p class=\"asset asset-text\">MUSIQUE &#8211; La pol\u00e9mique s\u2019\u00e9tend \u00e0 l\u2019Hexagone. La ville de Saint-Cloud, dans les Hauts-de-Seine, a d\u00e9cid\u00e9 de retirer sa subvention de 40\u00a0000\u00a0euros au festival<a href=\"https:\/\/www.huffingtonpost.fr\/culture\/article\/asap-rocky-l-un-des-tres-gros-noms-de-rock-en-seine-2025-annule-sa-venue-sans-donner-d-explication_252210.html\" rel=\"nofollow noopener\" target=\"_blank\"> Rock en Seine<\/a> en raison de la participation du groupe nord-irlandais <a href=\"https:\/\/www.huffingtonpost.fr\/culture\/video\/les-nord-irlandais-de-kneecap-rappent-pour-la-palestine-apres-leur-inculpation-pour-infraction-terroriste_250469.html\" rel=\"nofollow noopener\" target=\"_blank\">Kneecap<\/a>, engag\u00e9 pour la cause palestinienne et accus\u00e9 de soutenir le <a href=\"https:\/\/www.huffingtonpost.fr\/international\/article\/conflit-israel-liban-pourquoi-le-hezbollah-est-devenu-la-nouvelle-cible-prioritaire-de-tsahal_240074.html\" rel=\"nofollow noopener\" target=\"_blank\">Hezbollah<\/a>. L\u2019un des membres est inculp\u00e9 en Grande-Bretagne d\u2019\u00ab\u00a0infraction terroriste\u00a0\u00bb.<\/p>\n<p class=\"asset asset-text\">\u00ab\u00a0Ce montant avait \u00e9t\u00e9 adopt\u00e9 avant que la programmation d\u00e9finitive du festival ne soit connue\u00a0\u00bb, indique la ville dans un communiqu\u00e9 publi\u00e9 sur son site, ce mercredi 16\u00a0juillet.<\/p>\n<p class=\"asset asset-text\">Or Mo Chara, le nom de sc\u00e8ne de Liam O\u2019Hanna (Liam Og O Hannaidh en ga\u00e9lique), membre de ce trio de rappeurs nord-irlandais tr\u00e8s engag\u00e9 pour la cause palestinienne qui doit se produire le 24\u00a0ao\u00fbt \u00e0 Paris, est notamment accus\u00e9 d\u2019avoir arbor\u00e9 un drapeau du Hezbollah au cours d\u2019un concert.<\/p>\n<p>    Saint-Cloud \u00ab\u00a0ne finance pas des incitations \u00e0 la violence\u00a0\u00bb    <\/p>\n<p class=\"asset asset-text\">Il a comparu en juin pour \u00ab\u00a0infraction terroriste\u00a0\u00bb devant un tribunal au Royaume-Uni, o\u00f9 le mouvement islamiste pro-iranien est class\u00e9 terroriste. Il lui est \u00e9galement reproch\u00e9 d\u2019avoir cri\u00e9 \u00ab\u00a0Allez le Hamas\u00a0! Allez le Hezbollah\u00a0!\u00a0\u00bb.<\/p>\n<p class=\"asset asset-text\">La ville de Saint-Cloud \u00ab\u00a0ne finance pas d\u2019action, ni de revendications politiques et encore moins des incitations \u00e0 la violence, comme peuvent l\u2019\u00eatre des appels \u00e0 tuer des parlementaires, quelle que soit leur nationalit\u00e9\u00a0\u00bb, d\u00e9taille la municipalit\u00e9, en r\u00e9f\u00e9rence aux excuses qu\u2019a d\u00fb r\u00e9cemment pr\u00e9senter le groupe apr\u00e8s la diffusion d\u2019une vid\u00e9o datant de 2023 semblant montrer l\u2019un de ses membres appeler \u00e0 la mort de d\u00e9put\u00e9s conservateurs britanniques.<\/p>\n<p class=\"asset asset-text\">La commune n\u2019a \u00ab\u00a0pas souhait\u00e9 engager une quelconque n\u00e9gociation\u00a0\u00bb avec Rock en Seine car elle \u00ab\u00a0respecte la libert\u00e9 de programmation du Festival\u00a0\u00bb, ajoute le communiqu\u00e9 qui pr\u00e9cise que le vote pour le retrait de cette subvention date du 3\u00a0juillet.<\/p>\n<p class=\"asset asset-text\">Interrog\u00e9 par l\u2019AFP, le directeur du festival Mathieu Ducos n\u2019a pas souhait\u00e9 faire de commentaires.<\/p>\n<p class=\"asset asset-text\">Kneecap, groupe \u00e0 l\u2019\u00e9nergie punk originaire de Belfast, rappe en anglais et en irlandais et revendique haut et fort son engagement en faveur de la cause palestinienne. Le trio a ni\u00e9 tout soutien au Hezbollah, d\u00e9non\u00e7ant une d\u00e9cision \u00ab\u00a0politique\u00a0\u00bb.<\/p>\n<p>                     D\u00e9programm\u00e9 de concerts en \u00c9cosse et en Allemagne    <\/p>\n<p class=\"asset asset-text\">\u00c0 l\u2019issue de sa comparution mi-juin \u00e0 Londres, Mo Chara est reparti libre. La prochaine audience est pr\u00e9vue le 20\u00a0ao\u00fbt.<\/p>\n<p class=\"asset asset-text\">Apr\u00e8s leur prestation au c\u00e9l\u00e8bre festival Glastonbury (Royaume-Uni) fin juin, la police britannique a ouvert une enqu\u00eate sur les propos de Kneecap, qui a accus\u00e9 Isra\u00ebl d\u2019\u00eatre un \u00c9tat \u00ab\u00a0criminel de guerre\u00a0\u00bb, et sur ceux d\u2019un autre groupe.<\/p>\n<p class=\"asset asset-text\">Depuis que le rappeur a \u00e9t\u00e9 inculp\u00e9, le trio a \u00e9t\u00e9 retir\u00e9 de la programmation d\u2019une s\u00e9rie de concerts estivaux, notamment en \u00c9cosse et en Allemagne.<\/p>\n<p class=\"asset asset-text\">En France, il doit notamment se produire \u00e0 Charleville-M\u00e9zi\u00e8res (Ardennes) le 17\u00a0ao\u00fbt. Le budget de Rock en Seine est d\u2019environ 17\u00a0millions d\u2019euros, selon son directeur.<\/p>\n","protected":false},"excerpt":{"rendered":"VALERIE MACON \/ AFP L\u2019un des rappeurs du groupe nord-irlandais Kneecap est soup\u00e7onn\u00e9 d\u2019avoir brandi un drapeau du&hellip;\n","protected":false},"author":2,"featured_media":253281,"comment_status":"","ping_status":"","sticky":false,"template":"","format":"standard","meta":{"footnotes":""},"categories":[2],"tags":[11,3259,251,849,1011,27,7295,873,12,3518,36376],"class_list":{"0":"post-253280","1":"post","2":"type-post","3":"status-publish","4":"format-standard","5":"has-post-thumbnail","7":"category-actualites","8":"tag-actualites","9":"tag-conflit-israelo-palestinien","10":"tag-culture","11":"tag-festival","12":"tag-fr","13":"tag-france","14":"tag-hezbollah","15":"tag-musique","16":"tag-news","17":"tag-palestine","18":"tag-rock-en-seine"},"share_on_mastodon":{"url":"https:\/\/pubeurope.com\/@fr\/114867276677359719","error":""},"_links":{"self":[{"href":"https:\/\/www.europesays.com\/fr\/wp-json\/wp\/v2\/posts\/253280","targetHints":{"allow":["GET"]}}],"collection":[{"href":"https:\/\/www.europesays.com\/fr\/wp-json\/wp\/v2\/posts"}],"about":[{"href":"https:\/\/www.europesays.com\/fr\/wp-json\/wp\/v2\/types\/post"}],"author":[{"embeddable":true,"href":"https:\/\/www.europesays.com\/fr\/wp-json\/wp\/v2\/users\/2"}],"replies":[{"embeddable":true,"href":"https:\/\/www.europesays.com\/fr\/wp-json\/wp\/v2\/comments?post=253280"}],"version-history":[{"count":0,"href":"https:\/\/www.europesays.com\/fr\/wp-json\/wp\/v2\/posts\/253280\/revisions"}],"wp:featuredmedia":[{"embeddable":true,"href":"https:\/\/www.europesays.com\/fr\/wp-json\/wp\/v2\/media\/253281"}],"wp:attachment":[{"href":"https:\/\/www.europesays.com\/fr\/wp-json\/wp\/v2\/media?parent=253280"}],"wp:term":[{"taxonomy":"category","embeddable":true,"href":"https:\/\/www.europesays.com\/fr\/wp-json\/wp\/v2\/categories?post=253280"},{"taxonomy":"post_tag","embeddable":true,"href":"https:\/\/www.europesays.com\/fr\/wp-json\/wp\/v2\/tags?post=253280"}],"curies":[{"name":"wp","href":"https:\/\/api.w.org\/{rel}","templated":true}]}}