{"id":253306,"date":"2025-07-17T07:10:18","date_gmt":"2025-07-17T07:10:18","guid":{"rendered":"https:\/\/www.europesays.com\/fr\/253306\/"},"modified":"2025-07-17T07:10:18","modified_gmt":"2025-07-17T07:10:18","slug":"peche-en-ille-et-vilaine-poisson-emblematique-le-brochet-est-en-voie-dextinction","status":"publish","type":"post","link":"https:\/\/www.europesays.com\/fr\/253306\/","title":{"rendered":"P\u00eache en Ille-et-Vilaine\u00a0: \u00ab\u00a0Poisson embl\u00e9matique, le brochet est en voie d\u2019extinction\u00a0\u00bb"},"content":{"rendered":"<p><a href=\"https:\/\/rennes.maville.com\/actu\/actudet_-deux-freres-de-12-et-18-ans-pechent-un-brochet-d-1-10-m-et-10-5-kg-en-ille-et-vilaine-_7-6901246_actu.Htm\" rel=\"nofollow noopener\" target=\"_blank\">La p\u00eache d\u2019un brochet d\u2019une taille exceptionnelle<\/a> (1,10 m pour 10 kg) par deux adolescents lors d\u2019une soir\u00e9e de p\u00eache le 3 juillet dernier, dans un \u00e9tang \u00e0 Cesson-S\u00e9vign\u00e9, a provoqu\u00e9 l\u2019indignation d\u2019une partie de la communaut\u00e9 des p\u00eacheurs en Ille-et-Vilaine. Certains rappelant qu\u2019ils n\u2019avaient pas le droit de p\u00eacher de nuit, et qu\u2019ils auraient d\u00fb rel\u00e2cher ce sp\u00e9cimen. Qu\u2019en est-il vraiment ? On a pos\u00e9 la question \u00e0 J\u00e9r\u00e9my Grandi\u00e8re, pr\u00e9sident de la f\u00e9d\u00e9ration de p\u00eache d\u2019Ille-et-Vilaine.<\/p>\n<p>Beaucoup d\u00e9noncent une p\u00eache nocturne ill\u00e9gale, sur un sp\u00e9cimen qui aurait d\u00fb \u00eatre rel\u00e2ch\u00e9 \u00e0 l\u2019eau. Qu\u2019en pensez-vous\u00a0?<\/p>\n<p>C\u2019est vrai si cette p\u00eache avait eu lieu dans le r\u00e9seau d\u00e9partemental de p\u00eache, mais ce plan d\u2019eau n\u2019en fait pas partie. Il s\u2019agit d\u2019un plan d\u2019eau communal en eau close, la r\u00e9glementation et la police de la p\u00eache ne s\u2019y appliquent pas. Donc ce n\u2019est pas du braconnage \u00e0 proprement parler.<\/p>\n<p>Pourquoi cette p\u00eache pose tout de m\u00eame probl\u00e8me\u00a0?<\/p>\n<p>L\u00e0 o\u00f9 la p\u00eache de loisirs est encadr\u00e9e, il est effectivement interdit de p\u00eacher apr\u00e8s le coucher du soleil. La nuit, les poissons comme le brochet sont trop vuln\u00e9rables et leur p\u00eache est donc facilit\u00e9e.<\/p>\n<p>\u00c0 la f\u00e9d\u00e9ration de p\u00eache, nous n\u2019avons pas de probl\u00e8me avec le pr\u00e9l\u00e8vement des poissons lorsque l\u2019esp\u00e8ce se porte bien et en respectant les quotas. Mais il faut savoir que le brochet se porte actuellement tr\u00e8s mal. Cette esp\u00e8ce embl\u00e9matique du d\u00e9partement est d\u00e9sormais en voie d\u2019extinction.<\/p>\n<p>Ici, il s\u2019agit en l\u2019occurrence d\u2019une femelle, avec de tr\u00e8s grosses capacit\u00e9s de reproduction. Il faut donc prot\u00e9ger ces sp\u00e9cimens. C\u2019est pourquoi, sur certains plans d\u2019eau, les brochets au-dessus de 80\u00a0cm doivent obligatoirement \u00eatre remis \u00e0 l\u2019eau.<\/p>\n<p><strong>Lire aussi\u00a0: <\/strong> <a href=\"https:\/\/www.ouest-france.fr\/mer\/peche\/video-un-monstre-ces-jeunes-pecheurs-attrapent-un-brochet-de-plus-d-1-10-m-en-ille-et-vilaine-0219dd9e-6764-35b0-924b-a95e17b120c8\" rel=\"nofollow noopener\" target=\"_blank\">VID\u00c9O. \u00ab\u00a0Un monstre\u00a0\u00bb\u00a0: ces jeunes p\u00eacheurs attrapent un brochet de plus d\u20191,10\u00a0m en Ille-et-Vilaine<\/a><\/p>\n<p>Comment faire l\u00e0 o\u00f9 la r\u00e9glementation ne s\u2019applique pas\u00a0?<\/p>\n<p>On a un bouleversement de la biodiversit\u00e9. Il est grand temps que les communes s\u2019en rendent compte pour r\u00e9glementer ce qu\u2019il se passe dans les plans d\u2019eaux communaux. Afin que les r\u00e8gles soient uniformis\u00e9es partout en France.<\/p>\n<p><strong>Lire aussi\u00a0: <\/strong> <a href=\"https:\/\/rennes.maville.com\/actu\/actudet_-un-silure-de-2-55-m-peche-a-rennes-le-combat-avec-le-poisson-a-dure-plus-de-30-minutes-_7-6902122_actu.Htm\" rel=\"nofollow noopener\" target=\"_blank\">Un silure de 2,55\u00a0m p\u00each\u00e9 \u00e0 Rennes\u00a0: \u00ab\u00a0Le combat avec le poisson a dur\u00e9 plus de 30\u00a0minutes\u00a0\u00bb<\/a><\/p>\n<p>O\u00f9 se renseigner avant d\u2019aller p\u00eacher\u00a0?<\/p>\n<p>Toutes les r\u00e9glementations selon les esp\u00e8ces sont \u00e0 retrouver sur le site de la f\u00e9d\u00e9ration de p\u00eache d\u2019Ille-et-Vilaine (<a href=\"https:\/\/www.peche35.fr\/\" rel=\"nofollow noopener\" target=\"_blank\">peche35.com<\/a>). On y trouve notamment le guide pratique 2025, \u00e0 consulter avant de partir dans la nature avec sa canne \u00e0 p\u00eache.<\/p>\n<p>\u00a0<\/p>\n","protected":false},"excerpt":{"rendered":"La p\u00eache d\u2019un brochet d\u2019une taille exceptionnelle (1,10 m pour 10 kg) par deux adolescents lors d\u2019une soir\u00e9e&hellip;\n","protected":false},"author":2,"featured_media":253307,"comment_status":"","ping_status":"","sticky":false,"template":"","format":"standard","meta":{"footnotes":""},"categories":[2821],"tags":[1111,11,829,39376,33688,1777,674,30905,1011,27,848,12,4838,10711,584,25,3728,1811],"class_list":{"0":"post-253306","1":"post","2":"type-post","3":"status-publish","4":"format-standard","5":"has-post-thumbnail","7":"category-rennes","8":"tag-actu","9":"tag-actualites","10":"tag-bretagne","11":"tag-brochet","12":"tag-emblematique","13":"tag-eu","14":"tag-europe","15":"tag-extinction","16":"tag-fr","17":"tag-france","18":"tag-ille-et-vilaine","19":"tag-news","20":"tag-peche","21":"tag-poisson","22":"tag-rennes","23":"tag-republique-francaise","24":"tag-saint-malo","25":"tag-voie"},"share_on_mastodon":{"url":"https:\/\/pubeurope.com\/@fr\/114867327775227520","error":""},"_links":{"self":[{"href":"https:\/\/www.europesays.com\/fr\/wp-json\/wp\/v2\/posts\/253306","targetHints":{"allow":["GET"]}}],"collection":[{"href":"https:\/\/www.europesays.com\/fr\/wp-json\/wp\/v2\/posts"}],"about":[{"href":"https:\/\/www.europesays.com\/fr\/wp-json\/wp\/v2\/types\/post"}],"author":[{"embeddable":true,"href":"https:\/\/www.europesays.com\/fr\/wp-json\/wp\/v2\/users\/2"}],"replies":[{"embeddable":true,"href":"https:\/\/www.europesays.com\/fr\/wp-json\/wp\/v2\/comments?post=253306"}],"version-history":[{"count":0,"href":"https:\/\/www.europesays.com\/fr\/wp-json\/wp\/v2\/posts\/253306\/revisions"}],"wp:featuredmedia":[{"embeddable":true,"href":"https:\/\/www.europesays.com\/fr\/wp-json\/wp\/v2\/media\/253307"}],"wp:attachment":[{"href":"https:\/\/www.europesays.com\/fr\/wp-json\/wp\/v2\/media?parent=253306"}],"wp:term":[{"taxonomy":"category","embeddable":true,"href":"https:\/\/www.europesays.com\/fr\/wp-json\/wp\/v2\/categories?post=253306"},{"taxonomy":"post_tag","embeddable":true,"href":"https:\/\/www.europesays.com\/fr\/wp-json\/wp\/v2\/tags?post=253306"}],"curies":[{"name":"wp","href":"https:\/\/api.w.org\/{rel}","templated":true}]}}